{"id":62903,"date":"2023-08-08T14:06:29","date_gmt":"2023-08-08T11:06:29","guid":{"rendered":"https:\/\/www2.memri.org\/espanol\/?p=62903"},"modified":"2023-08-08T14:06:29","modified_gmt":"2023-08-08T11:06:29","slug":"presidente-interino-de-burkina-faso-traore-hablando-en-la-cumbre-rusia-africa-rusia-es-parte-de-la-familia-para-africa","status":"publish","type":"post","link":"https:\/\/www2.memri.org\/espanol\/presidente-interino-de-burkina-faso-traore-hablando-en-la-cumbre-rusia-africa-rusia-es-parte-de-la-familia-para-africa\/62903","title":{"rendered":"Presidente interino de Burkina Faso Traore hablando en la Cumbre Rusia-\u00c1frica: \u201cRusia es parte de la familia para \u00c1frica\u201d"},"content":{"rendered":"<p><em>La segunda Cumbre Rusia-\u00c1frica se celebr\u00f3 en San Petersburgo los d\u00edas 27 y 28 de julio de 2023. Despu\u00e9s de las sesiones plenarias, el presidente de Rusia, Vladimir Putin, y varios l\u00edderes africanos hicieron declaraciones para los medios.\u00a0Uno de los discursos m\u00e1s esperados fue el del presidente interino de Burkina Faso, Ibrahim Traore, quien gobierna su pa\u00eds desde el golpe de Estado del 30 de septiembre de 2022.<\/em><\/p>\n<p><em>En su discurso, Traore subray\u00f3 que \u201cRusia es parte de la familia para \u00c1frica\u201d.\u00a0<\/em><em> A continuaci\u00f3n<\/em><em> dijo: \u00abRusia ha sufrido muchas p\u00e9rdidas para liberar a Europa y al resto del mundo del nazismo durante la Segunda Guerra Mundial. Tambi\u00e9n tenemos la misma historia en el sentido de que somos las naciones olvidadas del mundo. Esto tiene que ver con pel\u00edculas y libros<\/em><em>.<\/em><em> El papel de \u00c1frica y Rusia en la lucha contra el nazismo se ha olvidado en su mayor parte&#8230; \u00bfQu\u00e9 pasar\u00e1 ma\u00f1ana en este nuevo mundo libre por el que luchamos, un mundo sin injerencia en nuestros asuntos internos?&#8230; Nosotros, los jefes de los estados africanos, debe<\/em><em>mos<\/em><em> dejar de <\/em><em>comportarnos<\/em><em> como marionetas listas para actuar cada vez que los imperialistas mueven los hilos\u00bb.<\/em><\/p>\n<p><img decoding=\"async\" src=\"https:\/\/www.memri.org\/sites\/default\/files\/2023\/SD10742.jpg\" \/>Presidente interino de Burkina Faso Ibrahim Traore (Fuente: Kremlin.ru)<\/p>\n<p><em>A continuaci\u00f3n<\/em><em>, <\/em><em>el discurso de Traore:\u00a0<a name=\"_ednref1\"><\/a><strong>[1]<\/strong><\/em><\/p>\n<p><strong>\u00abRusia ha sufrido muchas p\u00e9rdidas para liberar a Europa y al resto del mundo del nazismo\u00bb<\/strong><\/p>\n<p><strong>Presidente interino de Burkina Faso Ibrahim Traore:<\/strong>\u00a0\u00abSe\u00f1or presidente Vladimir Putin, se\u00f1or presidente de la Uni\u00f3n Africana, jefes de delegaci\u00f3n, buenas tardes.<\/p>\n<p>Es un gran honor para m\u00ed dirigirme hoy a ustedes y traerles el saludo fraterno de nuestros pueblos. En primer lugar, quisiera agradecer al Todopoderoso por permitirnos reunirnos aqu\u00ed y conversar sobre el bienestar futuro de nuestros pueblos.<\/p>\n<p>Tambi\u00e9n me gustar\u00eda disculparme con los mayores. Por favor, perd\u00f3nenme si les he hecho da\u00f1o de alguna manera. Mi generaci\u00f3n est\u00e1 haciendo muchas preguntas sin obtener ninguna respuesta, pero aqu\u00ed nos sentimos como en casa, en nuestra familia.<\/p>\n<p>Rusia forma parte de la familia de \u00c1frica, porque tenemos la misma historia. Rusia ha sufrido muchas p\u00e9rdidas para liberar a Europa y al resto del mundo del nazismo durante la Segunda Guerra Mundial. Tambi\u00e9n tenemos la misma historia en el sentido de que somos los naciones olvidadas del mundo. Esto tiene que ver con pel\u00edculas y libros. El papel de \u00c1frica y Rusia en la lucha contra el nazismo se ha olvidado en su mayor parte. Nos hemos reunido hoy porque necesitamos hablar sobre el futuro de nuestros pa\u00edses. \u00bfQu\u00e9 pasar\u00e1 ma\u00f1ana en ese nuevo mundo libre por el que luchamos, un mundo sin injerencia en nuestros asuntos internos? Tenemos las mismas perspectivas. Espero que esta cumbre nos brinde la oportunidad de fortalecer los lazos entre nuestras naciones.<\/p>\n<p>No puedo entender por qu\u00e9 \u00c1frica, con sus enormes recursos minerales, agua y sol, es el continente m\u00e1s pobre y donde abunda el hambre, y por qu\u00e9 tenemos que pedir ayuda. Hacemos estas preguntas, pero no obtenemos ninguna respuesta. Tenemos una oportunidad de construir un nuevo tipo de relaciones, espero que \u00e9stas nos sirvan mejor y nos permitan construir un futuro mejor para nuestros pueblos.<\/p>\n<p>Puedo decir en nombre de mi generaci\u00f3n que muchas personas, impulsadas por la pobreza, cruzan los oc\u00e9anos en busca de una vida mejor, y muchos de ellos mueren. Nuestra gente se muere de hambre y lucha por mantenerse con vida.<\/p>\n<p>En cuanto a Burkina Faso, durante los \u00faltimos ocho a\u00f1os hemos estado luchando contra la forma m\u00e1s b\u00e1rbara y cruel de colonialismo e imperialismo, que nos est\u00e1n imponiendo una forma moderna de esclavitud. Hemos aprendido una cosa muy bien: un esclavo que no puede protestar no merece m\u00e1s que pena, y su futuro es miserable. No esperamos a que nadie nos cuidara. Decidimos luchar contra los terroristas que impiden nuestro desarrollo.<\/p>\n<p>En esta lucha, nuestro valiente pueblo decidi\u00f3 tomar las armas contra el terrorismo. Nos sorprendi\u00f3 saber que los imperialistas se refieren a ellos como grupos armados o grupos militarizados, mientras llaman patriotas a las personas en Europa que toman las armas para defender su patria. Nuestros antepasados fueron deportados para salvar Europa, y esto sucedi\u00f3 en contra de su voluntad, pero cuando regresaron y trataron de hacer valer sus derechos b\u00e1sicos, enfrentaron una cruel represi\u00f3n.<\/p>\n<p>El problema no se produce cuando la gente decide tomar las armas. El problema es que los l\u00edderes de los pa\u00edses africanos no aportan nada a las personas que luchan contra el imperialismo, llam\u00e1ndonos grupos armados o criminales. No estamos de acuerdo con este enfoque. Nosotros, los jefes de los estados africanos, debemos dejar de comportarnos como marionetas listas para actuar cada vez que los imperialistas mueven los hilos.<\/p>\n<p>Ayer, el presidente Putin anunci\u00f3 env\u00edos de cereales a \u00c1frica, y nos alegramos mucho de saberlo y estamos agradecidos por esta decisi\u00f3n. Esto tambi\u00e9n env\u00eda un mensaje a los jefes de los estados africanos, porque debemos asegurarnos de que antes de venir aqu\u00ed para el pr\u00f3ximo foro, garanticemos que nuestras naciones sean autosuficientes y tengan los alimentos que necesitan. Debemos apoyarnos en la experiencia de los pa\u00edses africanos que han sido capaces de lograr este objetivo y reforzar nuestra cooperaci\u00f3n en este campo, fortaleciendo nuestras relaciones con la Federaci\u00f3n Rusa, con el fin de satisfacer las necesidades de nuestro pueblo.<\/p>\n<p>Ya casi se me acaba el tiempo, pero quisiera decir que debemos rendir homenaje a nuestras naciones que combaten y luchan. \u00a1Gloria a nuestras naciones! \u00a1Dignidad y respeto a nuestras naciones! \u00a1Victoria a nuestras naciones! o la muerte!\u00bb<\/p>\n<p><strong>\u00abLa Uni\u00f3n Sovi\u00e9tica y Rusia lideraron esta lucha por el bien de toda la humanidad\u00bb<\/strong><\/p>\n<p><strong>Vladimir Putin:<\/strong>\u00a0\u00abGracias, Sr. Traore.<\/p>\n<p>\u00abQuisiera llamar su atenci\u00f3n sobre el hecho de que mi colega acaba de mencionar el papel de Rusia en la lucha contra el nazismo. Algunos est\u00e1n tratando de olvidarse de esto y borrar esta memoria. Sin embargo, la Uni\u00f3n Sovi\u00e9tica y Rusia lideraron esta lucha por el bien de toda la humanidad, para librar al mundo entero del nazismo.<\/p>\n<p>Me gustar\u00eda se\u00f1alar que \u00c1frica tambi\u00e9n ha luchado por su independencia y contra el Apartheid, y no solo para s\u00ed mismo. De hecho, libr\u00f3 esta lucha en inter\u00e9s de toda la humanidad, porque esta lucha produce resultados que elevan las relaciones en todo el mundo a un nivel completamente nuevo. Esto significa que estos esfuerzos mejoran la situaci\u00f3n en todo el mundo. En este sentido, estoy definitivamente de acuerdo con el Sr. Traore. Las luchas que tuvo que librar la Uni\u00f3n Sovi\u00e9tica y lo que est\u00e1 sucediendo ahora con Rusia es algo muy similar a lo que experiment\u00f3 \u00c1frica mientras luchaba por lograr una independencia y libertad genuinas\u00bb.<\/p>\n<p>&nbsp;<\/p>\n<p><a name=\"_edn1\"><\/a>[1]\u00a0En.kremlin.ru\/events\/president\/news\/71826, 28 de julio de 2023.<\/p>\n<p>&nbsp;<\/p>\n","protected":false},"excerpt":{"rendered":"<p>La segunda Cumbre Rusia-\u00c1frica se celebr\u00f3 en San Petersburgo los d\u00edas 27 y 28 de julio de 2023. Despu\u00e9s de las sesiones plenarias, el presidente de Rusia, Vladimir Putin, y varios l\u00edderes africanos hicieron declaraciones para los medios.\u00a0Uno de los discursos m\u00e1s esperados fue el del presidente interino de Burkina Faso, Ibrahim Traore, quien gobierna [&hellip;]<\/p>\n","protected":false},"author":1,"featured_media":62904,"comment_status":"open","ping_status":"open","sticky":false,"template":"","format":"standard","meta":{"footnotes":""},"categories":[142,2],"tags":[],"class_list":["post-62903","post","type-post","status-publish","format-standard","has-post-thumbnail","hentry","category-boletin-especial-archivos","category-featured"],"_links":{"self":[{"href":"https:\/\/www2.memri.org\/espanol\/wp-json\/wp\/v2\/posts\/62903","targetHints":{"allow":["GET"]}}],"collection":[{"href":"https:\/\/www2.memri.org\/espanol\/wp-json\/wp\/v2\/posts"}],"about":[{"href":"https:\/\/www2.memri.org\/espanol\/wp-json\/wp\/v2\/types\/post"}],"author":[{"embeddable":true,"href":"https:\/\/www2.memri.org\/espanol\/wp-json\/wp\/v2\/users\/1"}],"replies":[{"embeddable":true,"href":"https:\/\/www2.memri.org\/espanol\/wp-json\/wp\/v2\/comments?post=62903"}],"version-history":[{"count":0,"href":"https:\/\/www2.memri.org\/espanol\/wp-json\/wp\/v2\/posts\/62903\/revisions"}],"wp:featuredmedia":[{"embeddable":true,"href":"https:\/\/www2.memri.org\/espanol\/wp-json\/wp\/v2\/media\/62904"}],"wp:attachment":[{"href":"https:\/\/www2.memri.org\/espanol\/wp-json\/wp\/v2\/media?parent=62903"}],"wp:term":[{"taxonomy":"category","embeddable":true,"href":"https:\/\/www2.memri.org\/espanol\/wp-json\/wp\/v2\/categories?post=62903"},{"taxonomy":"post_tag","embeddable":true,"href":"https:\/\/www2.memri.org\/espanol\/wp-json\/wp\/v2\/tags?post=62903"}],"curies":[{"name":"wp","href":"https:\/\/api.w.org\/{rel}","templated":true}]}}