{"id":62766,"date":"2023-06-22T08:18:02","date_gmt":"2023-06-22T05:18:02","guid":{"rendered":"https:\/\/www2.memri.org\/espanol\/?p=62766"},"modified":"2023-06-22T08:18:02","modified_gmt":"2023-06-22T05:18:02","slug":"recordando-al-investigador-senior-de-memri-dr-amiel-ungar","status":"publish","type":"post","link":"https:\/\/www2.memri.org\/espanol\/recordando-al-investigador-senior-de-memri-dr-amiel-ungar\/62766","title":{"rendered":"Recordando al investigador s\u00e9nior de MEMRI, Dr. Amiel Ungar"},"content":{"rendered":"<p>Con gran pesar en el coraz\u00f3n, MEMRI lamenta el fallecimiento, el 15 de junio de 2023, del investigador s\u00e9nior de MEMRI, Dr. Amiel Ungar, a la edad de 75 a\u00f1os. El Dr. Ungar obtuvo una licenciatura de Yeshiva College y una maestr\u00eda y un doctorado en Ciencias Pol\u00edticas de la Universidad de Columbia.<\/p>\n<p><img decoding=\"async\" src=\"https:\/\/www.memri.org\/sites\/default\/files\/2023\/06\/sa1358.png\" \/><\/p>\n<p>El Dr. Ungar ense\u00f1\u00f3 Ciencias Pol\u00edticas en la Universidad Bar-Ilan y escribi\u00f3 columnas para The Jerusalem Report y la edici\u00f3n en ingl\u00e9s de Ha&#8217;aretz. Hablaba ingl\u00e9s, ruso y hebreo con fluidez, y sab\u00eda varios idiomas m\u00e1s.<\/p>\n<p>Ser\u00e1 recordado por su agudo intelecto, su sabidur\u00eda, ingenio, humildad y franqueza, y por su bondad como mentor de muchos. Ser\u00e1 muy extra\u00f1ado por todos.<\/p>\n<p>A continuaci\u00f3n se encuentran algunos de sus notables art\u00edculos en MEMRI:<\/p>\n<p>Informe diario de MEMRI No. 358, <a href=\"https:\/\/www.memri.org\/reports\/korea-iraq-ukraine-%E2%80%93-world-affairs-words-have-consequences\">Corea, Irak, Ucrania \u2013 En los asuntos mundiales, las palabras tienen consecuencias<\/a>, 1 de febrero de 2022<\/p>\n<p>Investigaci\u00f3n y an\u00e1lisis n.\u00b0 1572, <a href=\"https:\/\/www.memri.org\/reports\/russian-commentators-debate-seriousness-crisis-ukraine-donbass-and-who-bears-responsibility\">Comentaristas rusos debaten sobre la gravedad de la crisis con Ucrania en el Donb\u00e1s y qui\u00e9n es responsable de su estallido<\/a>, 14 de abril de 2021<\/p>\n<p>Investigaci\u00f3n y an\u00e1lisis No. 1553, <a href=\"The%20Kremlin May Have Inadvertently Crowned Navalny As The Undisputed Leader Of The Opposition\">El Kremlin puede haber coronado inadvertidamente a Navalny como el l\u00edder indiscutible de la oposici\u00f3n<\/a>, 29 de enero de 2021<\/p>\n<p>Investigaci\u00f3n y an\u00e1lisis n.\u00ba 1512, <a href=\"Visions%20Of The Post-Coronavirus World \u2013 Official Russia Sides With China Against US On Coronavirus Coverup Charges, Other Russians Voices Urge Neutrality Or Even Express Hostility Towards Chinese Government\">Visiones del mundo posterior al coronavirus: la Rusia oficial se pone del lado de China contra EE. UU. por los cargos de encubrimiento del coronavirus, otras voces rusas instan a la neutralidad o incluso expresan hostilidad hacia el gobierno chino<\/a>, 19 de mayo de 2020<\/p>\n<p>Investigaci\u00f3n y An\u00e1lisis No. 1471, <a href=\"Russia%20Has No Allies\">Rusia no tiene aliados<\/a>, 3 de septiembre de 2019<\/p>\n","protected":false},"excerpt":{"rendered":"<p>Con gran pesar en el coraz\u00f3n, MEMRI lamenta el fallecimiento, el 15 de junio de 2023, del investigador s\u00e9nior de MEMRI, Dr. Amiel Ungar, a la edad de 75 a\u00f1os. El Dr. Ungar obtuvo una licenciatura de Yeshiva College y una maestr\u00eda y un doctorado en Ciencias Pol\u00edticas de la Universidad de Columbia. El Dr. [&hellip;]<\/p>\n","protected":false},"author":1,"featured_media":62767,"comment_status":"open","ping_status":"open","sticky":false,"template":"","format":"standard","meta":{"footnotes":""},"categories":[8,2],"tags":[],"class_list":["post-62766","post","type-post","status-publish","format-standard","has-post-thumbnail","hentry","category-alertas-especiales","category-featured"],"_links":{"self":[{"href":"https:\/\/www2.memri.org\/espanol\/wp-json\/wp\/v2\/posts\/62766","targetHints":{"allow":["GET"]}}],"collection":[{"href":"https:\/\/www2.memri.org\/espanol\/wp-json\/wp\/v2\/posts"}],"about":[{"href":"https:\/\/www2.memri.org\/espanol\/wp-json\/wp\/v2\/types\/post"}],"author":[{"embeddable":true,"href":"https:\/\/www2.memri.org\/espanol\/wp-json\/wp\/v2\/users\/1"}],"replies":[{"embeddable":true,"href":"https:\/\/www2.memri.org\/espanol\/wp-json\/wp\/v2\/comments?post=62766"}],"version-history":[{"count":0,"href":"https:\/\/www2.memri.org\/espanol\/wp-json\/wp\/v2\/posts\/62766\/revisions"}],"wp:featuredmedia":[{"embeddable":true,"href":"https:\/\/www2.memri.org\/espanol\/wp-json\/wp\/v2\/media\/62767"}],"wp:attachment":[{"href":"https:\/\/www2.memri.org\/espanol\/wp-json\/wp\/v2\/media?parent=62766"}],"wp:term":[{"taxonomy":"category","embeddable":true,"href":"https:\/\/www2.memri.org\/espanol\/wp-json\/wp\/v2\/categories?post=62766"},{"taxonomy":"post_tag","embeddable":true,"href":"https:\/\/www2.memri.org\/espanol\/wp-json\/wp\/v2\/tags?post=62766"}],"curies":[{"name":"wp","href":"https:\/\/api.w.org\/{rel}","templated":true}]}}