{"id":62615,"date":"2023-05-24T09:44:32","date_gmt":"2023-05-24T06:44:32","guid":{"rendered":"https:\/\/www2.memri.org\/espanol\/?p=62615"},"modified":"2023-05-24T09:44:32","modified_gmt":"2023-05-24T06:44:32","slug":"las-elecciones-turcas-reavivan-el-debate-de-los-islamistas-arabes-sobre-el-presidente-erdogan-y-la-conformidad-de-sus-politicas-y-logros-con-el-islam","status":"publish","type":"post","link":"https:\/\/www2.memri.org\/espanol\/las-elecciones-turcas-reavivan-el-debate-de-los-islamistas-arabes-sobre-el-presidente-erdogan-y-la-conformidad-de-sus-politicas-y-logros-con-el-islam\/62615","title":{"rendered":"Las elecciones turcas reavivan el debate de los islamistas \u00e1rabes sobre el presidente Erdo\u011fan y la conformidad de sus pol\u00edticas y logros con el Islam"},"content":{"rendered":"<p>Las elecciones presidenciales de mayo de 2023 en Turqu\u00eda han revivido los debates de d\u00e9cadas de antig\u00fcedad entre los islamistas sobre el presidente de Turqu\u00eda, Recep Tayyip Erdo\u011fan, y el grado en que sus pol\u00edticas y logros condicen con el Islam. Mientras docenas de personalidades y acad\u00e9micos islamistas prominentes y destacados en Turqu\u00eda y en el extranjero se han unido[1] en apoyo de Erdo\u011fan e instaron al pueblo turco a cumplir con su obligaci\u00f3n religiosa al elegirlo, otros lo acusaron de secularizar el Islam y condenaron su adhesi\u00f3n a leyes hechas por el hombre en lugar de la sharia, como as\u00ed tambi\u00e9n la conformidad de sus pol\u00edticas econ\u00f3micas con el capitalismo.<\/p>\n<p>Los islamistas \u00e1rabes pro-Erdo\u011fan expresaron sus reservas con respecto a algunas de las pol\u00edticas y relaciones de Erdo\u011fan, entre ellas su respaldo al secularismo, su relaci\u00f3n bilateral con Israel y su membres\u00eda en la OTAN, pero minimizan estos puntos, diciendo que la alternativa ser\u00eda mucho peor y tendr\u00eda un impacto negativo no solo los turcos sino tambi\u00e9n los musulmanes de todo el mundo. Este informe destacar\u00e1 las posiciones y los argumentos de los islamistas tanto a favor como en contra de Erdo\u011fan.<\/p>\n<p><img decoding=\"async\" src=\"https:\/\/www.memri.org\/sites\/default\/files\/2023\/05\/sd10624.png\" \/><\/p>\n<p>A pesar del apoyo masivo de destacados acad\u00e9micos y figuras islamistas dentro y fuera de Turqu\u00eda y sus repetidos llamamientos al pueblo turco para que votara por Erdo\u011fan, el actual presidente no consigui\u00f3 una victoria en la primera ronda sobre su principal oponente Kemal K\u0131l\u0131\u00e7daro\u011flu, quien ha sido satanizado y etiquetado como anti-Islam y anti-inmigrante. Ambos est\u00e1n listos para una segunda vuelta electoral el 28 de mayo de 2023.<\/p>\n<p>En reacci\u00f3n a eso, Mohammad Elhamy, un historiador islamista radicado en Turqu\u00eda y partidario activo de la reelecci\u00f3n de Erdo\u011fan, public\u00f3 un mensaje abierto a los islamistas que no votaron por Erdo\u011fan el 17 de mayo de 2023, en el que les recordaba el destino de los reg\u00edmenes islamistas en Egipto y Sud\u00e1n como resultado de la desuni\u00f3n entre los islamistas.<\/p>\n<p>Elhamy escribi\u00f3: \u00abEn Egipto, algunos islamistas estaban frustrados con Muhammad Morsi porque no luch\u00f3 contra la corrupci\u00f3n y no implement\u00f3 la Shar\u00eda tan pronto como esperaban y algunos de ellos estaban frustrados porque no se les ofrecieron los puestos que quer\u00edan tener y otros experimentaron injusticias que Morsi no pudo detener. Abdel Fatah Al-Sisi aprovech\u00f3 todo esto y algunos de los islamistas cre\u00edan que \u00e9l estaba m\u00e1s preocupado por el Islam y la sharia que Morsi y que ser\u00eda una falta de respeto al Islam que Morsi permaneciera en el poder. Tambi\u00e9n pensaban que deber\u00eda ser derrocado para proteger la reputaci\u00f3n del Islam, de modo tal que a la gente no le disguste el Islam. Por lo tanto, esos islamistas decidieron ponerse del lado de Al-Sisi en un momento decisivo y ahora su \u00fanica esperanza es permanecer con vida fuera de prisi\u00f3n o mantener sus cargos.<\/p>\n<p>Elhamy tambi\u00e9n les record\u00f3 lo que sucedi\u00f3 en Sud\u00e1n, diciendo: \u00abTambi\u00e9n en Sud\u00e1n, algunos de los islamistas que estaban frustrados por Omar Al-Bashir lo traicionaron. No era perfecto, pero era un hombre religioso y hab\u00eda hecho mucho para apoyar a los movimientos de resistencia en Palestina&#8230; pero esos islamistas tomaron parte en el golpe militar contra Al-Bashir, llevaron a los comunistas al poder y durante su administraci\u00f3n, los problemas de Sud\u00e1n se han multiplicado, su econom\u00eda se ha derrumbado y los niveles de corrupci\u00f3n han aumentado. Sud\u00e1n se ha convertido en un terreno para la dominaci\u00f3n extranjera, el oro del pa\u00eds fue robado por Rusia, los Emiratos \u00c1rabes Unidos y otros y, adem\u00e1s de todo eso, cerraron organizaciones ben\u00e9ficas, centros de memorizaci\u00f3n del Cor\u00e1n, facultades de la Shar\u00eda&#8230; abrieron relaciones con Israel y suspendieron instituciones que apoyan a Palestina\u00bb.<\/p>\n<p>Dirigi\u00e9ndose a los islamistas en Turqu\u00eda, Elhamy les inst\u00f3 a no exagerar los errores de Erdo\u011fan. \u00abComo todos ustedes saben muy bien, Kemal K\u0131l\u0131\u00e7daro\u011flu no es la mejor alternativa en lo que respecta a cuestiones relacionadas con la vida mundana o la religi\u00f3n\u00bb. Para aquellos que creen que \u00abla democracia es una forma de herej\u00eda y la elecci\u00f3n es una forma de polite\u00edsmo\u00bb, escribi\u00f3: \u00abIncluso los principales eruditos salafistas como Bin Baz y Bin Othaimeen han emitido fatuas seg\u00fan las cuales hasta en pa\u00edses no musulmanes los musulmanes pueden votar por candidatos cuyas pol\u00edticas hacia el Islam ser\u00edan mejores que las de otros, porque no votar en estas circunstancias ser\u00eda similar a empoderar al mal. Entonces, la falta de acci\u00f3n es una acci\u00f3n\u00bb.[2]<\/p>\n<p><img decoding=\"async\" src=\"https:\/\/www.memri.org\/sites\/default\/files\/2023\/05\/sd10624a.png\" \/><\/p>\n<p>Desde el punto de vista del im\u00e1n dan\u00e9s islamista anti-Erdo\u011fan Mundhir AbdAl\u00e1, los resultados de las elecciones \u00abpresentan una clara evidencia del fracaso estrat\u00e9gico de la direcci\u00f3n tomada por Erdo\u011fan y su partido\u00bb. En un largo tuit publicado en su cuenta de Twitter el 16 de mayo de 2023, AbdAl\u00e1 argument\u00f3 que el fracaso de Erdo\u011fan y su partido se debi\u00f3 a \u00abla falta de una identidad clara que cualquier l\u00edder pueda necesitar para realizar un cambio social radical\u00bb.<\/p>\n<p>Seg\u00fan AbdAl\u00e1, \u00abTurqu\u00eda necesita a alguien que pueda colocar al Islam puro como oponente al secularismo para destruirlo y limpiar el pa\u00eds. Para que Turqu\u00eda y otros pa\u00edses musulmanes vuelvan a su verdadera identidad, lo que traer\u00eda armon\u00eda y equilibrio y le permitir\u00eda entenderse, reconocer su fuente de fortaleza para convertirse en una gran naci\u00f3n con un mensaje divino digno de conducir y guiar a la humanidad\u00bb.<\/p>\n<p>Condenando a aquellos que creen que el Islam y el secularismo pueden coexistir, AbdAl\u00e1 los describi\u00f3 como \u00ab[personas] sin valor que no tienen futuro y les gustar\u00eda cambiar la naturaleza del Islam, lo cual es imposible\u00bb.<\/p>\n<p>Con respecto a los logros de Erdo\u011fan, AbdAl\u00e1 escribi\u00f3: \u00abLo que Erdo\u011fan ha hecho fue un intento de poner fin al conflicto entre la rep\u00fablica secular de Mustafa Kemal, que se estableci\u00f3 sobre los restos del estado isl\u00e1mico y el califato. Para reconciliar a los dos, el secularismo tuvo que renunciar a su extremismo y le dar\u00eda al islam un espacio al menos a nivel individual. A cambio, el islam renunciar\u00eda a sus principios ideol\u00f3gicos, pol\u00edticos y civilizados que se oponen al laicismo, y aceptar\u00eda una posici\u00f3n como extensi\u00f3n del mismo similar a la sumisi\u00f3n a que las iglesias de Europa fueron subyugadas.\u201d[3]<\/p>\n<p><img decoding=\"async\" src=\"https:\/\/www.memri.org\/sites\/default\/files\/2023\/05\/sd10624b.png\" \/><\/p>\n<p>El debate entre los islamistas sobre Erdo\u011fan se ha prolongado durante d\u00e9cadas y ambos grupos afirman que su posici\u00f3n se ajusta al Islam y la Sunnah del profeta Mahoma.<\/p>\n<p>Por ejemplo, el predicador islamista jordano Dr. Eyad Qunaibi argument\u00f3 en un video publicado el 12 de noviembre de 2013, titulado \u00abDiscusi\u00f3n objetiva del ejemplo turco\u00bb, que el crecimiento econ\u00f3mico logrado por Erdo\u011fan y su partido no necesariamente significar\u00eda que \u00e9l est\u00e1 en el camino correcto ideol\u00f3gicamente, ya que pa\u00edses como Alemania, Jap\u00f3n y China han logrado un crecimiento similar bajo liderazgos cristianos, budistas y ateos.<\/p>\n<p>Qunaibi minimiz\u00f3 a\u00fan m\u00e1s el apoyo de Erdo\u011fan al derecho de las mujeres a usar el hiyab al decir que \u00ablos l\u00edderes cristianos y ateos han hecho lo mismo en Europa, ya que Andaluc\u00eda, que vivi\u00f3 durante siglos bajo la Inquisici\u00f3n, es actualmente el hogar de musulmanes que practican su religi\u00f3n p\u00fablicamente, por lo que proteger algunos aspectos de la libertad religiosa no es un testimonio de estar en el camino ideol\u00f3gico correcto&#8230;\u00bb<\/p>\n<p>Seg\u00fan Qunaibi, al permitir que los musulmanes practicaran su religi\u00f3n, Erdo\u011fan se adhiri\u00f3 \u00abal laicismo puro que adopta, promueve y alienta a las naciones a implementarlo como objetivo supremo\u00bb. Qunaibi agreg\u00f3 que Erdo\u011fan \u00abdeclar\u00f3 en su discurso posterior al evento de enero en El Cairo[4] que Turqu\u00eda es un pa\u00eds que protege los derechos y es un pa\u00eds laico y democr\u00e1tico, se adhiere a los conceptos de laicismo y adopta una distancia de principios hacia todas las religiones\u00bb. Asimismo anim\u00f3 a los encargados de redactar la constituci\u00f3n en Egipto a incluir una distancia de principios hacia todas las religiones en la constituci\u00f3n.<\/p>\n<p>Resumiendo las razones detr\u00e1s de su rechazo a Erdo\u011fan, Qunaibi dijo: \u00abNuestro problema es que su metodolog\u00eda contradice el aspecto m\u00e1s b\u00e1sico de la religi\u00f3n, que es dejar la legislaci\u00f3n a Al\u00e1, y rechaza cualquier r\u00e9gimen que se base en este aspecto o que de hecho busque derrocarlo. Sus medios tambi\u00e9n est\u00e1n atados al sistema capitalista, lo que contradice el Islam\u00bb.<\/p>\n<p>Refutando el argumento de quienes creen que las libertades que protege el partido de Erdo\u011fan y la fortaleza econ\u00f3mica que ha logrado son \u00abpasos hacia el establecimiento de la religi\u00f3n de Al\u00e1\u00bb. Mi respuesta es multifac\u00e9tica. En primer lugar, se nos ordena obedecer y seguir correctamente para no buscar empoderamiento incluso por medios ileg\u00edtimos.<\/p>\n<p>Al\u00e1 dijo en el Cor\u00e1n 24:55: &#8216;Al\u00e1 ha prometido, a aquellos de vosotros que crean y hagan buenas obras, que \u00c9l, de seguro, les otorgar\u00e1 en la tierra, herencia (de poder), como \u00c9l les concedi\u00f3 a los que les precedieron, que \u00c9l establecer\u00e1 en autoridad su religi\u00f3n, la que \u00c9l ha escogido para ellos, y que \u00c9l cambiar\u00e1 (su estado), despu\u00e9s del temor en que (vivieron), a uno de seguridad y paz.'\u00bb [5]<\/p>\n<p><img decoding=\"async\" src=\"https:\/\/www.memri.org\/sites\/default\/files\/2023\/05\/sd10624c.png\" \/><\/p>\n<p>El famoso ide\u00f3logo yihadista jordano Abu Muhammad Al-Maqdisi tambi\u00e9n se encuentra entre los cl\u00e9rigos islamistas que rechazan a Erdo\u011fan, a quien considera un \u00abtirano como todos los dem\u00e1s tiranos con su secularismo decorado\u00bb.<\/p>\n<p>El 2 de julio de 2018, Al-Maqdisi emiti\u00f3 una declaraci\u00f3n en la que conden\u00f3 a los que sol\u00edan ser partidarios de Erdo\u011fan que cambiaron su posici\u00f3n sobre \u00e9l diciendo que deber\u00edan hacer m\u00e1s que simplemente condenarlo ahora, ya que jugaron un papel en la promoci\u00f3n de su agenda secularista. .<\/p>\n<p>Al-Maqdisi escribi\u00f3: \u00abAfirman que no entendemos la pol\u00edtica y que no somos lo suficientemente sabios para saber si nuestras declaraciones son apropiadas para estos tiempos. Cre\u00edan que cuando le explicamos a la gente que adherirse al monote\u00edsmo requiere distanciarse de todos los tiranos, incluidos Erdo\u011fan y su laicismo decorado, nos parecer\u00edamos a los enemigos del Islam en su ataque a Turqu\u00eda y sus esfuerzos por destruir su econom\u00eda y, al hacerlo, estar\u00edamos distorsionando la imagen del refugio y la esperanza de los sunitas\u00bb.<\/p>\n<p>Al-Maqdisi describi\u00f3 adem\u00e1s a Erdo\u011fan como \u00abun laico que se opone y no respeta el monote\u00edsmo. No apoyar\u00e1 nuestra yihad, no buscar\u00e1 implementar nuestra Shar\u00eda. No le importa elevar nuestra bandera\u00bb.<\/p>\n<p>En cuanto a la posici\u00f3n religiosa con respecto a Erdo\u011fan, Al-Maqdisi afirm\u00f3 que \u00abaquellos que creen en el monote\u00edsmo, si el monote\u00edsmo es la escala que usan para decidir, est\u00e1n obligados religiosamente a adoptar esta posici\u00f3n principalmente&#8230; no despu\u00e9s de haber sido sometidos a la presi\u00f3n de Turqu\u00eda, restringidos y designados o por oponerse a la posici\u00f3n de Turqu\u00eda en los acuerdos\u00bb.[6]<\/p>\n<p><img loading=\"lazy\" decoding=\"async\" class=\"\" src=\"https:\/\/www.memri.org\/sites\/default\/files\/2023\/05\/sd10624d.png\" width=\"622\" height=\"410\" \/><\/p>\n<p>Los acad\u00e9micos que viven en Occidente tambi\u00e9n han intervenido en el debate sobre Erdo\u011fan. Por ejemplo, el destacado erudito isl\u00e1mico estadounidense radicado en Texas, Yasir Qadhi, public\u00f3 una serie de tuits el 11 de mayo de 2023 &#8211; que fueron vistos 1,8 millones de veces- en los que reconoci\u00f3 que el respaldo de los eruditos musulmanes a Erdo\u011fan no significa respaldar sus errores. Qadhi escribi\u00f3: \u00abSoy muy consciente de las cr\u00edticas que algunos tienen en su contra\u00bb.<\/p>\n<p>Qadhi agreg\u00f3 que \u00ablos acad\u00e9micos globales, muchos de los cuales respeto mucho a nivel personal, respaldan a Erdo\u011fan, pero claramente no respaldan sus errores. M\u00e1s bien, reconocen que entre los candidatos viables y disponibles, \u00e9l representa a los mejores y tiene el mayor potencial para la Ummah. Como dije, la pol\u00edtica por su naturaleza es un asunto complicado. Tiene sentido tratar de obtener &#8216;lo mejor de lo peor&#8217; en el cargo en lugar de no hacer nada\u00bb.<\/p>\n<p>Profundizando en su argumento, Qadhi escribi\u00f3 adem\u00e1s: \u00abNo hacer nada, en el mejor de los casos, no tendr\u00e1 ning\u00fan efecto y, en el peor de los casos, permitir\u00e1 que lo realmente peor se haga cargo. En estas pr\u00f3ximas elecciones, un lado es expl\u00edcitamente religioso, respaldando valores basados en el Islam, mientras que el otro respalda expl\u00edcitamente el kemalismo secular con una historia de anti-Islam. No es ciencia espacial. Aquellos que puedan, deben hacer todo lo posible para lograr el \u00abmenor de dos males\u00bb, especialmente cuando el otro lado es expl\u00edcitamente anti-religioso. \u00ab[7]<\/p>\n<p><img loading=\"lazy\" decoding=\"async\" class=\"\" src=\"https:\/\/www.memri.org\/sites\/default\/files\/2023\/05\/sd10624e.png\" width=\"525\" height=\"599\" \/><\/p>\n<p>La organizaci\u00f3n islamista global Hizb-ut-Tahrir, que aboga por el establecimiento de un califato isl\u00e1mico, coment\u00f3 sobre las elecciones actuales en Turqu\u00eda en un art\u00edculo publicado en su peri\u00f3dico semanal Alraiah el 3 de mayo de 2023. En este texto, la organizaci\u00f3n acus\u00f3 indirectamente a Erdo\u011fan de ser \u00abenga\u00f1oso\u00bb y usar la religi\u00f3n para lograr \u201cobjetivos maliciosos como&#8230; ganar elecciones o aprobar proyectos y pol\u00edticas que contradicen el Islam o son destructivos para el Islam&#8230;\u00bb<\/p>\n<p>Caracterizando a Erdo\u011fan, Hizb-ut-Tahrir declar\u00f3 que \u00abErdo\u011fan ha enga\u00f1ado al pueblo de Siria, ha frustrado su revoluci\u00f3n, ha enga\u00f1ado al pueblo de Palestina y ha normalizado las relaciones con Israel. Todos los l\u00edderes de los pa\u00edses musulmanes son como \u00e9l, pretendiendo respetar el Islam y al mismo tiempo al mismo tiempo no lo implementan y hacen la guerra a aquellos que buscan implementarlo y establecer un estado isl\u00e1mico&#8230; un hombre devoto de su religi\u00f3n es el que es sincero con Al\u00e1, quien ha establecido su vida y su partido de acuerdo con al Islam, que ha buscado establecer el estado del Islam, y cuyos pensamientos y acciones tienen una base ideol\u00f3gica y si fuera un gobernante, usar\u00eda su ideolog\u00eda como la base del estado e implementar\u00eda sus leyes extrayendo una constituci\u00f3n de fuentes religiosas: el Cor\u00e1n y la Sunnah, y rechazar\u00eda todos los puntos de vista opuestos\u00bb.[8]<\/p>\n<p><img decoding=\"async\" src=\"https:\/\/www.memri.org\/sites\/default\/files\/2023\/05\/sd10624f.png\" \/><\/p>\n<p>Los eruditos musulmanes incluso evaluaron la fe de Erdo\u011fan y se\u00f1alaron una serie de acciones que cometi\u00f3 que lo sacar\u00edan del redil del Islam.<\/p>\n<p>El 5 de noviembre de 2016, el erudito isl\u00e1mico canadiense jeque Tariq Abdelhaleem public\u00f3 un art\u00edculo titulado \u00abErdo\u011fan entre el secularismo y el Islam\u00bb en el que enumera varias acciones cometidas por Erdo\u011fan que anulan su Islam. Seg\u00fan Abdelhaleem, las siguientes son algunas de las acciones que anularon el Islam de Erdo\u011fan: \u00abFundar un partido que se basa en el secularismo&#8230; gobierna un pa\u00eds cuya base no tiene nada que ver con el Islam&#8230; su afiliaci\u00f3n a la OTAN&#8230; buscar activamente convertirse en miembro de la Uni\u00f3n Europea&#8230; firmar acuerdos bilaterales y realizar entrenamiento militar con la entidad sionista\u00bb.[9]<\/p>\n<p><img decoding=\"async\" src=\"https:\/\/www.memri.org\/sites\/default\/files\/2023\/05\/sd10624g.png\" \/><\/p>\n<p>Abdelhaleem reiter\u00f3 estos argumentos en tuits recientes en los que conden\u00f3 a los islamistas que respaldaron a Erdo\u011fan e ignoraron sus acciones que contradicen su islam.<\/p>\n<p>El 13 de mayo de 2023, Abdelhaleem comparti\u00f3 un cartel de Al-Jazeera que mostraba a Erdo\u011fan prometiendo que legislar\u00e1 una nueva constituci\u00f3n \u00abcivil y liberal\u00bb y coment\u00f3: \u00abEsta es la persona a la que te uniste para animar a los musulmanes a apoyar y elegir. T\u00fa has emitido declaraciones e insultado a los que permanecieron en silencio. Oh, burros islamistas con todas sus asociaciones, organizaciones ben\u00e9ficas y movimientos, en el nombre de Al\u00e1, Al\u00e1 nunca los empoderar\u00e1 y seguir\u00e1n siendo las personas m\u00e1s decepcionadas del mundo\u00bb.[10] ]<\/p>\n<p><img decoding=\"async\" src=\"https:\/\/www.memri.org\/sites\/default\/files\/2023\/05\/sd10624h.png\" \/><\/p>\n<p>[1] Ver MEMRI Despachos especiales No. 10608 y 10607 Antes de las elecciones presidenciales turcas, docenas de prominentes eruditos islamistas, encabezados por el secretario general de la Uni\u00f3n Internacional de Eruditos Musulmanes (IUMS), financiada y operada por Qatar, \u2018Ali Al-Qaradaghi , apoya al presidente Erdo\u011fan, pide a los musulmanes turcos que lo reelijan, 12 de mayo de 2023. Y los islamistas \u00e1rabes respaldan a Erdo\u011fan en las pr\u00f3ximas elecciones turcas consideradas &#8216;batalla entre el Islam y la herej\u00eda&#8217;, dicen que votar por \u00e9l es una obligaci\u00f3n religiosa obligatoria, satanizan al l\u00edder de la oposici\u00f3n K\u0131l\u0131\u00e7daro\u011flu, 11 de mayo de 2023.<\/p>\n<p>[2] Threadreaderapp.com\/thread\/1658825681206140929.html, 17 de mayo de 2023.<\/p>\n<p>[3] Twitter.com\/monzerabdullah1\/status\/1658464431557181442, 16 de mayo de 2023.<\/p>\n<p>[4] Las protestas masivas en Egipto en enero de 2011 que llevaron al derrocamiento del gobierno del entonces presidente Hosni Mubarak.<\/p>\n<p>[5] Youtube.com\/watch?v=dYsCaMiiKVE, 12 de noviembre de 2013.<\/p>\n<p>[6] DawahilAl\u00e1.com\/forum\/\u099c\u09bf\u09b9\u09be\u09a6\u09bf-\u09aa\u09cd\u09b0\u0995\u09be\u09b6\u09a8\u09be\/\u09a1\u0995\u09c1\u09ae\u09c7\u09a8\u09cd\u099f\u09be\u09b0\u09bf\/11077-%E2%80%8F%E2%80%AB-%E2%80 %AB\u0645\u0624\u0633\u0633\u0629-\u0628\u064a\u0627\u0646-\u0644\u0644\u0625\u0639\u0644\u0627\u0645-\u0627\u0644\u0625\u0633\u0644\u0627\u0645\u064a-ll-\u062a\u0642\u062f\u0645-ll-\u0623\u0648\u0633\u0639\u0646\u0627\u0647\u0645 -\u0634\u062a\u0645\u0627\u064b-\u0648\u0641\u0627\u0632\u0648\u0627-\u0628\u0627\u0644\u0625\u0628\u0644-\u0627\u0644\u062a\u0628\u0635\u0631-\u0628\u0623\u0631\u062f\u0648\u063a-1, 2 de julio de 2018.<\/p>\n<p>[7] Twitter.com\/YasirQadhi\/status\/1656607061734576128, 11 de mayo de 2023.<\/p>\n<p>[8] Alraiah.net\/index.php\/policy-analysis\/item\/7761-exploiting-religion-to-win-votes, 3 de mayo de 2023.<\/p>\n<p>[9] Tariq-abdelhaleem.net\/ar\/post\/73053, 24 de noviembre de 2016.<\/p>\n<p>[10] Twitter.com\/DTAH22\/status\/1657576653298585601, 13 de mayo de 2023.<\/p>\n","protected":false},"excerpt":{"rendered":"<p>Las elecciones presidenciales de mayo de 2023 en Turqu\u00eda han revivido los debates de d\u00e9cadas de antig\u00fcedad entre los islamistas sobre el presidente de Turqu\u00eda, Recep Tayyip Erdo\u011fan, y el grado en que sus pol\u00edticas y logros condicen con el Islam. Mientras docenas de personalidades y acad\u00e9micos islamistas prominentes y destacados en Turqu\u00eda y en [&hellip;]<\/p>\n","protected":false},"author":1,"featured_media":62616,"comment_status":"open","ping_status":"open","sticky":false,"template":"","format":"standard","meta":{"footnotes":""},"categories":[142,2,28],"tags":[],"class_list":["post-62615","post","type-post","status-publish","format-standard","has-post-thumbnail","hentry","category-boletin-especial-archivos","category-featured","category-turquia"],"_links":{"self":[{"href":"https:\/\/www2.memri.org\/espanol\/wp-json\/wp\/v2\/posts\/62615","targetHints":{"allow":["GET"]}}],"collection":[{"href":"https:\/\/www2.memri.org\/espanol\/wp-json\/wp\/v2\/posts"}],"about":[{"href":"https:\/\/www2.memri.org\/espanol\/wp-json\/wp\/v2\/types\/post"}],"author":[{"embeddable":true,"href":"https:\/\/www2.memri.org\/espanol\/wp-json\/wp\/v2\/users\/1"}],"replies":[{"embeddable":true,"href":"https:\/\/www2.memri.org\/espanol\/wp-json\/wp\/v2\/comments?post=62615"}],"version-history":[{"count":0,"href":"https:\/\/www2.memri.org\/espanol\/wp-json\/wp\/v2\/posts\/62615\/revisions"}],"wp:featuredmedia":[{"embeddable":true,"href":"https:\/\/www2.memri.org\/espanol\/wp-json\/wp\/v2\/media\/62616"}],"wp:attachment":[{"href":"https:\/\/www2.memri.org\/espanol\/wp-json\/wp\/v2\/media?parent=62615"}],"wp:term":[{"taxonomy":"category","embeddable":true,"href":"https:\/\/www2.memri.org\/espanol\/wp-json\/wp\/v2\/categories?post=62615"},{"taxonomy":"post_tag","embeddable":true,"href":"https:\/\/www2.memri.org\/espanol\/wp-json\/wp\/v2\/tags?post=62615"}],"curies":[{"name":"wp","href":"https:\/\/api.w.org\/{rel}","templated":true}]}}