{"id":62370,"date":"2023-02-27T14:51:11","date_gmt":"2023-02-27T18:51:11","guid":{"rendered":"https:\/\/www2.memri.org\/espanol\/?p=62370"},"modified":"2023-02-28T15:22:12","modified_gmt":"2023-02-28T19:22:12","slug":"los-hechos-son-encauzados-por-palabras","status":"publish","type":"post","link":"https:\/\/www2.memri.org\/espanol\/los-hechos-son-encauzados-por-palabras\/62370","title":{"rendered":"Los hechos son encauzados por palabras"},"content":{"rendered":"<p>Ayer, hace 30 a\u00f1os, el 26 de febrero de 1993, fue mi \u00faltimo d\u00eda como asesor sobre la lucha contra el terrorismo de dos primeros ministros israel\u00edes, primero Yitzhak Shamir y luego Yitzhak Rabin. Era un viernes claro y fr\u00edo de invierno con cielos azules. Ese d\u00eda, di una \u00faltima sesi\u00f3n informativa en el Pent\u00e1gono a la oficina de Operaciones Especiales y Conflictos de Baja Intensidad (SOLIC). En ese momento, \u00abConflicto de Baja Intensidad\u00bb era un eufemismo de lo que m\u00e1s tarde se conocer\u00eda como actividades anti-Jihad.<\/p>\n<p><img loading=\"lazy\" decoding=\"async\" class=\"half-\" src=\"https:\/\/www.memri.org\/sites\/default\/files\/2023\/MDB461.jpg\" alt=\"\" width=\"804\" height=\"594\" \/><\/p>\n<p>Dediqu\u00e9 mi sesi\u00f3n informativa a la amenaza del fundamentalismo isl\u00e1mico. Empleando la metodolog\u00eda que unos a\u00f1os m\u00e1s tarde se convertir\u00eda en la base del Instituto de Investigaci\u00f3n de Medios de Oriente Medio (MEMRI, que ahora celebra su 25\u00b0 aniversario): cit\u00e9, fuente tras fuente, a figuras musulmanas y \u00e1rabes y l\u00edderes religiosos en varios pa\u00edses instando a sus seguidores a atacar objetivos de Estados Unidos. Por ejemplo, uno de los casos que cit\u00e9 fue una publicaci\u00f3n llamada Al-Khilafah (El Califato) publicada por la organizaci\u00f3n Al-Muhajiroun con sede en el Reino Unido, que presentaba un art\u00edculo que dec\u00eda que el capitalismo es un crimen contra el que se debe luchar.<\/p>\n<p>Mis hom\u00f3logos estadounidenses, con quienes hab\u00eda estado en contacto durante cinco a\u00f1os, me miraron con cierta incredulidad: pensaron que mi informe era exagerado. \u00bfDesde cu\u00e1ndo examinamos las palabras como causa de las acciones? Como si la historia de la Segunda Guerra Mundial no nos hubiera ense\u00f1ado nada.<\/p>\n<p>Un colega, tratando de ser cort\u00e9s, me dijo: \u00abPuede que est\u00e9s m\u00e1s al tanto porque eres de Israel\u00bb. Lo que quiso decir fue: \u00abNo confundas tu situaci\u00f3n con la nuestra; esto no se aplica aqu\u00ed en Estados Unidos\u00bb.<\/p>\n<p>Conclu\u00ed mi sesi\u00f3n informativa diciendo: \u00abEl fundamentalismo isl\u00e1mico es una amenaza inminente para lEstados Unidos hoy\u00bb. (Por \u00abhoy\u00bb, en realidad quise decir \u00aben\u00a0estos\u00a0d\u00edas\u00bb)<\/p>\n<p>Dos horas y 24 minutos m\u00e1s tarde, mientras me dirig\u00eda al Aeropuerto JFK para tomar un vuelo de regreso a Jerusal\u00e9n, islamistas radicales detonaron un cami\u00f3n bomba justo debajo de la Torre Norte del World Trade Center, el s\u00edmbolo m\u00e1s visible del capitalismo norteamericano, en lo que se conocer\u00eda como el primer atentado explosivo contra el World Trade Center.<\/p>\n<p>Desde entonces, una y otra vez la historia nos ha ense\u00f1ado, mediante ataques sangrientos motivados por el fanatismo ideol\u00f3gico, que los hechos no solo son guiados por las palabras, sino que las palabras pueden servir incluso como alertas tempranas de ataques.<\/p>\n<p>*Y. Carmon es presidente de MEMRI.<\/p>\n","protected":false},"excerpt":{"rendered":"<p>Ayer, hace 30 a\u00f1os, el 26 de febrero de 1993, fue mi \u00faltimo d\u00eda como asesor sobre la lucha contra el terrorismo de dos primeros ministros israel\u00edes, primero Yitzhak Shamir y luego Yitzhak Rabin. Era un viernes claro y fr\u00edo de invierno con cielos azules. Ese d\u00eda, di una \u00faltima sesi\u00f3n informativa en el Pent\u00e1gono [&hellip;]<\/p>\n","protected":false},"author":41,"featured_media":62371,"comment_status":"open","ping_status":"open","sticky":false,"template":"","format":"standard","meta":{"footnotes":""},"categories":[32,4,2],"tags":[],"class_list":["post-62370","post","type-post","status-publish","format-standard","has-post-thumbnail","hentry","category-reportes-diarios","category-archivos","category-featured"],"_links":{"self":[{"href":"https:\/\/www2.memri.org\/espanol\/wp-json\/wp\/v2\/posts\/62370","targetHints":{"allow":["GET"]}}],"collection":[{"href":"https:\/\/www2.memri.org\/espanol\/wp-json\/wp\/v2\/posts"}],"about":[{"href":"https:\/\/www2.memri.org\/espanol\/wp-json\/wp\/v2\/types\/post"}],"author":[{"embeddable":true,"href":"https:\/\/www2.memri.org\/espanol\/wp-json\/wp\/v2\/users\/41"}],"replies":[{"embeddable":true,"href":"https:\/\/www2.memri.org\/espanol\/wp-json\/wp\/v2\/comments?post=62370"}],"version-history":[{"count":0,"href":"https:\/\/www2.memri.org\/espanol\/wp-json\/wp\/v2\/posts\/62370\/revisions"}],"wp:featuredmedia":[{"embeddable":true,"href":"https:\/\/www2.memri.org\/espanol\/wp-json\/wp\/v2\/media\/62371"}],"wp:attachment":[{"href":"https:\/\/www2.memri.org\/espanol\/wp-json\/wp\/v2\/media?parent=62370"}],"wp:term":[{"taxonomy":"category","embeddable":true,"href":"https:\/\/www2.memri.org\/espanol\/wp-json\/wp\/v2\/categories?post=62370"},{"taxonomy":"post_tag","embeddable":true,"href":"https:\/\/www2.memri.org\/espanol\/wp-json\/wp\/v2\/tags?post=62370"}],"curies":[{"name":"wp","href":"https:\/\/api.w.org\/{rel}","templated":true}]}}