{"id":62361,"date":"2023-02-23T14:31:26","date_gmt":"2023-02-23T18:31:26","guid":{"rendered":"https:\/\/www2.memri.org\/espanol\/?p=62361"},"modified":"2023-02-27T14:39:07","modified_gmt":"2023-02-27T18:39:07","slug":"resumen-del-fin-de-semana-del-proyecto-supervision-a-la-amenaza-terrorista-y-yihad-psaty-semana-del-18-25-de-febrero-2023","status":"publish","type":"post","link":"https:\/\/www2.memri.org\/espanol\/resumen-del-fin-de-semana-del-proyecto-supervision-a-la-amenaza-terrorista-y-yihad-psaty-semana-del-18-25-de-febrero-2023\/62361","title":{"rendered":"Resumen del fin de semana del Proyecto Supervisi\u00f3n a la Amenaza Terrorista y Yihad (PSATY) &#8211; Semana del 18-25 de febrero, 2023"},"content":{"rendered":"<p><em>Lo siguiente son algunos de los informes de esta semana del Proyecto Supervisi\u00f3n a la Amenaza Terrorista y Yihad (PSATY) en MEMRI, que traduce y analiza el contenido de fuentes, las cuales son monitoreadas y supervisadas las 24 horas del d\u00eda, 7 d\u00edas a la semana, entre estos, los portales y blogs yihadistas m\u00e1s importantes. (Para ver estos informes en su totalidad, usted debe ser miembro del PSATY; para obtener informaci\u00f3n sobre el c\u00f3mo obtener membrec\u00eda, env\u00ede un correo electr\u00f3nico a la siguiente direcci\u00f3n <a href=\"mailto:jttmsubs@memri.org\">jttmsubs@memri.org<\/a> junto al texto \u00abMembership &#8211; Membrec\u00eda\u00bb en la l\u00ednea tema &#8216;asunto&#8217;).<\/em><\/p>\n<p><strong><em>Nota a los medios de comunicaci\u00f3n y del gobierno: Para obtener una copia completa de estos informes, env\u00ede un correo electr\u00f3nico con el t\u00edtulo del informe en la l\u00ednea tema &#8216;asunto&#8217; a la siguiente direcci\u00f3n: <a href=\"mailto:media@memri.org\">media@memri.org<\/a>. Por favor incluya su nombre, t\u00edtulo y organizaci\u00f3n a la que pertenece en su correo electr\u00f3nico<\/em><\/strong><em>.<\/em><\/p>\n<p><strong>EXCLUSIVO: Informe no-confirmado de la agencia de noticias afgana: El hijo de Osama bin Laden, Saad bin Laden y el miembro fundador y l\u00edder principal de Al-Qaeda en la Pen\u00ednsula Ar\u00e1biga (AQPA) Ibrahim Al-Banna viven en refugios del servicio de inteligencia de los talibanes<\/strong><\/p>\n<p><img decoding=\"async\" class=\"half-size-image\" src=\"https:\/\/www.memri.org\/sites\/default\/files\/2023\/jttmweekly022623.jpg\" alt=\"\" \/><\/p>\n<p>Seg\u00fan un informe en los medios de comunicaci\u00f3n afganos, el Afganist\u00e1n controlado por los talibanes se ha convertido en un escondite para los l\u00edderes de Al-Qaeda ya que Saad bin Laden, el tercer hijo de Osama bin Laden e Ibrahim Al-Banna, miembro fundador y l\u00edder principal de Al-Qaeda en la Pen\u00ednsula Ar\u00e1biga (AQPA), viven en Afganist\u00e1n.<\/p>\n<p><strong>EXCLUSIVO: Art\u00edculo en la edici\u00f3n No. 21 de la revista en ingl\u00e9s del EIIS-K &#8216;Voz de Joras\u00e1n&#8217; promete vengar la profanaci\u00f3n del Cor\u00e1n en Suecia y en los Pa\u00edses Bajos: &#8216;Somos los que nos vengamos de tales sinverg\u00fcenzas separando su carne de sus huesos y derramando su sangre&#8217;<\/strong><\/p>\n<p><img decoding=\"async\" class=\"half-size-image\" src=\"https:\/\/www.memri.org\/sites\/default\/files\/2023\/jttmweekly0226231.jpg\" alt=\"\" \/><\/p>\n<p>Un art\u00edculo en la \u00faltima edici\u00f3n de \u00abVoz de Joras\u00e1n\u00bb, una revista mensual en ingl\u00e9s publicada por un medio de comunicaci\u00f3n vinculado al grupo Provincia Joras\u00e1n del Estado Isl\u00e1mico (ISKP\/siglas en ingl\u00e9s) que se define como una entidad de apoyo para el EIIS, amenaza con vengar la profanaci\u00f3n del Cor\u00e1n en Suecia y en los Pa\u00edses Bajos, advirti\u00e9ndole a Europa: \u00abPronto nos vengaremos de ustedes con las palabras del Se\u00f1or de los mundos: (Esperen, nosotros tambi\u00e9n estamos esperando con ustedes)\u00bb.<\/p>\n<p><strong>EXCLUSIVO: Canal en Telegram vinculado al CGRI: La Agencia de seguridad nacional de los Estados Unidos (NSA) est\u00e1 reclutando a ling\u00fcistas que pudieran filtrar informaci\u00f3n a aquellos que notifican a los Estados Unidos<\/strong><\/p>\n<p><img decoding=\"async\" class=\"half-size-image\" src=\"https:\/\/www.memri.org\/sites\/default\/files\/2023\/jttmweekly0226232.jpg\" alt=\"\" \/><\/p>\n<p>El d\u00eda 17 de febrero del 2023, un canal vinculado al Cuerpo de la Guardia Revolucionaria Isl\u00e1mica de Ir\u00e1n (CGRI) en la app. Telegram comparti\u00f3 dos publicados que afirman que la Agencia de seguridad nacional (ASN) de los Estados Unidos busca reclutar \u00abagentes\u00bb que hablen chino, ruso y farsi con fluidez, argumentando que tal acci\u00f3n viene a mejorar sus \u00abd\u00e9biles\u00bb servicios de inteligencia.<\/p>\n<p><strong>EXCLUSIVO: Grupo iraqu\u00ed respaldado por Ir\u00e1n confirma ataque contra convoy estadounidense; alto funcionario de Al-Nujaba declara pleno apoyo a los ataques contra las fuerzas estadounidenses<\/strong><\/p>\n<p><img decoding=\"async\" class=\"half-size-image\" src=\"https:\/\/www.memri.org\/sites\/default\/files\/2023\/jttmweekly0226233.jpg\" alt=\"\" \/><\/p>\n<p>El d\u00eda 19 de febrero del 2023, una milicia iraqu\u00ed respaldada por Ir\u00e1n se responsabiliz\u00f3 por un ataque perpetrado el mismo d\u00eda contra un convoy log\u00edstico militar estadounidense en la gobernaci\u00f3n de Salah Al-Din en Irak. Seg\u00fan informes, el ataque ocurri\u00f3 a las 03:00 a.m. hora local.<\/p>\n<p><strong>EXCLUSIVO: Afiches del movimiento Al-Nujaba respaldado por Ir\u00e1n amenazan a las fuerzas estadounidenses en Irak y a la embajada estadounidense en Bagdad<\/strong><\/p>\n<p><img decoding=\"async\" class=\"half-size-image\" src=\"https:\/\/www.memri.org\/sites\/default\/files\/2023\/jttmweekly0226234.jpg\" alt=\"\" \/><\/p>\n<p>El d\u00eda 21 de febrero del 2023, un canal afiliado a una milicia respaldada por Ir\u00e1n en Irak en Telegram public\u00f3 un afiche virtual en el que amenazaba a las fuerzas y al personal estadounidenses en Irak. El afiche mostraba un enjambre de z\u00e1nganos y presentaba el texto del Cor\u00e1n 105:3, que lee: \u00abY \u00c9l envi\u00f3 contra ellos vuelos de p\u00e1jaros\u00bb.<\/p>\n<p><strong>Semanario del EIIS destaca &#8216;confirmaciones exclusivas&#8217; por ataques perpetrados en N\u00edger y Burkina Faso contra las fuerzas de seguridad y contra las milicias de Al-Qaeda<\/strong><\/p>\n<p><img decoding=\"async\" class=\"half-size-image\" src=\"https:\/\/www.memri.org\/sites\/default\/files\/2023\/jttmweekly0226235.jpg\" alt=\"\" \/><\/p>\n<p>El d\u00eda 16 de febrero del 2023, el EIIS public\u00f3 la edici\u00f3n No. 378 de su revista semanal Al-Naba&#8217;. La edici\u00f3n inform\u00f3 por primera vez sobre una serie de ataques en el Sahel: uno contra el ej\u00e9rcito de N\u00edger en febrero del a\u00f1o 2023, que result\u00f3 en la muerte de 35 soldados y tres ataques en Burkina Faso entre los meses de noviembre-diciembre del a\u00f1o 2022.<\/p>\n<p><strong>Editorial de semanario del EIIS confirma que adversarios del grupo &#8216;fracasaron terriblemente&#8217;; e insta a los musulmanes a determinar la verdad y &#8216;ejercer buen juicio al respecto&#8217;<\/strong><\/p>\n<p><img decoding=\"async\" class=\"half-size-image\" src=\"https:\/\/www.memri.org\/sites\/default\/files\/2023\/jttmweekly0226236.jpg\" alt=\"\" \/><\/p>\n<p>Un editorial publicado el d\u00eda 17 de febrero del 2023 en la edici\u00f3n No. 378 del semanario del EIIS <em>Al-Naba&#8217;<\/em>, titulado \u00abIncluso despu\u00e9s de que observaron todas nuestras se\u00f1ales\u00bb, analizan la trayectoria del EIIS en Irak y Siria, compar\u00e1ndolo con el de los mensajeros que fueron calumniados y asesinados por mostrarle a la gente todas las se\u00f1ales divinas.<\/p>\n<p><strong>Semanario del EIIS informa sobre un ataque perpetrado con artefactos explosivos improvisados contra equipo electoral al norte de Somalia y sobre una campa\u00f1a para advertirle a los lugare\u00f1os contra el ir a votar<\/strong><\/p>\n<p><img decoding=\"async\" class=\"half-size-image\" src=\"https:\/\/www.memri.org\/sites\/default\/files\/2023\/jttmweekly0226237.jpg\" alt=\"\" \/><\/p>\n<p>La edici\u00f3n No. 378 de la revista semanal del EIIS <em>Al-Naba&#8217;<\/em>, publicada el d\u00eda 16 de febrero del 2023, brinda detalles adicionales sobre dos recientes ataques perpetrados con artefactos explosivos improvisados por el grupo Provincia Somalia del Estado Isl\u00e1mico en el estado de Puntlandia, al noreste de Somalia y en la capital, Mogadiscio.<\/p>\n<p><strong>Grupo Provincia \u00c1frica Occidental del Estado Isl\u00e1mico (ISWAP) confirma explosi\u00f3n en complejo gubernamental destinado a las pr\u00f3ximas elecciones en el estado de Kogi en Nigeria<\/strong><\/p>\n<p><img decoding=\"async\" class=\"half-size-image\" src=\"https:\/\/www.memri.org\/sites\/default\/files\/2023\/jttmweekly0226238.jpg\" alt=\"\" \/><\/p>\n<p>El d\u00eda 22 de febrero del 2023, el grupo Provincia \u00c1frica Occidental del Estado Isl\u00e1mico (ISWAP\/siglas en ingl\u00e9s) afirm\u00f3 tener explosivos detonantes en una \u00absede del gobierno por las elecciones polite\u00edstas\u00bb a realizarse en el estado central de Kogi en Nigeria.<\/p>\n<p><strong>En video, el grupo Provincia \u00c1frica Occidental del Estado Isl\u00e1mico (ISWAP) condena la democracia electoral como una forma de polite\u00edsmo y amenaza a quienes intentan difundirlo<\/strong><\/p>\n<p><img decoding=\"async\" class=\"half-size-image\" src=\"https:\/\/www.memri.org\/sites\/default\/files\/2023\/jttmweekly0226239.jpg\" alt=\"\" \/><\/p>\n<p>El d\u00eda 20 de febrero del 2023 el grupo Provincia \u00c1frica Occidental del Estado Isl\u00e1mico (ISWAP\/siglas en ingl\u00e9s) public\u00f3 un video de 15 minutos de duraci\u00f3n titulado \u00abEl polite\u00edsmo es un error terrible\u00bb (una cita del Cor\u00e1n 31:13).<\/p>\n<p><strong>Art\u00edculo en la edici\u00f3n No. 21 de la revista del EIIS-K <em>&#8216;Voz de Joras\u00e1n&#8217;<\/em> acusa a los talibanes afganos de violar el sharia sobre el tema de los castigos: &#8216;Si un gobernante&#8230; le propina a un ad\u00faltero m\u00e1s de cien latigazos o a un ad\u00faltero casado cualquier castigo que no sea la lapidaci\u00f3n, entonces este se convierte en un incr\u00e9dulo en el sharia de Al\u00e1&#8217;<\/strong><\/p>\n<p><img decoding=\"async\" class=\"half-size-image\" src=\"https:\/\/www.memri.org\/sites\/default\/files\/2023\/jttmweekly02262310.jpg\" alt=\"\" \/><\/p>\n<p>El art\u00edculo de portada del \u00faltimo n\u00famero de \u00ab<em>Voz de Joras\u00e1n<\/em>\u00ab, una revista mensual en ingl\u00e9s publicada por un medio de comunicaci\u00f3n vinculado al grupo Provincia Joras\u00e1n del Estado Isl\u00e1mico (ISKP\/siglas en ingl\u00e9s) el cual se define a s\u00ed mismo como una entidad de apoyo para el EIIS, dice que los gobernantes talibanes afganos est\u00e1n fuera del manto del islam porque no se adhieren a los castigos penales <em>hudud<\/em> (\u00abl\u00edmites\u00bb) o sharia, incluyendo a ad\u00falteros, homosexuales y a otros.<\/p>\n<p><strong>Art\u00edculo principal en la edici\u00f3n No. 21 de la revista EIIS-K <em>&#8216;Voz de Joras\u00e1n&#8217;<\/em> critica a los gobiernos de los Emiratos \u00c1rabes Unidos, Catar y de Arabia Saudita y promete liberar a Jerusal\u00e9n y Meca: &#8216;Al tratar con los jud\u00edos, el khilafah cumple estrictamente con los reglamentos del yihad y del <em>qital<\/em>&#8216;<\/strong><\/p>\n<p><img decoding=\"async\" class=\"half-size-image\" src=\"https:\/\/www.memri.org\/sites\/default\/files\/2023\/jttmweekly02262311.jpg\" alt=\"\" \/><\/p>\n<p>El art\u00edculo principal del \u00faltimo n\u00famero de la revista \u00ab<em>Voz de Joras\u00e1n<\/em>\u00bb declara que los gobernantes de los Emiratos \u00c1rabes Unidos, Catar y de Arabia Saudita son unos incr\u00e9dulos, y advierte que el EIIS es la \u00ab\u00fanica fuerza capaz de liberar la mezquita Al-Aqsa y vencer al r\u00e9gimen sionista imperialista de Israel\u00bb.<\/p>\n<p><strong>La edici\u00f3n No. 21 de la revista del EIIS-K <em>&#8216;Voz de Joras\u00e1n&#8217;<\/em> declara que los gobernantes en los Emiratos \u00c1rabes Unidos, Catar y de Arabia Saudita son unos incr\u00e9dulos, amenaza a Europa con vengar la profanaci\u00f3n del Cor\u00e1n en Suecia y en los Pa\u00edses Bajos y celebra el combatir para matar<\/strong><\/p>\n<p><img decoding=\"async\" class=\"half-size-image\" src=\"https:\/\/www.memri.org\/sites\/default\/files\/2023\/jttmweekly02262312.jpg\" alt=\"\" \/><\/p>\n<p>La edici\u00f3n No. 21 de \u00ab<em>Voz de Joras\u00e1n<\/em>\u00ab, una revista mensual en ingl\u00e9s publicada por un medio de comunicaci\u00f3n vinculado al grupo Provincia Joras\u00e1n del Estado Isl\u00e1mico (ISKP\/siglas en ingl\u00e9s) que se define como una entidad de apoyo por el EIIS, amenaza a las naciones europeas diciendo que el grupo se vengar\u00e1 por la profanaci\u00f3n del Cor\u00e1n en Suecia y en los Pa\u00edses Bajos, acusa a los gobiernos de Arabia Saudita, los Emiratos \u00c1rabes Unidos y de Catar de alejar a los musulmanes del sharia, critica la represi\u00f3n de China contra los musulmanes uigures en Xinjiang y publica varios art\u00edculos que abogan por el yihad y el qital (\u00abcombatir para matar\u00bb).<\/p>\n<p><strong>La edici\u00f3n No. 17 de la revista en pashtu del EIIS-K &#8216;Khurasan Ghag&#8217; amenaza a las naciones europeas por profanar el Cor\u00e1n en Suecia y en los Pa\u00edses Bajos, insta a los musulmanes que viven en Europa a &#8216;perseguir al profanador, estrangularlo, apu\u00f1alarlo y dispararle o atropellarlo con un auto&#8217;<\/strong><\/p>\n<p><img decoding=\"async\" class=\"half-size-image\" src=\"https:\/\/www.memri.org\/sites\/default\/files\/2023\/jttmweekly02262313.jpg\" alt=\"\" \/><\/p>\n<p>En el \u00faltimo n\u00famero de la revista en pashtu \u00ab\u00bbKhurasan Ghag (<em>Voz de Joras\u00e1n<\/em>)\u00bb, la revista en pashtu publicada por un medio de comunicaci\u00f3n vinculado al grupo Provincia Joras\u00e1n del Estado Isl\u00e1mico (ISKP\/siglas en ingl\u00e9s) que se define como una entidad de apoyo para el EIIS, amenaz\u00f3 con atacar a \u00ablos incr\u00e9dulos\u00bb de todo el mundo, especialmente los europeos, por profanar el Cor\u00e1n en Suecia y en los Pa\u00edses Bajos e insta a los musulmanes que viven en Europa a \u00abperseguir al profanador, estrangularlo, apu\u00f1alarlo y dispararle o atropellarlo con un auto\u00bb.<\/p>\n<p><strong>Comando general de Al-Qaeda condena la &#8216;cruzada sionista&#8217; contra Somalia y pide apoyo para las filiales de Al-Shabab y ataques en solitario contra los intereses de las naciones que participan en la campa\u00f1a de seguridad<\/strong><\/p>\n<p><img decoding=\"async\" class=\"half-size-image\" src=\"https:\/\/www.memri.org\/sites\/default\/files\/2023\/jttmweekly02262314.jpg\" alt=\"\" \/><\/p>\n<p>El d\u00eda 21 de febrero del 2023, el Comando general de Al-Qaeda emiti\u00f3 una declaraci\u00f3n titulada \u00abDeclaraci\u00f3n sobre la \u00faltima cruzada contra los musulmanes en Somalia\u00bb, en la que conden\u00f3 la campa\u00f1a de seguridad contra el grupo Al-Shabab, filial de Al-Qaeda, diciendo que es como una nueva \u00abcruzada\u00bb y una de las \u00abinmensas conspiraciones\u00bb ideadas contra el islam y los musulmanes.<\/p>\n<p><strong>Considerando que el terremoto en Turqu\u00eda y Siria es un castigo divino, Al-Qaeda central llama a obligar a los gobernantes del Golfo a ayudar a los musulmanes oprimidos y no a emprender una guerra contra el islam; filiales en Yemen, Magreb y en el Sahel llaman a ayudar a las v\u00edctimas<\/strong><\/p>\n<p><img decoding=\"async\" class=\"half-size-image\" src=\"https:\/\/www.memri.org\/sites\/default\/files\/2023\/jttmweekly02262315.jpg\" alt=\"\" \/><\/p>\n<p>El d\u00eda 20 de febrero del presente a\u00f1o 2023, el medio de comunicaci\u00f3n oficial del Comando Central de Al-Qaeda emiti\u00f3 una declaraci\u00f3n en \u00e1rabe y en urdu titulada \u00abCondolencias, plegarias y apoyo para nuestros hermanos musulmanes en Turqu\u00eda y Siria\u00bb, abordando los terremotos masivos que azotaron el sur de Turqu\u00eda y el norte de Siria el d\u00eda 6 de febrero, que sepultaron a decenas de miles de personas.<\/p>\n<p><strong>Revista oficial de Al-Qaeda reconoce muerte del jefe de medios de comunicaci\u00f3n de Al-Qaeda luego de 3 a\u00f1os y publica un art\u00edculo de su autor\u00eda<\/strong><\/p>\n<p><img decoding=\"async\" class=\"half-size-image\" src=\"https:\/\/www.memri.org\/sites\/default\/files\/2023\/jttmweekly02262316.jpg\" alt=\"\" \/><\/p>\n<p>El d\u00eda 10 de febrero del 2023, el medio de comunicaci\u00f3n central oficial de Al-Qaeda public\u00f3 la edici\u00f3n No. 8 de su revista en \u00e1rabe.<\/p>\n<p><strong>Al-Qaeda en la Pen\u00ednsula Ar\u00e1biga (AQPA) libera a dos de sus combatientes a cambio de tres miembros del movimiento Houtie Ansar Al\u00e1<\/strong><\/p>\n<p><img decoding=\"async\" class=\"half-size-image\" src=\"https:\/\/www.memri.org\/sites\/default\/files\/2023\/jttmweekly02262317.jpg\" alt=\"\" \/><\/p>\n<p>El d\u00eda 18 de febrero del 2023, Al-Qaeda en la Pen\u00ednsula Ar\u00e1biga (AQPA) emiti\u00f3 un comunicado en el que afirmaba que dos de sus combatientes fueron liberados de las prisiones houties a cambio de un rescate y en un intercambio de prisioneros con los houties. En la declaraci\u00f3n, AQPA se comprometi\u00f3 a continuar trabajando para la liberaci\u00f3n de prisi\u00f3n de otros combatientes de AQPA.<\/p>\n<p><strong>Al-Qaeda en Yemen en la Pen\u00ednsula Ar\u00e1biga (AQPA) elogia a dos agentes asesinados en un &#8216;ataque a\u00e9reo&#8217; perpetrado por los estadounidenses<\/strong><\/p>\n<p><img decoding=\"async\" class=\"half-size-image\" src=\"https:\/\/www.memri.org\/sites\/default\/files\/2023\/jttmweekly02262318.jpg\" alt=\"\" \/><\/p>\n<p>El 15 de febrero del 2023, el brazo medi\u00e1tico de Al-Qaeda en Yemen, en la Pen\u00ednsula Ar\u00e1biga (AQPA) public\u00f3 un afiche virtual como parte de su serie \u00abM\u00e1rtires de batallas \u00e9picas\u00bb.<\/p>\n<p><strong>Filial de Al-Qaeda Al-Shabab, confirma haber asesinado a m\u00e1s de 70 miembros de las milicias pro-gobierno en un ataque perpetrado contra un edificio gubernamental en Mogadishu<\/strong><\/p>\n<p><img decoding=\"async\" class=\"half-size-image\" src=\"https:\/\/www.memri.org\/sites\/default\/files\/2023\/jttmweekly02262319.jpg\" alt=\"\" \/><\/p>\n<p>El d\u00eda 21 de febrero del 2023, el medio de comunicaci\u00f3n oficial de la filial de Al-Qaeda en Somalia Harakat Al-Shabab Al-Mujahideen (Al-Shabab) se responsabiliz\u00f3 de haber perpetrado un ataque contra un edificio del gobierno en Mogadiscio.<\/p>\n<p><strong>Grupo filial de Al-Qaeda denominado Grupo de apoyo al islam y los musulmanes (GAIM) reivindica seis ataques contra el ej\u00e9rcito maliense y contra el grupo ruso Wagner<\/strong><\/p>\n<p><img decoding=\"async\" class=\"half-size-image\" src=\"https:\/\/www.memri.org\/sites\/default\/files\/2023\/jttmweekly02262320.jpg\" alt=\"\" \/><\/p>\n<p>El 22 de febrero del 2023, el brazo medi\u00e1tico del grupo Jama&#8217;at Nusrat Al-Islam Wal-Muslimeen (Grupo de apoyo al islam y los musulmanes &#8211; GAIM), filial de Al-Qaeda, emiti\u00f3 dos declaraciones en las que se responsabilizaba por seis ataques perpetrados contra las fuerzas malienses y el grupo Wagner ruso, entre los d\u00edas 12 y 20 de febrero del 2023, en diferentes partes de Mal\u00ed.<\/p>\n<p><strong>Videos de la organizaci\u00f3n filial de Al-Qaeda Grupo para el apoyo del islam y los musulmanes (GAIM) muestran el entrenamiento de agentes y la lucha contra las fuerzas armadas en Burkina Faso; estos afirman que GAIM controla la mayor parte de Mal\u00ed y amenazan con intensificar la lucha en contra del r\u00e9gimen<\/strong><\/p>\n<p><img loading=\"lazy\" decoding=\"async\" class=\"half-\" src=\"https:\/\/www.memri.org\/sites\/default\/files\/2023\/jttmweekly02262321.jpg\" alt=\"\" width=\"875\" height=\"397\" \/><\/p>\n<p>Los d\u00edas 17 al 19 de febrero del 2023, el brazo medi\u00e1tico de la filial de Al-Qaeda en el Sahel africano Jama&#8217;at Nusrat Al-Islam Wal-Muslimeen (Grupo de apoyo al islam y los musulmanes &#8211; GAIM), public\u00f3 dos segmentos de video que muestran a sus agentes participando en actividades de entrenamiento y combate, incluyendo el allanamiento y toma de control de dos bases de las fuerzas armadas en Burkina Faso.<\/p>\n<p><strong>Vocero de las brigadas de Hezbol\u00e1 llama a llevar la batalla al territorio saudita<\/strong><\/p>\n<p><img decoding=\"async\" class=\"half-size-image\" src=\"https:\/\/www.memri.org\/sites\/default\/files\/2023\/jttmweekly02262322.jpg\" alt=\"\" \/><\/p>\n<p>El d\u00eda 18 de febrero del 2023, el vocero de las brigadas de Hezbol\u00e1 public\u00f3 una declaraci\u00f3n muy dura en su canal en la app. Telegram llamando a \u201cllevar la batalla al territorio\u201d de Arabia Saudita.<\/p>\n<p><strong>En video, el grupo Hezbol\u00e1 liban\u00e9s muestra las habilidades en batalla de sus combatientes en diferentes condiciones clim\u00e1ticas, incluyendo nieve y amenaza a Israel con ataques &#8216;horripilantes&#8217;<\/strong><\/p>\n<p><img decoding=\"async\" class=\"half-size-image\" src=\"https:\/\/www.memri.org\/sites\/default\/files\/2023\/jttmweekly02262323.jpg\" alt=\"\" \/><\/p>\n<p>El d\u00eda 17 de febrero del 2023, un canal vinculado a las milicias respaldadas por Ir\u00e1n en la app. Telegram public\u00f3 un video de diez minutos de duraci\u00f3n que mostraba a combatientes enmascarados del grupo Hezbol\u00e1 liban\u00e9s realizando ejercicios de combate en diferentes lugares y bajo diferentes condiciones clim\u00e1ticas.<\/p>\n<p><strong>Fuentes de la oposici\u00f3n siria: Bajo el amparo de convoyes de ayuda humanitaria por las v\u00edctimas del terremoto, Ir\u00e1n y las milicias a las que este apoya contrabandean armas y municiones hacia Siria<\/strong><\/p>\n<p><img decoding=\"async\" class=\"half-size-image\" src=\"https:\/\/www.memri.org\/sites\/default\/files\/2023\/jttmweekly02262324.jpg\" alt=\"\" \/><\/p>\n<p>Tras ocurrir el terremoto del d\u00eda 6 de febrero que azot\u00f3 Turqu\u00eda y el noroeste de Siria y los consiguientes esfuerzos de socorro y ayuda, fuentes de la oposici\u00f3n siria informaron que Ir\u00e1n y las milicias que este apoya en Irak y Siria est\u00e1n aprovechando las oportunidades que presentan las iniciativas de ayuda humanitaria para las v\u00edctimas de los terremotos, como cortina de humo para transferir armas y municiones desde Irak a Siria.<\/p>\n<p><strong>Tribu siria afirma que una milicia afgana respaldada por Ir\u00e1n asesin\u00f3 a 75 civiles en Homs; el r\u00e9gimen sirio culpa al EIIS<\/strong><\/p>\n<p><img decoding=\"async\" class=\"half-size-image\" src=\"https:\/\/www.memri.org\/sites\/default\/files\/2023\/jttmweekly02262325.jpg\" alt=\"\" \/><\/p>\n<p>Durante los \u00faltimos tres d\u00edas, las cuentas yihadistas en las redes sociales informaron que al menos 70 civiles fueron asesinados al este de Homs a manos de una milicia afgana respaldada por Ir\u00e1n. La tribu Banu Khalid, de la que eran miembros las v\u00edctimas, emiti\u00f3 un comunicado el d\u00eda 18 de febrero diciendo que al menos 75 civiles murieron en dicho ataque.<\/p>\n<p><strong>Medio de comunicaci\u00f3n de la oposici\u00f3n siria: El Cuerpo de la Guardia Revolucionaria Isl\u00e1mica de Ir\u00e1n (CGRI) coopera con las fuerzas del r\u00e9gimen sirio para introducir drogas de contrabando en Siria desde Irak<\/strong><\/p>\n<p><img decoding=\"async\" class=\"half-size-image\" src=\"https:\/\/www.memri.org\/sites\/default\/files\/2023\/jttmweekly02262326.jpg\" alt=\"\" \/><\/p>\n<p>El d\u00eda 20 de febrero del 2023, un portal de la oposici\u00f3n siria inform\u00f3 que el Cuerpo de la Guardia Revolucionaria Isl\u00e1mica de Ir\u00e1n (CGRI) comenz\u00f3 recientemente a emplear un nuevo enfoque para el contrabando de drogas y cigarrillos desde Irak a Siria, en coordinaci\u00f3n con las fuerzas del r\u00e9gimen sirio. Seg\u00fan el informe en el portal, estos utilizan veh\u00edculos que pertenecen a las fuerzas del r\u00e9gimen sirio para contrabandear las mercanc\u00edas y bienes desde la ciudad fronteriza de Al-Bukamal al noreste de Siria hacia el interior del territorio sirio.<\/p>\n<p><strong>Portal en urdu de los talibanes afganos conmemora el 34avo aniversario de la retirada sovi\u00e9tica de Afganist\u00e1n en 1989: \u00abLa invasi\u00f3n liderada por Estados Unidos y posteriormente su derrota demostraron que los afganos son muy sensibles a la agresi\u00f3n extranjera\u00bb<\/strong><\/p>\n<p><img decoding=\"async\" class=\"half-size-image\" src=\"https:\/\/www.memri.org\/sites\/default\/files\/2023\/jttmweekly02262327.jpg\" alt=\"\" \/><\/p>\n<p>El d\u00eda 15 de febrero del 2023, el portal en urdu del Emirato Isl\u00e1mico de Afganist\u00e1n (EIA, es decir, los talibanes afganos) public\u00f3 una declaraci\u00f3n con motivo del aniversario No. 34 de la retirada de las tropas sovi\u00e9ticas de Afganist\u00e1n. Despu\u00e9s de casi una d\u00e9cada de librar el yihad y respaldados por los Estados Unidos en Afganist\u00e1n, las fuerzas sovi\u00e9ticas se retiraron de Afganist\u00e1n el d\u00eda 15 de febrero de 1989.<\/p>\n","protected":false},"excerpt":{"rendered":"<p>Lo siguiente son algunos de los informes de esta semana del Proyecto Supervisi\u00f3n a la Amenaza Terrorista y Yihad (PSATY) en MEMRI, que traduce y analiza el contenido de fuentes, las cuales son monitoreadas y supervisadas las 24 horas del d\u00eda, 7 d\u00edas a la semana, entre estos, los portales y blogs yihadistas m\u00e1s importantes. [&hellip;]<\/p>\n","protected":false},"author":1,"featured_media":62148,"comment_status":"open","ping_status":"open","sticky":false,"template":"","format":"standard","meta":{"footnotes":""},"categories":[4,10,9,7,2],"tags":[],"class_list":["post-62361","post","type-post","status-publish","format-standard","has-post-thumbnail","hentry","category-archivos","category-estudios-sobre-terrorismo-y-yihad","category-temas","category-reportes-especiales","category-featured"],"_links":{"self":[{"href":"https:\/\/www2.memri.org\/espanol\/wp-json\/wp\/v2\/posts\/62361","targetHints":{"allow":["GET"]}}],"collection":[{"href":"https:\/\/www2.memri.org\/espanol\/wp-json\/wp\/v2\/posts"}],"about":[{"href":"https:\/\/www2.memri.org\/espanol\/wp-json\/wp\/v2\/types\/post"}],"author":[{"embeddable":true,"href":"https:\/\/www2.memri.org\/espanol\/wp-json\/wp\/v2\/users\/1"}],"replies":[{"embeddable":true,"href":"https:\/\/www2.memri.org\/espanol\/wp-json\/wp\/v2\/comments?post=62361"}],"version-history":[{"count":0,"href":"https:\/\/www2.memri.org\/espanol\/wp-json\/wp\/v2\/posts\/62361\/revisions"}],"wp:featuredmedia":[{"embeddable":true,"href":"https:\/\/www2.memri.org\/espanol\/wp-json\/wp\/v2\/media\/62148"}],"wp:attachment":[{"href":"https:\/\/www2.memri.org\/espanol\/wp-json\/wp\/v2\/media?parent=62361"}],"wp:term":[{"taxonomy":"category","embeddable":true,"href":"https:\/\/www2.memri.org\/espanol\/wp-json\/wp\/v2\/categories?post=62361"},{"taxonomy":"post_tag","embeddable":true,"href":"https:\/\/www2.memri.org\/espanol\/wp-json\/wp\/v2\/tags?post=62361"}],"curies":[{"name":"wp","href":"https:\/\/api.w.org\/{rel}","templated":true}]}}