{"id":62323,"date":"2023-02-15T13:32:53","date_gmt":"2023-02-15T17:32:53","guid":{"rendered":"https:\/\/www2.memri.org\/espanol\/?p=62323"},"modified":"2023-02-16T13:36:51","modified_gmt":"2023-02-16T17:36:51","slug":"el-hecho-que-los-palestinos-no-voten-por-la-candidatura-saudi-para-albergar-la-copa-caf-2027-provoca-reacciones-de-enojo-por-parte-de-los-saudies","status":"publish","type":"post","link":"https:\/\/www2.memri.org\/espanol\/el-hecho-que-los-palestinos-no-voten-por-la-candidatura-saudi-para-albergar-la-copa-caf-2027-provoca-reacciones-de-enojo-por-parte-de-los-saudies\/62323","title":{"rendered":"El hecho que los palestinos no voten por la candidatura saud\u00ed para albergar la Copa CAF 2027 provoca reacciones de enojo por parte de los saud\u00edes"},"content":{"rendered":"<p><em>Durante el 33avo Congreso de la Confederaci\u00f3n asi\u00e1tica de f\u00fatbol (CAF), celebrado en Bahr\u00e9in el 1 de febrero del 2023, Arabia Saudita fue elegida para albergar la Copa CAF para el a\u00f1o 2027. El reino saud\u00ed recibi\u00f3 los votos de 43 de las 45 federaciones de f\u00fatbol que pertenecen a la CAF. Las \u00fanicas dos federaciones que no votaron por los saud\u00edes fueron la de Palestina y la de Turkmenist\u00e1n, cuyos representantes no pudieron participar en la votaci\u00f3n, aparentemente por un error t\u00e9cnico.[1]<\/em><\/p>\n<p><em>Susan Al-Shalabi, vicepresidenta de la Federaci\u00f3n Palestina de F\u00fatbol y miembro del comit\u00e9 ejecutivo de la CAF, que asisti\u00f3 al congreso, aclar\u00f3 que el hecho de que los palestinos no votaran por Arabia Saudita fue un accidente. La representante palestina, explic\u00f3, estaba fuera de la sala cuando se declar\u00f3 la votaci\u00f3n. Cuando se dio cuenta de su error, el aparato de votaci\u00f3n estaba apagado y no registr\u00f3 su voto. Al-Shalabi agreg\u00f3 que despu\u00e9s del incidente se acerc\u00f3 de inmediato al presidente de la Asociaci\u00f3n saudita de f\u00fatbol Yasser Al-Mashal y le explic\u00f3 la situaci\u00f3n; adem\u00e1s, el presidente de la Federaci\u00f3n palestina de f\u00fatbol Jibril Rajoub se reuni\u00f3 con Al-Mashal y tambi\u00e9n explic\u00f3 el incidente.[2] La revista deportiva saudita Al-Riyadiah tuite\u00f3 el enlace a un video de la reuni\u00f3n entre Rajoub y Mashal, durante el cual el primero felicit\u00f3 al pueblo saud\u00ed y al rey y pr\u00edncipe heredero a la corona saudita por haber sido seleccionado para albergar los juegos y dijo: \u00abNuestro representante obviamente cometi\u00f3 un error t\u00e9cnico durante la votaci\u00f3n\u00bb. Al-Mashal estuvo de acuerdo en que hubo \u00abun error muy simple\u00bb y agreg\u00f3 que Turkmenist\u00e1n hab\u00eda dado una explicaci\u00f3n similar por no haber votado.[3]<\/em><\/p>\n<p><em>Aunque el hecho de que los palestinos no votaran por Arabia Saudita aparentemente fue el resultado de un error, los informes al respecto provocaron reacciones de enojo por parte de los saud\u00edes en las redes sociales, incluyendo a periodistas e intelectuales saud\u00edes, que criticaron a los palestinos, algunos de ellos publicando con el hashtag \u201cPalestina no es mi causa\u201d.[4] Las publicaciones acusaban a los palestinos de ser hostiles y desagradecidos hacia Arabia Saudita y algunos de los escritores afirmaron que Palestina no les interesa. Sentimientos similares fueron expresados en art\u00edculos publicados en la prensa saudita.<\/em><\/p>\n<figure style=\"width: 744px\" class=\"wp-caption alignnone\"><img loading=\"lazy\" decoding=\"async\" class=\"three-quarter-\" src=\"https:\/\/www.memri.org\/sites\/default\/files\/2023\/02\/sd10492.png\" alt=\"El presidente de la Federaci\u00f3n palestina de f\u00fatbol Jibril Rajoub votando en el congreso de la CAF (imagen: Twitter.com\/sport_ekh, 1 de febrero, 2023)\" width=\"744\" height=\"403\" \/><figcaption class=\"wp-caption-text\">El presidente de la Federaci\u00f3n palestina de f\u00fatbol Jibril Rajoub votando en el congreso de la CAF (imagen: Twitter.com\/sport_ekh, 1 de febrero, 2023)<\/figcaption><\/figure>\n<p><em>Este informe presenta algunas de las reacciones saud\u00edes en las que expresan su ira contra los palestinos.<\/em><\/p>\n<p><strong>Intelectual saudita: Los palestinos son hostiles hacia Arabia Saudita en todos los contextos<\/strong><\/p>\n<p>Luego de la votaci\u00f3n, el intelectual saud\u00ed Turki Al-Hamad, considerado cercano al pr\u00edncipe heredero a la corona saud\u00ed Muhammad bin Salman, tuite\u00f3 lo siguiente: \u00abEn casi todas sus posturas, ya sean pol\u00edticas o no-pol\u00edticas, simples o complejas, relacionadas con la causa palestina o no: los palestinos, tanto el pueblo como el liderazgo, sin excepci\u00f3n, le muestran a Arabia Saudita un feo rostro, incluso sin saber de qu\u00e9 trata la controversia en cuesti\u00f3n. Yo realmente no s\u00e9 qu\u00e9 es lo que quieren los palestinos de Arabia Saudita\u00bb.[5]<\/p>\n<p><img decoding=\"async\" class=\"half-size-image\" src=\"https:\/\/www.memri.org\/sites\/default\/files\/2023\/02\/sd10492a.jpg\" alt=\"\" \/><strong>Editor de diario saudita en la red: El voto de los palestinos no nos interesa<\/strong><\/p>\n<p>El periodista saudita &#8216;Adwan Al-Ahmari, editor del diario en la red \u00abArabia Independiente\u00bb, tuite\u00f3 lo siguiente: \u00ab\u00bfNecesitamos del voto palestino? No, no lo necesitamos. La postura de Yasser Arafat en referencia a la liberaci\u00f3n de Kuwait en la d\u00e9cada de los a\u00f1os 1990 fue estridente y parcial. Este apoy\u00f3 la invasi\u00f3n iraqu\u00ed y no conden\u00f3 el disparo de misiles de Saddam Hussein contra Arabia Saudita. La postura de los palestinos no nos interesaba en la guerra, por lo que definitivamente no nos interesa tampoco en lo referente a los deportes\u00bb.[6]<\/p>\n<p><img decoding=\"async\" class=\"half-size-image\" src=\"https:\/\/www.memri.org\/sites\/default\/files\/2023\/02\/sd10492b.jpg\" alt=\"\" \/><\/p>\n<p><strong>Intelectual e investigador saudita: Debemos cuidar nuestros propios intereses<\/strong><\/p>\n<p>El intelectual e investigador saudita &#8216;Abd Al-Hamid Al-Hakim respondi\u00f3 al tuit de Al-Ahmari: \u00abDe hecho, como la <em>qibla<\/em> pol\u00edtica y religiosa de los palestinos (literalmente la &#8216;direcci\u00f3n de los rezos'\u00bb, aqu\u00ed en el sentido de fuente de autoridad o inspiraci\u00f3n), deber\u00edamos interesarnos en tener las llaves de la causa palestina, que Israel y POTUS (es decir, el presidente de los Estos Unidos) consideran fundamental para hacer la paz en el Medio Oriente y cuando Teher\u00e1n, Ankara y el pueblo enga\u00f1ado est\u00e9n tratando de controlarlo. C\u00e1lmense y observen el problema como un pol\u00edtico pragm\u00e1tico que se da cuenta de que Jibril Rajoub miente, pero finge creerle por el bien de nuestros intereses\u00bb.[7]<\/p>\n<p><img decoding=\"async\" class=\"half-size-image\" src=\"https:\/\/www.memri.org\/sites\/default\/files\/2023\/02\/sd10492c.jpg\" alt=\"\" \/><\/p>\n<p><strong>Periodista saud\u00ed: Era de esperarse una traici\u00f3n palestina; ellos apoyan a Ir\u00e1n<\/strong><\/p>\n<p>El periodista saudita Ahmad Raba&#8217;i comparti\u00f3 un video antiguo de los habitantes de Gaza sosteniendo fotograf\u00edas del l\u00edder iran\u00ed y gritando \u00abMuerte a la familia real saudita Aal Sa&#8217;ud\u00bb y tuite\u00f3: \u00abLa traici\u00f3n palestina no es de sorprender. Son ellos los que apoyaron a los houties e Ir\u00e1n ante el reino saudita, corearon consignas anti-sauditas y levantaron pancartas de apoyo al l\u00edder houtie &#8216;Abd Al-Malik Al-Houthi y el general iran\u00ed Qassem Soleimani. As\u00ed que hoy se abstuvieron de votar en favor de Arabia Saudita para que este sea sede de la Copa Asi\u00e1tica en el 2027. #Palestina no es mi causa\u00bb.[8]<\/p>\n<p><img decoding=\"async\" class=\"half-size-image\" src=\"https:\/\/www.memri.org\/sites\/default\/files\/2023\/02\/sd10492d.jpg\" alt=\"\" \/><\/p>\n<p><strong>Periodista saudita: Esta es una prueba m\u00e1s de la ingratitud de los palestinos<\/strong><\/p>\n<p>En una columna titulada \u00abNosotros ganamos y Palestina perdi\u00f3\u00bb en el diario saudita <em>&#8216;Okaz<\/em>, el periodista Ahmad Al-Shamrani sostuvo que la abstenci\u00f3n de los palestinos durante la votaci\u00f3n demostr\u00f3 nuevamente su \u00abingratitud\u00bb hacia Arabia Saudita y mostr\u00f3 que la causa palestina est\u00e1 en manos indignas. Este escribi\u00f3 lo siguiente: \u00abNosotros ganamos y no necesitamos de sus votos&#8230; Durante mucho tiempo los hemos visto y escuchado insultar al reino saud\u00ed y nuestros l\u00edderes nos dijeron: &#8216;\u00a1Ign\u00f3renlos, ellos no representan a Palestina ni a su justa causa!&#8217; &#8216;A lo largo de los a\u00f1os, nuestros l\u00edderes apoyaron a Palestina mucho m\u00e1s que ustedes palestinos, \u00a1aunque ustedes nunca apoyaron a Arabia Saudita!<\/p>\n<p>\u201cSu fracaso en votar por nosotros nos alegr\u00f3 en lugar de enojarnos, porque demostr\u00f3 que ustedes pagan nuestras posturas de apoyo y nuestra amabilidad con ingratitud e insultos. Aquellos honorables entre nuestros hermanos en Palestina seguir\u00e1n siendo estimados por nosotros, pero siguiendo esta postura palestina, \u00a1deber\u00edan adoptar una actitud mucho m\u00e1s justa hacia nuestras posturas sobre los hijos de Mahmoud &#8216;Abbas y los sirvientes de Ham\u00e1s!&#8230; Esta postura poco sorprendente de ustedes sirvi\u00f3 a nuestras relaciones con el mundo \u00e1rabe e isl\u00e1mico, porque ahora todos entienden la verdad sobre la causa palestina, la cual es justa pero est\u00e1 en manos poco confiables\u2026\u201d[9]<\/p>\n<p><strong>Art\u00edculo en diario saudita: Los \u00e1rabes han renunciado hace tiempo a apoyar a los palestinos<\/strong><\/p>\n<p>En su columna en el diario saudita en Londres <em>Al-Sharq Al-Awsat<\/em>, Mamoun Fandy, polit\u00f3logo de la Universidad de Georgetown y director del Instituto de estrategia global de Londres escribi\u00f3 que los \u00e1rabes han llegado a ver la causa palestina desde hace mucho tiempo como una carga muy pesada y de hecho han renunciado a esta: \u201cQuien desee seguir el discurso en nuestros medios de comunicaci\u00f3n escritos y electr\u00f3nicos, incluyendo las cuentas TikTok, seguramente ha notado que ahora todos nos sentimos inc\u00f3modos con la carga del hombre \u00e1rabe (es decir, la causa palestina) y deseamos sac\u00e1rnoslo de encima. Nuestro problema no es de moral el renunciar a esta carga justificada. Es encontrar excusas por nuestro comportamiento. Inventamos cuentos que ni siquiera son dignos de ser cuentos para ni\u00f1os menores de 10 a\u00f1os. Nuestras historias son muchas y las inventamos para justificar arrojar esta carga y dejarla al costado del camino. A veces decimos que &#8216;los palestinos han traicionado a su propia causa&#8217;, entonces, \u00bfpor qu\u00e9 deber\u00edamos llevarla con nosotros y al mismo tiempo decimos que &#8216;todo es una gran mentira&#8217;, tal como dijo Saddam Hussein, de quien pens\u00e1bamos quer\u00eda liberar Jerusal\u00e9n a trav\u00e9s de Kuwait o Ir\u00e1n, que afirma que el camino a Jerusal\u00e9n pasa por Damasco, Beirut, San\u00e1 y Bagdad? Pero yo no estoy hablando de la carga del hombre iran\u00ed\u2026 sino de la carga del hombre \u00e1rabe.<\/p>\n<p>\u00abEn nuestras conversaciones y escritos de estos d\u00edas, me asombran las muchas excusas utilizadas por algunos para explicar que el \u00e1rabe lleva consigo una carga que realmente no porta&#8230; y que desea que todos no lo reprendan sino que lo aplaudan por ser lo suficientemente valiente como para declarar que ya no puede vivir soportando la carga de esta causa palestina. \u00bfCu\u00e1ndo fue que alguna vez la cargamos, que los \u00e1rabes ahora deciden no cargarla m\u00e1s consigo? Para muchos de nosotros Palestina fue una muleta en la que apoyarse y cuando nos dijeron que la descart\u00e1ramos, no dudamos ni un momento y nos deshicimos de esta\u2026 Esto requiere de una discusi\u00f3n madura y tranquila y no reprender o condenar a nadie, sino enfrentarnos a nosotros mismos en un momento de verdad\u2026\u201d[10]<\/p>\n<hr \/>\n<p>[1] The-afc.com, 1 de febrero, 2023; Al-Sharq Al-Awsat (Londres), 2 de febrero, 2023.<\/p>\n<p>[2] Arabic.cnn.com, 1 de febrero, 2023.<\/p>\n<p>[3] Twitter.com\/ariyadhiah, 1 de febrero, 2023.<\/p>\n<p>[4] En referencia a las tensiones entre Arabia Saudita y los palestinos, v\u00e9anse los siguientes informes de MEMRI:<\/p>\n<p>Serie de MEMRI Despacho Especial No. 7203 &#8211; Choque en Twitter: Saud\u00edes contra palestinos por la causa palestina y la resistencia palestina &#8211; 30 de noviembre, 2017; Serie de MEMRI investigaci\u00f3n y An\u00e1lisis No. 1364 &#8211; Tras anuncio de Trump sobre Jerusal\u00e9n, crece tensi\u00f3n entre Arabia Saudita y los palestinos, Jordania, 19 de diciembre, 2017; serie de MEMRI Investigaci\u00f3n y An\u00e1lisis No. 1398 &#8211; Cambio en la actitud de los medios de comunicaci\u00f3n saud\u00edes hacia Israel &#8211; Parte I &#8211; Escritores e intelectuales saud\u00edes: Ir\u00e1n es m\u00e1s peligroso que Israel; la paz con este es vital para repeler la amenaza iran\u00ed \u2013 29 de mayo, 2018; Serie de MEMRI Investigaci\u00f3n y An\u00e1lisis No. 1399 &#8211; Cambio en la actitud de los medios de comunicaci\u00f3n saud\u00edes hacia Israel &#8211; Parte II: Escritor saud\u00ed quien visit\u00f3 Israel: Deseamos una embajada israel\u00ed en Riad; deber\u00edamos hacer las paces con Israel, desarraigar la cultura del odio hacia los jud\u00edos \u2013 29 de mayo, 2020; serie de MEMRI Investigaci\u00f3n y An\u00e1lisis No. 1510 &#8211; Arabia Saudita y palestinos se enfrentan en Twitter por el estatus de la causa palestina y la normalizaci\u00f3n de relaciones con Israel &#8211; 5 de mayo, 2020; serie de MEMRI Despacho Especial No. 8893 &#8211; Reacciones al acuerdo de normalizaci\u00f3n de relaciones Israel-EAU: Periodista saud\u00ed s\u00e9nior lo elogia, la prensa catar\u00ed lo ataca con vehemencia \u2013 14 de agosto, 2020.<\/p>\n<p>[5] Twitter.com\/TurkiHAlhamad1, 1 de febrero, 2023.<\/p>\n<p>[6] Twitter.com\/Adhwan, 1 de febrero, 2023.<\/p>\n<p>[7] Twitter.com\/hakeem970, 2 de febrero, 2023.<\/p>\n<p>[8] Twitter.com\/ahmadalrabai, 1 de febrero, 2023.<\/p>\n<p>[9] &#8216;<em>Okaz<\/em> (Arabia Saudita), 2 de febrero, 2023.<\/p>\n<p>[10] <em>Al-Sharq Al-Awsat<\/em> (Londres), 6 de febrero, 2023.<\/p>\n","protected":false},"excerpt":{"rendered":"<p>Durante el 33avo Congreso de la Confederaci\u00f3n asi\u00e1tica de f\u00fatbol (CAF), celebrado en Bahr\u00e9in el 1 de febrero del 2023, Arabia Saudita fue elegida para albergar la Copa CAF para el a\u00f1o 2027. El reino saud\u00ed recibi\u00f3 los votos de 43 de las 45 federaciones de f\u00fatbol que pertenecen a la CAF. Las \u00fanicas dos [&hellip;]<\/p>\n","protected":false},"author":1,"featured_media":62324,"comment_status":"open","ping_status":"open","sticky":false,"template":"","format":"standard","meta":{"footnotes":""},"categories":[4,6,18,2,23,25],"tags":[],"class_list":["post-62323","post","type-post","status-publish","format-standard","has-post-thumbnail","hentry","category-archivos","category-comunicados-especiales","category-paises","category-featured","category-autoridad-palestina","category-arabia-saudita"],"_links":{"self":[{"href":"https:\/\/www2.memri.org\/espanol\/wp-json\/wp\/v2\/posts\/62323","targetHints":{"allow":["GET"]}}],"collection":[{"href":"https:\/\/www2.memri.org\/espanol\/wp-json\/wp\/v2\/posts"}],"about":[{"href":"https:\/\/www2.memri.org\/espanol\/wp-json\/wp\/v2\/types\/post"}],"author":[{"embeddable":true,"href":"https:\/\/www2.memri.org\/espanol\/wp-json\/wp\/v2\/users\/1"}],"replies":[{"embeddable":true,"href":"https:\/\/www2.memri.org\/espanol\/wp-json\/wp\/v2\/comments?post=62323"}],"version-history":[{"count":0,"href":"https:\/\/www2.memri.org\/espanol\/wp-json\/wp\/v2\/posts\/62323\/revisions"}],"wp:featuredmedia":[{"embeddable":true,"href":"https:\/\/www2.memri.org\/espanol\/wp-json\/wp\/v2\/media\/62324"}],"wp:attachment":[{"href":"https:\/\/www2.memri.org\/espanol\/wp-json\/wp\/v2\/media?parent=62323"}],"wp:term":[{"taxonomy":"category","embeddable":true,"href":"https:\/\/www2.memri.org\/espanol\/wp-json\/wp\/v2\/categories?post=62323"},{"taxonomy":"post_tag","embeddable":true,"href":"https:\/\/www2.memri.org\/espanol\/wp-json\/wp\/v2\/tags?post=62323"}],"curies":[{"name":"wp","href":"https:\/\/api.w.org\/{rel}","templated":true}]}}