{"id":62296,"date":"2023-02-10T13:54:29","date_gmt":"2023-02-10T17:54:29","guid":{"rendered":"https:\/\/www2.memri.org\/espanol\/?p=62296"},"modified":"2023-02-10T13:58:49","modified_gmt":"2023-02-10T17:58:49","slug":"advertencia-imagenes-muy-graficas-protestas-anti-regimen-en-baluchistan-iran-los-cuerpos-de-seguridad-del-regimen-abren-fuego-contra-los-manifestantes-arrestan-a-ciudadanos-y-azotan-publicamen","status":"publish","type":"post","link":"https:\/\/www2.memri.org\/espanol\/advertencia-imagenes-muy-graficas-protestas-anti-regimen-en-baluchistan-iran-los-cuerpos-de-seguridad-del-regimen-abren-fuego-contra-los-manifestantes-arrestan-a-ciudadanos-y-azotan-publicamen\/62296","title":{"rendered":"(Advertencia &#8211; im\u00e1genes muy gr\u00e1ficas): Protestas anti-r\u00e9gimen en Baluchist\u00e1n, Ir\u00e1n; los cuerpos de seguridad del r\u00e9gimen abren fuego contra los manifestantes, arrestan a ciudadanos y azotan p\u00fablicamente a un individuo"},"content":{"rendered":"<p><em>Este segmento de video es una compilaci\u00f3n de im\u00e1genes de las manifestaciones realizadas el viernes en Baluchist\u00e1n los d\u00edas 27 de enero y 3 de febrero, 2023. Los videos fueron publicados en la cuenta Twitter del periodista disidente iran\u00ed Masih Alinejad y otros medios de comunicaci\u00f3n social. En el video, se puede ver a los manifestantes coreando consignas tales como \u00abNuestras mesas est\u00e1n vac\u00edas, Jamenei es un asesino\u00bb, \u00ab\u00a1Muerte a Jamenei!\u00bb, \u00ab\u00a1Maldito seas Jomeini!\u00bb. \u00ab\u00a1Muerte a los basijis!\u00bb \u00ab\u00a1Muerte al CGRI!\u00bb \u00ab\u00a1Matar\u00e9 a quien haya asesinado a mi hermano!\u00bb \u00ab\u00a1Muerte al opresor, ya sea el shah o el l\u00edder!\u00bb<\/em><\/p>\n<p><em>El video tambi\u00e9n incluye im\u00e1genes de un auto que circula por una calle, donde se ve a varios ciudadanos arrestados, algunos empujados hacia los autos e im\u00e1genes de una manifestaci\u00f3n, donde el personal de seguridad abre fuego contra los manifestantes y se ve a las v\u00edctimas con heridas de bala siendo sacadas del \u00e1rea. Otro video incluye im\u00e1genes de un auto en marcha, en el que un hombre con las manos atadas por encima de la cabeza a un poste de luz es azotado frente a decenas de transe\u00fantes en la acera de una calle muy transitada. Uno de los videos est\u00e1 grabado por un hombre que dice encontrarse en Surjah, Baluchist\u00e1n. El individuo les dice a los transe\u00fantes de que est\u00e1n cercados y que hay m\u00e1s o menos 1600 autos del CGRI cerca del pueblo de Suraj y se puede ver un helic\u00f3ptero volando en el cielo.<\/em><\/p>\n<p><strong><em>Para ver el segmento de video de las manifestaciones contra el r\u00e9gimen en Baluchist\u00e1n, Ir\u00e1n <a href=\"https:\/\/www.memri.org\/tv\/anti-regime-demos-crackdown-baluchestan-iran-death-khamenei-curse-khomeini-open-fire-arrest-flogging\">pulse aqu\u00ed<\/a> o debajo:<\/em><\/strong><\/p>\n<p><iframe src=\"https:\/\/www.memri.org\/player\/clip\/59738\/1\/1\" width=\"960\" height=\"540\" frameborder=\"0\" scrolling=\"NO\" allowfullscreen=\"allowfullscreen\"><\/iframe><\/p>\n<p><strong>\u00ab\u00a1Nuestras mesas est\u00e1n vac\u00edas, Jamenei es un asesino! \u00a1Maldito sea Jomeini!\u00bb<\/strong><\/p>\n<p><strong>Grafiti<\/strong>: \u00abMuerte a Jamenei\u00bb<\/p>\n<p>[&#8230;]<\/p>\n<p><img decoding=\"async\" class=\"three-quarter-size-image\" src=\"https:\/\/www.memri.org\/sites\/default\/files\/2023\/02\/m101022a.jpg\" alt=\"\" \/><\/p>\n<p><strong>Manifestantes<\/strong>: \u00ab\u00a1Al\u00e1 Akbar! \u00a1Al\u00e1 Akbar!<\/p>\n<p>[&#8230;]<\/p>\n<p><img decoding=\"async\" class=\"three-quarter-size-image\" src=\"https:\/\/www.memri.org\/sites\/default\/files\/2023\/02\/m101022c.jpg\" alt=\"\" \/><\/p>\n<p><img decoding=\"async\" class=\"three-quarter-size-image\" src=\"https:\/\/www.memri.org\/sites\/default\/files\/2023\/02\/m10102222.jpg\" alt=\"\" \/><\/p>\n<p><img decoding=\"async\" class=\"three-quarter-size-image\" src=\"https:\/\/www.memri.org\/sites\/default\/files\/2023\/02\/m1010222.jpg\" alt=\"\" \/><\/p>\n<p>\u00ab\u00a1Muerte a Jamenei! \u00a1Muerte a Jameini!\u00bb<\/p>\n<p><img decoding=\"async\" class=\"three-quarter-size-image\" src=\"https:\/\/www.memri.org\/sites\/default\/files\/2023\/02\/m10102.jpg\" alt=\"\" \/><\/p>\n<p>[&#8230;]<\/p>\n<p><strong>L\u00edder del canto<\/strong>: \u00ab\u00a1Nuestras mesas est\u00e1n vac\u00edas, Jamenei es un asesino!\u00bb<\/p>\n<p><strong>Manifestantes<\/strong>: \u00ab\u00a1Nuestras mesas est\u00e1n vac\u00edas, Jamenei es un asesino!\u00bb<\/p>\n<p><img decoding=\"async\" class=\"three-quarter-size-image\" src=\"https:\/\/www.memri.org\/sites\/default\/files\/2023\/02\/m10102a.jpg\" alt=\"\" \/><strong>L\u00edder del c\u00e1ntico<\/strong>: \u00ab\u00a1Muerte a Jamenei!\u00bb<\/p>\n<p><strong>Manifestantes<\/strong>: \u00ab\u00a1Muerte a Jamenei!\u00bb<\/p>\n<p><strong>L\u00edder del c\u00e1ntico<\/strong>: \u00ab\u00a1Maldito seas Jomeini!\u00bb<\/p>\n<p><strong>Manifestantes<\/strong>: \u00ab\u00a1Maldito seas Jomeini!\u00bb<\/p>\n<p><img decoding=\"async\" class=\"three-quarter-size-image\" src=\"https:\/\/www.memri.org\/sites\/default\/files\/2023\/02\/m10102b.jpg\" alt=\"\" \/><\/p>\n<p><strong>L\u00edder del c\u00e1ntico<\/strong>: \u00ab\u00a1Muerte a los basijis!\u00bb<\/p>\n<p><strong>Manifestante<\/strong>s: \u00ab\u00a1Muerte a los basijis!\u00bb<\/p>\n<p><img decoding=\"async\" src=\"https:\/\/www.memri.org\/sites\/default\/files\/2023\/02\/m10102c.jpg\" \/><\/p>\n<p><strong>L\u00edder del c\u00e1ntico<\/strong>: \u00ab\u00a1Muerte al CGRI!\u00bb<\/p>\n<p><strong>Manifestantes<\/strong>: \u00ab\u00a1Muerte al CGRI!\u00bb<\/p>\n<p><img decoding=\"async\" class=\"three-quarter-size-image\" src=\"https:\/\/www.memri.org\/sites\/default\/files\/2023\/02\/m10102d.jpg\" alt=\"\" \/><\/p>\n<p>[&#8230;]<\/p>\n<p><strong>Surjah en Baluchist\u00e1n \u00abest\u00e1 totalmente bajo acoso desde todos los costados&#8230; las fuerzas del CGRI est\u00e1n arrestando a todos en el lugar sin excepci\u00f3n alguna\u00bb<\/strong><\/p>\n<p><strong>Individuo<\/strong>: \u00abHola amigos, soy Surjah en Baluchist\u00e1n. El lugar est\u00e1 totalmente asediado desde todas direcciones. Ellos creen que pueden encontrar algo aqu\u00ed. Hay cerca de 1600 autos del GGRI en las cercan\u00edas de la aldea de Surjah. Est\u00e1n arrestando todos en el lugar sin excepci\u00f3n. Est\u00e1 sitiada por los cuatro costados\u00bb.<\/p>\n<p>[&#8230;]<\/p>\n<p><strong>L\u00edder del cantico<\/strong>: \u00ab\u00a1Muerte a Jamenei!\u00bb<\/p>\n<p><strong>Manifestantes<\/strong>: \u00ab\u00a1Muerte a Jamenei!\u00bb<\/p>\n<p><img decoding=\"async\" class=\"three-quarter-size-image\" src=\"https:\/\/www.memri.org\/sites\/default\/files\/2023\/02\/m10102e.jpg\" alt=\"\" \/><\/p>\n<p><strong>L\u00edder del c\u00e1ntico<\/strong>: \u00ab\u00a1 Jamenei sinverg\u00fcenza, felicidades por tu <em>fajr<\/em> (celebraci\u00f3n de la Revoluci\u00f3n Isl\u00e1mica)!\u00bb<\/p>\n<p><img decoding=\"async\" class=\"three-quarter-size-image\" src=\"https:\/\/www.memri.org\/sites\/default\/files\/2023\/02\/m10102f.jpg\" alt=\"\" \/><\/p>\n<p><strong>Manifestantes<\/strong>: \u00ab\u00a1Jamenei sinverg\u00fcenza, felicidades por tu <em>fajr<\/em>!\u00bb<\/p>\n<p><img decoding=\"async\" class=\"three-quarter-size-image\" src=\"https:\/\/www.memri.org\/sites\/default\/files\/2023\/02\/m10102g_0.jpg\" alt=\"\" \/><\/p>\n","protected":false},"excerpt":{"rendered":"<p>Este segmento de video es una compilaci\u00f3n de im\u00e1genes de las manifestaciones realizadas el viernes en Baluchist\u00e1n los d\u00edas 27 de enero y 3 de febrero, 2023. Los videos fueron publicados en la cuenta Twitter del periodista disidente iran\u00ed Masih Alinejad y otros medios de comunicaci\u00f3n social. En el video, se puede ver a los [&hellip;]<\/p>\n","protected":false},"author":1,"featured_media":62297,"comment_status":"open","ping_status":"open","sticky":false,"template":"","format":"standard","meta":{"footnotes":""},"categories":[4,6,20,18,2],"tags":[],"class_list":["post-62296","post","type-post","status-publish","format-standard","has-post-thumbnail","hentry","category-archivos","category-comunicados-especiales","category-iran","category-paises","category-featured"],"_links":{"self":[{"href":"https:\/\/www2.memri.org\/espanol\/wp-json\/wp\/v2\/posts\/62296","targetHints":{"allow":["GET"]}}],"collection":[{"href":"https:\/\/www2.memri.org\/espanol\/wp-json\/wp\/v2\/posts"}],"about":[{"href":"https:\/\/www2.memri.org\/espanol\/wp-json\/wp\/v2\/types\/post"}],"author":[{"embeddable":true,"href":"https:\/\/www2.memri.org\/espanol\/wp-json\/wp\/v2\/users\/1"}],"replies":[{"embeddable":true,"href":"https:\/\/www2.memri.org\/espanol\/wp-json\/wp\/v2\/comments?post=62296"}],"version-history":[{"count":0,"href":"https:\/\/www2.memri.org\/espanol\/wp-json\/wp\/v2\/posts\/62296\/revisions"}],"wp:featuredmedia":[{"embeddable":true,"href":"https:\/\/www2.memri.org\/espanol\/wp-json\/wp\/v2\/media\/62297"}],"wp:attachment":[{"href":"https:\/\/www2.memri.org\/espanol\/wp-json\/wp\/v2\/media?parent=62296"}],"wp:term":[{"taxonomy":"category","embeddable":true,"href":"https:\/\/www2.memri.org\/espanol\/wp-json\/wp\/v2\/categories?post=62296"},{"taxonomy":"post_tag","embeddable":true,"href":"https:\/\/www2.memri.org\/espanol\/wp-json\/wp\/v2\/tags?post=62296"}],"curies":[{"name":"wp","href":"https:\/\/api.w.org\/{rel}","templated":true}]}}