{"id":62266,"date":"2023-02-02T13:39:46","date_gmt":"2023-02-02T17:39:46","guid":{"rendered":"https:\/\/www2.memri.org\/espanol\/?p=62266"},"modified":"2023-02-03T13:45:27","modified_gmt":"2023-02-03T17:45:27","slug":"grupos-chiitas-en-india-conmemoran-tercer-aniversario-del-martirio-del-comandante-de-las-fuerzas-qods-del-gcri-soleimani-academico-chiita-culpa-la-epidemia-del-coronavirus-al-asesinato-de-soleima","status":"publish","type":"post","link":"https:\/\/www2.memri.org\/espanol\/grupos-chiitas-en-india-conmemoran-tercer-aniversario-del-martirio-del-comandante-de-las-fuerzas-qods-del-gcri-soleimani-academico-chiita-culpa-la-epidemia-del-coronavirus-al-asesinato-de-soleima\/62266","title":{"rendered":"Grupos chiitas en India conmemoran tercer aniversario del &#8216;martirio&#8217; del comandante de las Fuerzas Qods del GCRI Soleimani, acad\u00e9mico chiita culpa la epidemia del coronavirus al asesinato de Soleimani perpetrado por los Estados Unidos"},"content":{"rendered":"<p><em>El d\u00eda 3 de enero del presente a\u00f1o 2023, l\u00edderes de la comunidad chiita en ciudades de India, especialmente Mumbai, organizaron varios eventos para conmemorar el tercer aniversario del \u00abmartirio\u00bb del general Qassem Soleimani, comandante de las Fuerzas Qods del Cuerpo de la Guardia Revolucionaria Isl\u00e1mica de Ir\u00e1n (CGRI), quien muri\u00f3 en un ataque perpetrado con drones estadounidenses en Bagdad el d\u00eda 3 de enero del 2020.<\/em><\/p>\n<p><em>Seg\u00fan un informe distribuido y publicado por la agencia de noticias iran\u00ed Tasnim, en uno de los eventos celebrados en la mezquita iran\u00ed en el \u00e1rea de Dongri en Mumbai el l\u00edder religioso chiita maulana Seyyed Qazi Askari pronunci\u00f3 un discurso en honor al general Soleimani y al comandante iraqu\u00ed de las Unidades de Movilizaci\u00f3n Popular (UMP) Abu Mahdi Al Muhandis.<\/em><\/p>\n<p><em>Maulana Askari, acusando a Occidente de apoyar al Estado Isl\u00e1mico (EIIS), dijo lo siguiente: \u00abLos inquebrantables esfuerzos del general Soleimani resultaron en la aniquilaci\u00f3n de Daesh (el EIIS). Las diab\u00f3licas ambiciones (de sus adversarios) por construir un &#8216;estado isl\u00e1mico&#8217; falso se cumplieron con la estrategia de resistencia propuesta por el general Soleimani, que ayud\u00f3 a la regi\u00f3n a deshacerse de su presencia maliciosa\u00bb.<\/em>[1]<\/p>\n<p><figure style=\"width: 626px\" class=\"wp-caption alignnone\"><img loading=\"lazy\" decoding=\"async\" class=\"half-size-image\" src=\"https:\/\/www.memri.org\/sites\/default\/files\/2023\/02\/sd10460.jpg\" alt=\"Maulana Seyyed Qazi Askari dijo en un evento en Mumbai: &quot;La valent\u00eda del general Qassem Soleimani es ejemplar e incomparable&quot;, seg\u00fan un informe publicado en el diario urdu Roznama Sahafat.[2]\" width=\"626\" height=\"391\" \/><figcaption class=\"wp-caption-text\">Maulana Seyyed Qazi Askari dijo en un evento en Mumbai: \u00abLa valent\u00eda del general Qassem Soleimani es ejemplar e incomparable\u00bb, seg\u00fan un informe publicado en el diario urdu Roznama Sahafat.[2]<\/figcaption><\/figure>En los d\u00edas posteriores al asesinato de Soleimani ocurrido en el a\u00f1o 2020, grupos chiitas realizaron grandes protestas en India. En enero del a\u00f1o 2023, los grupos chiitas organizaron eventos conmemorativos en varios lugares de Mumbai, en particular en el Palacio Zaib en Yari Road, Shia Qabrastan en Mira Road y en la mezquita iran\u00ed en Dongri.[3] Algunos de los actos conmemorativos fueron organizados el d\u00eda 31 de diciembre, 2022 y otros el 1 de enero del 2023.<\/p>\n<p>En un art\u00edculo de opini\u00f3n publicado en el portal de Hezbol\u00e1 Al-Manar, el escritor chiita en Mumbai Sayed Mahdi Rizvi, escribi\u00f3 lo siguiente: \u00abLa valent\u00eda del general Suleimani sigue siendo inigualable y no tiene rival. Todav\u00eda existen algunas preguntas que el mundo a\u00fan necesita responder. \u00bfQui\u00e9n se benefici\u00f3 por su asesinato? \u00bfQui\u00e9n deseaba que se marche? Es solo Daesh (es decir, el EIIS) quien deseaba que se marche\u00bb.[4] Este agreg\u00f3: \u00abSin embargo, Daesh hab\u00eda sido herido tan brutalmente que a\u00fan no ha podido reagruparse. El general Suleimani, junto al jefe militar iraqu\u00ed Abu Mahdi Muhandis, aseguraron que la paz retornara a la regi\u00f3n\u00bb.[5]<\/p>\n<p>\u201cMientras el mundo entero celebra el A\u00f1o Nuevo, millones de personas en Ir\u00e1n, Irak y Siria lloran el martirio de un hombre que les dio una nueva vida. Una vida sin temor a Daesh\u201d, este dijo y agreg\u00f3 lo siguiente: \u201cLos inquebrantables esfuerzos del general Suleimani aseguraron que Daesh fuese borrado de la faz de la tierra. Sus malvados planes para instalar un falso &#8216;estado isl\u00e1mico&#8217; se toparon con la resistencia y la estrategia del general Soleimani, quien ayud\u00f3 a la regi\u00f3n a deshacerse de su presencia\u00bb.[6]<\/p>\n<figure style=\"width: 768px\" class=\"wp-caption alignnone\"><img loading=\"lazy\" decoding=\"async\" class=\"half-\" src=\"https:\/\/www.memri.org\/sites\/default\/files\/2023\/02\/sd10460a.jpg\" alt=\"Un evento para conmemorar el asesinato del general Qassem Soleimani en la mezquita iran\u00ed en el \u00e1rea de Dongri en Mumbai el 3 de enero, 2023.\" width=\"768\" height=\"535\" \/><figcaption class=\"wp-caption-text\">Un evento para conmemorar el asesinato del general Qassem Soleimani en la mezquita iran\u00ed en el \u00e1rea de Dongri en Mumbai el 3 de enero, 2023.<\/figcaption><\/figure>\n<p>El d\u00eda 3 de enero, 2023 <em>Roznama Sahafat<\/em>, un diario en urdu que atiende y sirve a las comunidades chiitas en Lucknow, Mumbai y otras regiones, public\u00f3 un art\u00edculo del estudioso religioso chiita hind\u00fa maulana Syed Ghafir Rizvi Falak Chholasvi quien observ\u00f3: \u00abAl convertirse en m\u00e1rtir y separar su cuerpo de sus manos, Qassem Soleimani demostr\u00f3 que cuando nos convertimos en m\u00e1rtires, no morimos, sino que nos volvemos calificados para la vida eterna. Si uno desea eliminar a un Qassem Soleimani hoy, entonces puede lograrlo en su intenci\u00f3n en el nivel aparente, pero las consecuencias ser\u00e1n que despu\u00e9s de que un Qassem Soleimani se marche, \u00a1uno no sabe cu\u00e1ntos Qassem Soleimani m\u00e1s saldr\u00e1n!\u201d[7]<\/p>\n<p>En un art\u00edculo titulado \u00abLos eventos que surgen tras el martirio de Qassem Soleimani\u00bb, el autor cuestion\u00f3 la moral del asesinato de Soleimani cometido por los Estados Unidos: \u00abSe considerar\u00eda valent\u00eda si ambas partes est\u00e1n cara a cara y se produce un ataque de ambas partes. Martirizar a alguien a trav\u00e9s de una bomba no es valent\u00eda, ni tiene relaci\u00f3n alguna con el islam. Porque el islam no llama a atacar a personas desarmadas ni tampoco ense\u00f1a a matar a trav\u00e9s del enga\u00f1o&#8230;\u00bb[8]<\/p>\n<p>Maulana Syed Ghafir Rizvi Falak Chholasvi escribi\u00f3 lo siguiente: \u00abEl ej\u00e9rcito de Daesh consider\u00f3 que Qassem Soleimani y su amigo cercano Abu Mahdi Al-Muhandis eran espinas en su camino. Esta fue la raz\u00f3n por la que siempre trat\u00f3 de encontrar a Qassem Soleimani desarmado y solo para poder eliminarlo. Es decir, el enemigo no tuvo la fuerza y el coraje para enfrentar a un le\u00f3n como Qassem Soleimani. Por eso se llev\u00f3 a cabo un ataque cobarde\u00bb.[9] Este agreg\u00f3: \u00abTambi\u00e9n es algo a tener en cuenta de que si Qassem Soleimani estuviese frente a nuestros ojos hoy, la creaci\u00f3n del gobierno talib\u00e1n en Afganist\u00e1n hubiese sido imposible\u00bb.[10]<\/p>\n<figure style=\"width: 757px\" class=\"wp-caption alignnone\"><img loading=\"lazy\" decoding=\"async\" src=\"https:\/\/www.memri.org\/sites\/default\/files\/2023\/02\/sd10460b.jpg\" alt=\"El art\u00edculo de maulana Syed Ghafir Rizvi Falak Chholasvi\" width=\"757\" height=\"354\" \/><figcaption class=\"wp-caption-text\">El art\u00edculo de maulana Syed Ghafir Rizvi Falak Chholasvi<\/figcaption><\/figure>\n<p>El estudioso religioso chiita continu\u00f3: \u00abLuego del martirio de Qassem Soleimani, se pueden ver tales transformaciones en el mundo que no necesitan ser narradas porque todas las escenas est\u00e1n presentes frente al mundo! La serie de muertes que ha comenzado despu\u00e9s de Qassem Soleimani no se limita a una sola regi\u00f3n, sino que tiene al mundo entero bajo sus garras.<\/p>\n<p>\u201cY ha comenzado una serie de epidemias que ha inquietado a todos los gobiernos y estas no se van. Una epidemia no ha terminado antes de que la segunda toque a la puerta. A veces, est\u00e1 la primera ola del coronavirus, luego la segunda ola, luego la tercera ola, como si una sola epidemia cambiara de nombre y como <em>Iblees<\/em> (es decir, Satan\u00e1s) se vistiese de otra manera para presentarse ante el mundo. Ahora, cu\u00e1l es la verdad, solo dios lo sabe verdaderamente, pero al menos, el mundo ha llegado al borde de la destrucci\u00f3n tras el martirio de Qassem Soleimani\u00bb.[11]<\/p>\n<p>Luego de haber culpado del coronavirus al asesinato de Qassem Soleimani perpetrado por los Estados Unidos, maulana Syed Ghafir Rizvi Falak Chholasvi se\u00f1al\u00f3 que despu\u00e9s se pudo observar otro \u00abincidente muy singular e invaluable\u00bb. \u201cEstados Unidos, que se considera a s\u00ed mismo una superpotencia, estaba orgulloso de su avi\u00f3n esp\u00eda y afirm\u00f3 que ning\u00fan radar pod\u00eda detectar el avi\u00f3n. Ir\u00e1n tom\u00f3 el control de ese avi\u00f3n de una manera que hipnotiz\u00f3 al mundo.<\/p>\n<p>\u201cEl rostro de Estados Unidos se hundi\u00f3 en el polvo. Antes de eso, Ir\u00e1n tambi\u00e9n hab\u00eda tomado el control del avi\u00f3n esp\u00eda estadounidense, asest\u00e1ndole un golpe a la nariz de los Estados Unidos frente al mundo. Estados Unidos estaba tan enojado que, a pesar de haberle impuesto miles de sanciones ante Ir\u00e1n, este impuso m\u00e1s sanciones\u201d.[12]<\/p>\n<p><figure style=\"width: 841px\" class=\"wp-caption alignnone\"><img loading=\"lazy\" decoding=\"async\" class=\"half-\" src=\"https:\/\/www.memri.org\/sites\/default\/files\/2023\/02\/sd10460c.jpg\" alt=\"Una protesta en Mumbai a principios de enero del a\u00f1o 2020, d\u00edas despu\u00e9s del asesinato de Soleimani en Bagdad.[13] Los eventos que celebran la vida de Soleimani se llevan a cabo anualmente en Mumbai.\" width=\"841\" height=\"555\" \/><figcaption class=\"wp-caption-text\">Una protesta en Mumbai a principios de enero del a\u00f1o 2020, d\u00edas despu\u00e9s del asesinato de Soleimani en Bagdad.[13] Los eventos que celebran la vida de Soleimani se llevan a cabo anualmente en Mumbai.<\/figcaption><\/figure>Maulana Syed Ghafir Rizvi Falak Chholasvi observ\u00f3 lo siguiente: \u00abQuiz\u00e1s Estados Unidos se olvid\u00f3 que el imam Jomeini dijo: &#8216;Una vez que pronunciamos Allahu Akbar (Al\u00e1 es el m\u00e1s grande],[14] entonces nadie excepto Al\u00e1 es una superpotencia ante nosotros; inclinamos nuestras cabezas delante de \u00e9l y continuaremos concediendo nuestras cabezas ante \u00e9l'\u00bb.[15]<\/p>\n<p>\u201cAunque Qassem Soleimani ya no se encuentra entre nosotros, sus pensamientos, misi\u00f3n, su forma de pensar, todo est\u00e1 vivo y seguir\u00e1 existiendo hasta el fin del mundo. Porque, si un Qassem Soleimani fue hecho partir, entonces uno no sabe cu\u00e1ntos Qassem Soleimani m\u00e1s nacieron.<\/p>\n<p>\u201cEl enemigo tendr\u00e1 que inclinarse ante este punto: de que martirizar a Qassem Soleimani fue el mayor error de su vida. Ahora, \u00a1cu\u00e1ntos Qassem Soleimani m\u00e1s martirizar\u00e1, o har\u00e1 llover bombas sobre Abu Mahdi Al-Muhandis! No existe tal poder en el arsenal del enemigo que puede borrar los recuerdos de Qassem Soleimani&#8230;\u00bb, dijo el estudioso chiita.[16]<\/p>\n<figure style=\"width: 800px\" class=\"wp-caption alignnone\"><img loading=\"lazy\" decoding=\"async\" class=\"half-\" src=\"https:\/\/www.memri.org\/sites\/default\/files\/2023\/02\/sd10460d.jpg\" alt=\"En la ciudad de Lucknow, antigua sede del poder chiita, los chiitas organizaron una protesta en el monumento Chhota Imambara poco despu\u00e9s de que el general Qassem Soleimani fuese asesinado en el mes de enero, 2020.[17]\" width=\"800\" height=\"600\" \/><figcaption class=\"wp-caption-text\">En la ciudad de Lucknow, antigua sede del poder chiita, los chiitas organizaron una protesta en el monumento Chhota Imambara poco despu\u00e9s de que el general Qassem Soleimani fuese asesinado en el mes de enero, 2020.[17]<\/figcaption><\/figure>\n<hr \/>\n<p>[1] Tasnimnews.com (Ir\u00e1n), 4 de enero, 2023.<\/p>\n<p>[2] <em>Roznama Sahafat<\/em> (India), 3 de enero, 2023.<\/p>\n<p>[3] Almanar.com.lb (L\u00edbano), 3 de enero, 2023.<\/p>\n<p>[4] Almanar.com.lb (L\u00edbano), 3 de enero, 2023.<\/p>\n<p>[5] Almanar.com.lb (L\u00edbano), 3 de enero, 2023.<\/p>\n<p>[6] Almanar.com.lb (L\u00edbano), 3 de enero, 2023.<\/p>\n<p>[7] <em>Roznama Sahafat<\/em> (India), 3 de enero, 2023.<\/p>\n<p>[8] <em>Roznama Sahafat<\/em> (India), 3 de enero, 2023.<\/p>\n<p>[9] <em>Roznama Sahafat<\/em> (India), 3 de enero, 2023.<\/p>\n<p>[10] <em>Roznama Sahafat<\/em> (India), 3 de enero, 2023.<\/p>\n<p>[11] <em>Roznama Sahafat<\/em> (India), 3 de enero, 2023.<\/p>\n<p>[12] <em>Roznama Sahafat<\/em> (India), 3 de enero, 2023.<\/p>\n<p>[13] Twitter.com\/Amit_Photowalla, 10 de enero, 2020.<\/p>\n<p>[14] Informe diario de MEMRI No. 446 &#8211; \u00ab&#8216;Allahu Akbar&#8217; \u2013 &#8216;Al\u00e1 es el m\u00e1s grande&#8217; \u2013 Un grito de guerra yihadista\u00bb, 11 de enero, 2023.<\/p>\n<p>[15] <em>Roznama Sahafat<\/em> (India), 3 de enero, 2023.<\/p>\n<p>[16] <em>Roznama Sahafat<\/em> (India), 3 de enero, 2023.<\/p>\n<p>[17] Twitter.com\/rizvi_ima, 5 de enero, 2020.<\/p>\n","protected":false},"excerpt":{"rendered":"<p>El d\u00eda 3 de enero del presente a\u00f1o 2023, l\u00edderes de la comunidad chiita en ciudades de India, especialmente Mumbai, organizaron varios eventos para conmemorar el tercer aniversario del \u00abmartirio\u00bb del general Qassem Soleimani, comandante de las Fuerzas Qods del Cuerpo de la Guardia Revolucionaria Isl\u00e1mica de Ir\u00e1n (CGRI), quien muri\u00f3 en un ataque perpetrado [&hellip;]<\/p>\n","protected":false},"author":1,"featured_media":62267,"comment_status":"open","ping_status":"open","sticky":false,"template":"","format":"standard","meta":{"footnotes":""},"categories":[4,6,20,18,2],"tags":[],"class_list":["post-62266","post","type-post","status-publish","format-standard","has-post-thumbnail","hentry","category-archivos","category-comunicados-especiales","category-iran","category-paises","category-featured"],"_links":{"self":[{"href":"https:\/\/www2.memri.org\/espanol\/wp-json\/wp\/v2\/posts\/62266","targetHints":{"allow":["GET"]}}],"collection":[{"href":"https:\/\/www2.memri.org\/espanol\/wp-json\/wp\/v2\/posts"}],"about":[{"href":"https:\/\/www2.memri.org\/espanol\/wp-json\/wp\/v2\/types\/post"}],"author":[{"embeddable":true,"href":"https:\/\/www2.memri.org\/espanol\/wp-json\/wp\/v2\/users\/1"}],"replies":[{"embeddable":true,"href":"https:\/\/www2.memri.org\/espanol\/wp-json\/wp\/v2\/comments?post=62266"}],"version-history":[{"count":0,"href":"https:\/\/www2.memri.org\/espanol\/wp-json\/wp\/v2\/posts\/62266\/revisions"}],"wp:featuredmedia":[{"embeddable":true,"href":"https:\/\/www2.memri.org\/espanol\/wp-json\/wp\/v2\/media\/62267"}],"wp:attachment":[{"href":"https:\/\/www2.memri.org\/espanol\/wp-json\/wp\/v2\/media?parent=62266"}],"wp:term":[{"taxonomy":"category","embeddable":true,"href":"https:\/\/www2.memri.org\/espanol\/wp-json\/wp\/v2\/categories?post=62266"},{"taxonomy":"post_tag","embeddable":true,"href":"https:\/\/www2.memri.org\/espanol\/wp-json\/wp\/v2\/tags?post=62266"}],"curies":[{"name":"wp","href":"https:\/\/api.w.org\/{rel}","templated":true}]}}