{"id":62151,"date":"2023-01-13T16:22:25","date_gmt":"2023-01-13T20:22:25","guid":{"rendered":"https:\/\/www2.memri.org\/espanol\/?p=62151"},"modified":"2023-01-16T16:25:20","modified_gmt":"2023-01-16T20:25:20","slug":"lider-de-la-milicia-chiita-iraqui-al-khazali-se-reune-con-jibril-rajoub-de-la-autoridad-palestina-y-promete-apoyo-a-la-lucha-palestina-ante-la-arrogancia-e-insolencia-sionista","status":"publish","type":"post","link":"https:\/\/www2.memri.org\/espanol\/lider-de-la-milicia-chiita-iraqui-al-khazali-se-reune-con-jibril-rajoub-de-la-autoridad-palestina-y-promete-apoyo-a-la-lucha-palestina-ante-la-arrogancia-e-insolencia-sionista\/62151","title":{"rendered":"L\u00edder de la milicia chiita iraqu\u00ed Al-Khazali se re\u00fane con Jibril Rajoub de la Autoridad Palestina y promete apoyo a la lucha palestina ante la &#8216;arrogancia e insolencia sionista&#8217;"},"content":{"rendered":"<p><strong><em>El siguiente informe es ahora complemento sin costo alguno del Proyecto Supervisi\u00f3n a la Amenaza Terrorista y Yihad de MEMRI (PSATY). Para informaci\u00f3n sobre como suscribirse al PSATY, pulse aqu\u00ed.<\/em><\/strong><\/p>\n<p><em>El d\u00eda 9 de enero del presente a\u00f1o 2023, la oficina de medios de comunicaci\u00f3n oficial de Qais Al-Khazali, secretario general de la milicia iraqu\u00ed &#8216;Asaib Ahl Al-Haq respaldada por Ir\u00e1n, inform\u00f3 que el mismo d\u00eda, en su oficina en Bagdad, Al-Khazali este se reuni\u00f3 con el mayor general Jibril Rajoub, emisario del presidente de la Autoridad Palestina Mahmoud Abbas. Rajoub posee el cargo de secretario general del Comit\u00e9 Central de Fatah y Jefe del consejo supremo para el deporte y juventud de la OLP.<\/em><a href=\"#_edn1\" name=\"_ednref1\">[1]<\/a><\/p>\n<p><em>La declaraci\u00f3n de la oficina de medios de comunicaci\u00f3n oficial de Qais Al-Khazali contiene el siguiente informe:<\/em><\/p>\n<p>La reuni\u00f3n abord\u00f3 las relaciones bilaterales entre \u00ablas dos naciones hermanas\u00bb y \u00ablos temas pol\u00edticos m\u00e1s importantes que conciernen a la regi\u00f3n\u00bb. Rajoub elogi\u00f3 al gobierno iraqu\u00ed por apoyar la causa palestina y \u00abrechazar la normalizaci\u00f3n de relaciones y a aquellos que desean normalizar relaciones con el enemigo sionista, a pesar de la inmensa presi\u00f3n ejercida por \u00aborganizaciones, gobiernos y estados\u00bb para avanzar en dicha normalizaci\u00f3n\u00bb. Khazali reiter\u00f3 su apoyo a la causa y al pueblo palestinos para as\u00ed \u00abconfrontar la arrogancia e insolencia sionista\u00bb, refiri\u00e9ndose a su causa como \u00abtema existencial al que no puede renunci\u00e1rsele\u00bb.<\/p>\n<p>El canal Telegram perteneciente a la oficina de Al-Khazali, as\u00ed como los canales Telegram vinculados a las milicias respaldadas por Ir\u00e1n en Irak, publicaron fotograf\u00edas de la reuni\u00f3n.<\/p>\n<p>Cabe se\u00f1alar que las firmes posturas de Al-Khazali en apoyo a la lucha palestina contra Israel son bien conocidas y en el pasado este ha declarado que la liberaci\u00f3n de Irak de manos de la ocupaci\u00f3n estadounidense es un paso hacia la liberaci\u00f3n de Jerusal\u00e9n.<a href=\"#_edn2\" name=\"_ednref2\">[2]<\/a> Adem\u00e1s, este tambi\u00e9n ha expresado anteriormente su \u00abtotal disposici\u00f3n para proveer lo que sea necesario para la continuaci\u00f3n de la valiente resistencia palestina hasta la desaparici\u00f3n total de esta entidad opresora de nuestra regi\u00f3n\u00bb.<a href=\"#_edn3\" name=\"_ednref3\">[3]<\/a><\/p>\n<hr \/>\n<p><a href=\"#_ednref1\" name=\"_edn1\">[1]<\/a> Telegram.me\/khazalimedia, 9 de enero, 2023.<\/p>\n<p><a href=\"#_ednref2\" name=\"_edn2\">[2]<\/a> V\u00e9ase el informe del portal MEMRI TV: L\u00edder de milicia iraqu\u00ed Qais Khazali: La liberaci\u00f3n de Irak de manos de la ocupaci\u00f3n estadounidense es un paso hacia la liberaci\u00f3n de Jerusal\u00e9n; ning\u00fan soldado estadounidense estar\u00e1 a salvo de las armas de la resistencia, 5 de mayo, 2021.<\/p>\n<p><a href=\"#_ednref3\" name=\"_edn3\">[3]<\/a> V\u00e9ase el Informe de MEMRI &#8211; Milicias respaldadas por Ir\u00e1n en Irak: Estamos preparados para ayudar al pueblo palestino; Brigadas de Hezbol\u00e1: Aceptamos como nuestros a los perpetradores de los recientes ataques realizados en Israel, 18 de abril, 2022.<\/p>\n","protected":false},"excerpt":{"rendered":"<p>El siguiente informe es ahora complemento sin costo alguno del Proyecto Supervisi\u00f3n a la Amenaza Terrorista y Yihad de MEMRI (PSATY). Para informaci\u00f3n sobre como suscribirse al PSATY, pulse aqu\u00ed. El d\u00eda 9 de enero del presente a\u00f1o 2023, la oficina de medios de comunicaci\u00f3n oficial de Qais Al-Khazali, secretario general de la milicia iraqu\u00ed [&hellip;]<\/p>\n","protected":false},"author":1,"featured_media":62152,"comment_status":"open","ping_status":"open","sticky":false,"template":"","format":"standard","meta":{"footnotes":""},"categories":[4,6,20,18,21,2],"tags":[],"class_list":["post-62151","post","type-post","status-publish","format-standard","has-post-thumbnail","hentry","category-archivos","category-comunicados-especiales","category-iran","category-paises","category-irak","category-featured"],"_links":{"self":[{"href":"https:\/\/www2.memri.org\/espanol\/wp-json\/wp\/v2\/posts\/62151","targetHints":{"allow":["GET"]}}],"collection":[{"href":"https:\/\/www2.memri.org\/espanol\/wp-json\/wp\/v2\/posts"}],"about":[{"href":"https:\/\/www2.memri.org\/espanol\/wp-json\/wp\/v2\/types\/post"}],"author":[{"embeddable":true,"href":"https:\/\/www2.memri.org\/espanol\/wp-json\/wp\/v2\/users\/1"}],"replies":[{"embeddable":true,"href":"https:\/\/www2.memri.org\/espanol\/wp-json\/wp\/v2\/comments?post=62151"}],"version-history":[{"count":0,"href":"https:\/\/www2.memri.org\/espanol\/wp-json\/wp\/v2\/posts\/62151\/revisions"}],"wp:featuredmedia":[{"embeddable":true,"href":"https:\/\/www2.memri.org\/espanol\/wp-json\/wp\/v2\/media\/62152"}],"wp:attachment":[{"href":"https:\/\/www2.memri.org\/espanol\/wp-json\/wp\/v2\/media?parent=62151"}],"wp:term":[{"taxonomy":"category","embeddable":true,"href":"https:\/\/www2.memri.org\/espanol\/wp-json\/wp\/v2\/categories?post=62151"},{"taxonomy":"post_tag","embeddable":true,"href":"https:\/\/www2.memri.org\/espanol\/wp-json\/wp\/v2\/tags?post=62151"}],"curies":[{"name":"wp","href":"https:\/\/api.w.org\/{rel}","templated":true}]}}