{"id":62140,"date":"2023-01-12T12:24:19","date_gmt":"2023-01-12T16:24:19","guid":{"rendered":"https:\/\/www2.memri.org\/espanol\/?p=62140"},"modified":"2023-01-13T15:02:49","modified_gmt":"2023-01-13T19:02:49","slug":"terrorista-arabe-israeli-recientemente-liberado-karim-yunis-nosotros-no-reconocemos-la-linea-verde-palestina-en-su-totalidad-es-nuestra-incluyendo-el-monte-carmel-el-negev-y-la-llanura-de-la-costa","status":"publish","type":"post","link":"https:\/\/www2.memri.org\/espanol\/terrorista-arabe-israeli-recientemente-liberado-karim-yunis-nosotros-no-reconocemos-la-linea-verde-palestina-en-su-totalidad-es-nuestra-incluyendo-el-monte-carmel-el-negev-y-la-llanura-de-la-costa\/62140","title":{"rendered":"Terrorista \u00e1rabe-israel\u00ed recientemente liberado Karim Yunis: Nosotros no reconocemos la L\u00ednea Verde; Palestina en su totalidad es nuestra, incluyendo el monte Carmel, el Negev y la llanura de la costa"},"content":{"rendered":"<p><em>El recientemente liberado terrorista \u00e1rabe israel\u00ed Karim Yunis, quien tambi\u00e9n es miembro del Comit\u00e9 Central de Fatah, le dijo al canal de televisi\u00f3n Palestina el d\u00eda 7 de enero del presente a\u00f1o 2023 que los palestinos no reconocen la L\u00ednea Verde y que Palestina les pertenece en su totalidad. Este tambi\u00e9n dijo que los israel\u00edes quieren es destrozar a los palestinos pero fracasar\u00e1n. Yunis fue liberado de una prisi\u00f3n israel\u00ed el 4 de enero, 2023 luego de cumplir 40 a\u00f1os por el asesinato del soldado israel\u00ed Avraham Bromberg en el a\u00f1o de 1980.<\/em><\/p>\n<p><strong><em>Para ver el video del terrorista \u00e1rabe-israel\u00ed Karim Yunis, <a href=\"https:\/\/www.memri.org\/tv\/recently-released-israeli-arab-terrorist-yunis-palestine-is-ours-reject-green-line\">pulse aqu\u00ed<\/a> o debajo:<\/em><\/strong><\/p>\n<p><iframe src=\"https:\/\/www.memri.org\/player\/clip\/59412\/1\/1\" width=\"960\" height=\"540\" frameborder=\"0\" scrolling=\"NO\" allowfullscreen=\"allowfullscreen\"><\/iframe><\/p>\n<p><strong>\u00abNo reconocemos la L\u00ednea Verde o la L\u00ednea del Armisticio de 1949\u00bb<\/strong><\/p>\n<p><strong>Karim Yunis<\/strong>: \u201cNo reconocemos la L\u00ednea Verde ni la L\u00ednea del Armisticio de 1949, porque somos un solo pueblo. Ellos quer\u00edan separarnos, pero nunca lo lograr\u00e1n.<\/p>\n<p><img decoding=\"async\" class=\"three-quarter-size-image\" src=\"https:\/\/www.memri.org\/sites\/default\/files\/2023\/01\/m10044.png\" alt=\"\" \/><\/p>\n<p><img decoding=\"async\" class=\"three-quarter-size-image\" src=\"https:\/\/www.memri.org\/sites\/default\/files\/2023\/01\/m10044a.png\" alt=\"\" \/><\/p>\n<p>[&#8230;]<\/p>\n<p><strong>Palestina en su totalidad es nuestra: El monte Carmel, el valle Jezreel, la llanura de la costa, el Negev, Galilea y la regi\u00f3n del Tri\u00e1ngulo<\/strong><\/p>\n<p>\u201cSeguimos hacia adelante y tomaremos nuestros derechos. Lo digo una vez m\u00e1s: Palestina en su totalidad es nuestra. Palestina en su totalidad es nuestra: El monte Carmel es nuestro, el valle Jezreel es nuestro, la llanura de la costa es nuestra, el Negev es nuestro, Galilea es nuestra y la regi\u00f3n del Tri\u00e1ngulo es nuestra tambi\u00e9n\u00bb.<\/p>\n<p><img decoding=\"async\" class=\"three-quarter-size-image\" src=\"https:\/\/www.memri.org\/sites\/default\/files\/2023\/01\/m10044b.png\" alt=\"\" \/><\/p>\n<p><img decoding=\"async\" class=\"three-quarter-size-image\" src=\"https:\/\/www.memri.org\/sites\/default\/files\/2023\/01\/m10044c.png\" alt=\"\" \/><\/p>\n<p><img decoding=\"async\" class=\"three-quarter-size-image\" src=\"https:\/\/www.memri.org\/sites\/default\/files\/2023\/01\/m10044d.png\" alt=\"\" \/><\/p>\n<p>&nbsp;<\/p>\n<p>&nbsp;<\/p>\n","protected":false},"excerpt":{"rendered":"<p>El recientemente liberado terrorista \u00e1rabe israel\u00ed Karim Yunis, quien tambi\u00e9n es miembro del Comit\u00e9 Central de Fatah, le dijo al canal de televisi\u00f3n Palestina el d\u00eda 7 de enero del presente a\u00f1o 2023 que los palestinos no reconocen la L\u00ednea Verde y que Palestina les pertenece en su totalidad. Este tambi\u00e9n dijo que los israel\u00edes [&hellip;]<\/p>\n","protected":false},"author":1,"featured_media":62141,"comment_status":"open","ping_status":"open","sticky":false,"template":"","format":"standard","meta":{"footnotes":""},"categories":[4,6,18,2,23],"tags":[],"class_list":["post-62140","post","type-post","status-publish","format-standard","has-post-thumbnail","hentry","category-archivos","category-comunicados-especiales","category-paises","category-featured","category-autoridad-palestina"],"_links":{"self":[{"href":"https:\/\/www2.memri.org\/espanol\/wp-json\/wp\/v2\/posts\/62140","targetHints":{"allow":["GET"]}}],"collection":[{"href":"https:\/\/www2.memri.org\/espanol\/wp-json\/wp\/v2\/posts"}],"about":[{"href":"https:\/\/www2.memri.org\/espanol\/wp-json\/wp\/v2\/types\/post"}],"author":[{"embeddable":true,"href":"https:\/\/www2.memri.org\/espanol\/wp-json\/wp\/v2\/users\/1"}],"replies":[{"embeddable":true,"href":"https:\/\/www2.memri.org\/espanol\/wp-json\/wp\/v2\/comments?post=62140"}],"version-history":[{"count":0,"href":"https:\/\/www2.memri.org\/espanol\/wp-json\/wp\/v2\/posts\/62140\/revisions"}],"wp:featuredmedia":[{"embeddable":true,"href":"https:\/\/www2.memri.org\/espanol\/wp-json\/wp\/v2\/media\/62141"}],"wp:attachment":[{"href":"https:\/\/www2.memri.org\/espanol\/wp-json\/wp\/v2\/media?parent=62140"}],"wp:term":[{"taxonomy":"category","embeddable":true,"href":"https:\/\/www2.memri.org\/espanol\/wp-json\/wp\/v2\/categories?post=62140"},{"taxonomy":"post_tag","embeddable":true,"href":"https:\/\/www2.memri.org\/espanol\/wp-json\/wp\/v2\/tags?post=62140"}],"curies":[{"name":"wp","href":"https:\/\/api.w.org\/{rel}","templated":true}]}}