{"id":62122,"date":"2023-01-09T13:37:36","date_gmt":"2023-01-09T17:37:36","guid":{"rendered":"https:\/\/www2.memri.org\/espanol\/?p=62122"},"modified":"2023-01-10T19:13:23","modified_gmt":"2023-01-10T23:13:23","slug":"madre-del-terrorista-palestino-ibrahim-al-nabulsi-ibrahim-es-un-modelo-a-seguir-para-los-chicos-palestinos-ensenandoles-a-amar-el-yihad","status":"publish","type":"post","link":"https:\/\/www2.memri.org\/espanol\/madre-del-terrorista-palestino-ibrahim-al-nabulsi-ibrahim-es-un-modelo-a-seguir-para-los-chicos-palestinos-ensenandoles-a-amar-el-yihad\/62122","title":{"rendered":"Madre del terrorista palestino Ibrahim Al-Nabulsi: Ibrahim es un modelo a seguir para los chicos palestinos, ense\u00f1\u00e1ndoles a amar el yihad"},"content":{"rendered":"<p><em>La madre del terrorista palestino Ibrahim Al-Nabulsi, quien muri\u00f3 en agosto del 2022 en un enfrentamiento a tiros con las fuerzas israel\u00edes, dijo en una entrevista publicada el d\u00eda 31 de diciembre, 2022 en el canal de televisi\u00f3n del grupo Yihad Isl\u00e1mico palestino Palestina Hoy que la conducta de su hijo le transmit\u00eda un mensaje de amor por el yihad a los chicos palestinos. Ella agreg\u00f3 que su hijo era un modelo a seguir para los m\u00e1s chicos, ense\u00f1\u00e1ndoles a adoptar el yihad como \u00abforma de vida\u00bb. Para m\u00e1s informaci\u00f3n sobre la madre de Ibrahim Al-Nabulsi, vea el video del portal MEMRI TV No. <a href=\"https:\/\/www.memri.org\/tv\/umm-ibrahim-mother-palestinian-terrorist-killed-israel-al-jazeera-hypocrite-jews-jihad\">9742<\/a>.<\/em><\/p>\n<p><strong><em>Para ver el video de la madre del terrorista palestino Ibrahim Al-Nablusi, <a href=\"https:\/\/www.memri.org\/tv\/mother-of-palestinian-terrorist-ibrahim-nabulsi-teach-children-love-jihad\">pulse aqu\u00ed<\/a> o debajo:<\/em><\/strong><\/p>\n<p><iframe src=\"https:\/\/www.memri.org\/player\/clip\/59381\/780,440\/1\" width=\"780\" height=\"440\" frameborder=\"0\"><\/iframe><\/p>\n<p><strong>Ibrahim deseaba enviarles un mensaje a los chicos para que el yihad se convierta en su forma de vida<\/strong><\/p>\n<p><strong>\u00a0<\/strong><strong>Madre de Ibrahim Al-Nabulsi<\/strong>: \u00abIbrahim lo que deseaba era enviarle un mensaje a un grupo espec\u00edfico &#8211; a los m\u00e1s chicos, quienes ser\u00e1n criados en el yihad, Al\u00e1 que lega. Cuando estos chicos vean al muyahid\u00edn como alguien humilde, amoroso y veraz que no come nada que sea <em>haram<\/em>, amar\u00e1n el yihad, gracias a Al\u00e1 y el yihad se convertir\u00e1 en su forma de vida. Incluso as\u00ed no lo aprendan en la escuela, lo aprender\u00e1n de su modelo a seguir &#8211; gente que es buscada por Israel. Gracias a Al\u00e1, Ibrahim pudo transmitir su mensaje.<\/p>\n<p><img decoding=\"async\" class=\"three-quarter-size-image\" src=\"https:\/\/www.memri.org\/sites\/default\/files\/2023\/MTV10040.jpg\" alt=\"\" \/><\/p>\n<p><img decoding=\"async\" class=\"three-quarter-size-image\" src=\"https:\/\/www.memri.org\/sites\/default\/files\/2023\/MTV100401.jpg\" alt=\"\" \/><\/p>\n<p><img decoding=\"async\" class=\"three-quarter-size-image\" src=\"https:\/\/www.memri.org\/sites\/default\/files\/2023\/MTV100402.jpg\" alt=\"\" \/><\/p>\n<p><img decoding=\"async\" class=\"three-quarter-size-image\" src=\"https:\/\/www.memri.org\/sites\/default\/files\/2023\/MTV100403.jpg\" alt=\"\" \/><\/p>\n<p>[&#8230;]<\/p>\n<p><strong>Ibrahim fue rodeado y dijo: &#8216;\u00a1Apresur\u00e9monos al yihad y a la salvaci\u00f3n! \u00a1Victoria o martirio!<\/strong><\/p>\n<p>\u00abIbrahim fue rodeado y los jud\u00edos, o el oficial que estuvo con ellos, le dijeron: &#8216;\u00a1Nabulsi, r\u00edndete, levanta las manos y sal de ah\u00ed!&#8217;<\/p>\n<p><img decoding=\"async\" class=\"three-quarter-size-image\" src=\"https:\/\/www.memri.org\/sites\/default\/files\/2023\/MTV100404.jpg\" alt=\"\" \/><\/p>\n<p><img decoding=\"async\" class=\"three-quarter-size-image\" src=\"https:\/\/www.memri.org\/sites\/default\/files\/2023\/MTV100405.jpg\" alt=\"\" \/><\/p>\n<p>\u00abIbrahim le dijo: &#8216;De ninguna manera. \u00a1Apresur\u00e9monos en direcci\u00f3n al yihad y a la salvaci\u00f3n! \u00a1Victoria o martirio!&#8217; Luego Ibrahim les dispar\u00f3, gracias a Al\u00e1 y por eso digo que \u00e9l sali\u00f3 victorioso. Yo siempre digo: &#8216;\u00a1Has hecho un buen trato, Ibrahim!'\u00bb<\/p>\n<p><img decoding=\"async\" class=\"three-quarter-size-image\" src=\"https:\/\/www.memri.org\/sites\/default\/files\/2023\/MTV100406.jpg\" alt=\"\" \/><\/p>\n<p><img decoding=\"async\" class=\"three-quarter-size-image\" src=\"https:\/\/www.memri.org\/sites\/default\/files\/2023\/MTV100407.jpg\" alt=\"\" \/><\/p>\n<p>&nbsp;<\/p>\n<p>&nbsp;<\/p>\n","protected":false},"excerpt":{"rendered":"<p>La madre del terrorista palestino Ibrahim Al-Nabulsi, quien muri\u00f3 en agosto del 2022 en un enfrentamiento a tiros con las fuerzas israel\u00edes, dijo en una entrevista publicada el d\u00eda 31 de diciembre, 2022 en el canal de televisi\u00f3n del grupo Yihad Isl\u00e1mico palestino Palestina Hoy que la conducta de su hijo le transmit\u00eda un mensaje [&hellip;]<\/p>\n","protected":false},"author":1,"featured_media":62123,"comment_status":"open","ping_status":"open","sticky":false,"template":"","format":"standard","meta":{"footnotes":""},"categories":[4,6,18,2,23],"tags":[],"class_list":["post-62122","post","type-post","status-publish","format-standard","has-post-thumbnail","hentry","category-archivos","category-comunicados-especiales","category-paises","category-featured","category-autoridad-palestina"],"_links":{"self":[{"href":"https:\/\/www2.memri.org\/espanol\/wp-json\/wp\/v2\/posts\/62122","targetHints":{"allow":["GET"]}}],"collection":[{"href":"https:\/\/www2.memri.org\/espanol\/wp-json\/wp\/v2\/posts"}],"about":[{"href":"https:\/\/www2.memri.org\/espanol\/wp-json\/wp\/v2\/types\/post"}],"author":[{"embeddable":true,"href":"https:\/\/www2.memri.org\/espanol\/wp-json\/wp\/v2\/users\/1"}],"replies":[{"embeddable":true,"href":"https:\/\/www2.memri.org\/espanol\/wp-json\/wp\/v2\/comments?post=62122"}],"version-history":[{"count":0,"href":"https:\/\/www2.memri.org\/espanol\/wp-json\/wp\/v2\/posts\/62122\/revisions"}],"wp:featuredmedia":[{"embeddable":true,"href":"https:\/\/www2.memri.org\/espanol\/wp-json\/wp\/v2\/media\/62123"}],"wp:attachment":[{"href":"https:\/\/www2.memri.org\/espanol\/wp-json\/wp\/v2\/media?parent=62122"}],"wp:term":[{"taxonomy":"category","embeddable":true,"href":"https:\/\/www2.memri.org\/espanol\/wp-json\/wp\/v2\/categories?post=62122"},{"taxonomy":"post_tag","embeddable":true,"href":"https:\/\/www2.memri.org\/espanol\/wp-json\/wp\/v2\/tags?post=62122"}],"curies":[{"name":"wp","href":"https:\/\/api.w.org\/{rel}","templated":true}]}}