{"id":62064,"date":"2022-12-20T14:06:13","date_gmt":"2022-12-20T18:06:13","guid":{"rendered":"https:\/\/www2.memri.org\/espanol\/?p=62064"},"modified":"2022-12-21T15:53:26","modified_gmt":"2022-12-21T19:53:26","slug":"en-iran-rapero-kurdo-es-sentenciado-a-muerte-en-base-a-evidencias-falsas","status":"publish","type":"post","link":"https:\/\/www2.memri.org\/espanol\/en-iran-rapero-kurdo-es-sentenciado-a-muerte-en-base-a-evidencias-falsas\/62064","title":{"rendered":"En Ir\u00e1n, rapero kurdo es sentenciado a muerte en base a evidencias falsas"},"content":{"rendered":"<p><strong>Historial<\/strong><\/p>\n<p>Saman Teimur Seydi, tambi\u00e9n conocido como Saman Yasin, es rapero, cantautor y compositor kurdo-iran\u00ed de 24 a\u00f1os de edad oriundo de Kermashan quien vive en Teher\u00e1n con su familia. Seydi es uno de los m\u00e1s de 60 iran\u00edes condenados a muerte hasta ahora por la Rep\u00fablica Isl\u00e1mica de Ir\u00e1n.<a href=\"#_edn1\" name=\"_ednref1\">[1]<\/a><\/p>\n<p>En su p\u00e1gina personal Instagram, Yasin expres\u00f3 su apoyo a la sublevaci\u00f3n nacional ante el asesinato de Jina (Mahsa) Amini dando a conocer varios publicados e historias. Este critic\u00f3 a las autoridades iran\u00edes a trav\u00e9s de sus canciones raperas de corte pol\u00edtico, denunciando opresi\u00f3n, desigualdad y la corrupci\u00f3n.<\/p>\n<p>Cabe se\u00f1alar que Yasin es partidario del yarsanismo, una secta religiosa kurda no isl\u00e1mica que cuenta con alrededor de 2 millones de kurdos. El yarsanismo no es reconocido por la Rep\u00fablica Isl\u00e1mica; sus miembros est\u00e1n doblemente oprimidos, tanto como kurdos como por ser yarsanis. Durante las \u00faltimas cuatro d\u00e9cadas, el r\u00e9gimen los ha perseguido muy duramente, ejecutando y encarcelando a muchos de sus miembros.<a href=\"#_edn2\" name=\"_ednref2\">[2]<\/a> Por esta raz\u00f3n, muchos activistas kurdos afirman que la identidad kurdo-yarsani del rapero fue una de las principales razones de su encarcelamiento decretado por el gobierno.<\/p>\n<p><strong>Arresto de Saman<\/strong><\/p>\n<p>Yasin no fue arrestado en el lugar de las protestas; fue secuestrado violentamente por las fuerzas de seguridad del r\u00e9gimen en la casa de un amigo en Teher\u00e1n a las 4:00 o 5:00 de la madrugada del d\u00eda 2 de octubre, 2022 tres d\u00edas despu\u00e9s de su cumplea\u00f1os. Este fue llevado a la prisi\u00f3n de Fashafouyeh, tambi\u00e9n conocido como la Penitenciar\u00eda central del gran Teher\u00e1n y luego trasladado a la notoria prisi\u00f3n Evin en Teher\u00e1n el d\u00eda 10 de octubre.<a href=\"#_edn3\" name=\"_ednref3\">[3]<\/a><\/p>\n<p>Su paradero era desconocido por su familia hasta que los procedimientos judiciales fueron transmitidos por televisi\u00f3n el 29 de octubre, casi un mes despu\u00e9s de su arresto. El 9 de noviembre, Yasin inici\u00f3 una huelga de hambre con el fin de protestar por negarle acceso a su familia y por la incertidumbre de su situaci\u00f3n en Evin. En el segundo d\u00eda de su huelga de hambre, la Fiscal\u00eda en la prisi\u00f3n de Evin en Teher\u00e1n se puso en contacto con su familia y lograron reunirse con \u00e9l. El 24 de noviembre, 2022 se reuni\u00f3 nuevamente con su familia, por \u00faltima vez desde su detenci\u00f3n.<a href=\"#_edn4\" name=\"_ednref4\">[4]<\/a><\/p>\n<p>A finales de noviembre Yasin fue trasladado a la prisi\u00f3n de Rajaei Shahr en la ciudad de Karaj, en la provincia Alborz, junto a Mohsen Shakeri, quien fue ahorcado el 8 de diciembre y Mohammed Broghani; quien ahora se encuentra en confinamiento solitario. Despu\u00e9s de la ejecuci\u00f3n de Shakeri, ha aumentado la preocupaci\u00f3n por la ejecuci\u00f3n de Yasin y de Broghani.<a href=\"#_edn5\" name=\"_ednref5\">[5]<\/a><\/p>\n<p><strong>Confesi\u00f3n forzada bajo tortura<\/strong><\/p>\n<p>Los grupos de derechos humanos dicen que Yasin fue torturado bajo custodia con el prop\u00f3sito de hacer que confiese.<a href=\"#_edn6\" name=\"_ednref6\">[6]<\/a> Seg\u00fan la Red de derechos humanos de Kurdist\u00e1n (KHRN\/siglas en ingl\u00e9s), \u00abSaman Yasin fue sometido a severas torturas f\u00edsicas y mentales para que realizara una confesi\u00f3n televisada. El estar retenido en un lugar muy fr\u00edo durante tres d\u00edas, brutalmente golpeado y arrojado desde cierta altura son algunas de las torturas que este artista kurdo soport\u00f3 durante este per\u00edodo. Seg\u00fan se informa, como resultado de estas torturas, Yasin fue obligado a confesar en televisi\u00f3n\u00bb.<a href=\"#_edn7\" name=\"_ednref7\">[7]<\/a><\/p>\n<p>Amnist\u00eda Ir\u00e1n dijo el d\u00eda 12 de diciembre que \u00ablas autoridades se basaron en &#8216;confesiones&#8217; contaminadas con tortura y as\u00ed hallar a Saman Seydi (Yasin) culpable de disparar una pistola tres veces al aire en protestas que, seg\u00fan dijeron, equivalen a &#8216;<em>moharebeh<\/em>&#8216; (&#8216;guerra contra Al\u00e1&#8217;)\u00bb. La organizaci\u00f3n a\u00f1adi\u00f3 lo siguiente: \u00abAmnist\u00eda Internacional ha recibido informaci\u00f3n de que las autoridades sometieron a Saman Seydi a torturas y a otros malos tratos para obtener &#8216;confesiones&#8217; forzadas, incluso mediante fuertes palizas y exposici\u00f3n forzada al fr\u00edo extremo\u00bb. La organizaci\u00f3n pidi\u00f3 a las autoridades iran\u00edes que \u00abdetengan de inmediato cualquier plan para ejecutar a Saman Seydi (Yasin) y anulen la sentencia de muerte en su contra. Sus denuncias de tortura deben ser investigadas penalmente y los responsables deben rendir cuentas\u00bb.<a href=\"#_edn8\" name=\"_ednref8\">[8]<\/a><\/p>\n<p><strong>Un juicio falso<\/strong><\/p>\n<p>El d\u00eda 29 de octubre, las agencias de noticias estatales iran\u00edes informaron la celebraci\u00f3n de una audiencia judicial para varios de los manifestantes arrestados, entre ellos Saman Yasin, en la secci\u00f3n 15 de la Corte Revolucionaria Isl\u00e1mica, presidida por Abolqasem Salavati y sin la asistencia de familiares ni abogados presentes. El mismo d\u00eda, los medios de comunicaci\u00f3n estatales publicaron un video de la confesi\u00f3n forzada hecha por Yasin.<\/p>\n<p>Durante la audiencia, Salavati acus\u00f3 a Yasin de intentar asesinar a miembros de las fuerzas de seguridad, alegando que este aparece en un video disparando un arma tres veces al aire. Salavati, conocido como el \u00abjuez ejecutor\u00bb y \u00abjuez de la muerte\u00bb ya que ha sentenciado a cientos de personas a ser ejecutadas en la prisi\u00f3n Evin, acus\u00f3 adem\u00e1s a Yasin de da\u00f1ar la propiedad p\u00fablica, cantar canciones anti-revolucionarias y apoyar los \u00abdisturbios\u00bb.<\/p>\n<p>La agencia de noticias Mizan, el medio de comunicaci\u00f3n oficial del poder judicial iran\u00ed, anunci\u00f3 el d\u00eda 29 de octubre que Saman Seydi (Yasin) fue acusado de \u00abguerra contra Al\u00e1\u00bb (<em>moharebeh<\/em>) y \u00abreuni\u00f3n y colusi\u00f3n con la intenci\u00f3n de actuar en contra de la seguridad del pa\u00eds\u201d.<a href=\"#_edn9\" name=\"_ednref9\">[9]<\/a><\/p>\n<p>Aunque la noticia a la sentencia de muerte de Yasin fue publicada por las agencias de noticias y organizaciones de derechos humanos, esta no ha sido anunciada oficialmente por los medios de comunicaci\u00f3n estatales iran\u00edes debido a la sensibilidad de este caso, es decir, su origen kurdo. El r\u00e9gimen teme que un anuncio p\u00fablico de su sentencia de muerte solo provoque m\u00e1s protestas contra el r\u00e9gimen en la zona del Kurdist\u00e1n iran\u00ed.<\/p>\n<p>Sin embargo, el 8 de diciembre, la Organizaci\u00f3n Hengaw para los derechos humanos, en Noruega, inform\u00f3 que Saman Yasin hab\u00eda sido condenado a muerte por la Secci\u00f3n No. 15 del Tribunal Revolucionario Isl\u00e1mico de Teher\u00e1n y que la sentencia le hab\u00eda sido anunciada oficialmente a la familia. Este agreg\u00f3 que el repentino traslado de Yasin desde Evin a la prisi\u00f3n Rajaei Shahr y la posibilidad de su inminente ejecuci\u00f3n han causado preocupaci\u00f3n a su familia.<a href=\"#_edn10\" name=\"_ednref10\">[10]<\/a><\/p>\n<figure style=\"width: 1200px\" class=\"wp-caption alignnone\"><img loading=\"lazy\" decoding=\"async\" class=\"half-size-image\" src=\"https:\/\/www.memri.org\/sites\/default\/files\/2022\/IA1673.jpg\" alt=\"Saman Yasin durante la audiencia del d\u00eda 29 de octubre (Fuente: Agencia de noticias Mizan).\" width=\"1200\" height=\"364\" \/><figcaption class=\"wp-caption-text\">Saman Yasin durante la audiencia del d\u00eda 29 de octubre (Fuente: Agencia de noticias Mizan).<\/figcaption><\/figure>\n<p><strong>Sentencia de muerte basada en pruebas falsas<\/strong><\/p>\n<p>Seg\u00fan el abogado defensor de Yasin Mohammad Esmaeilbeigi, Yasin fue declarado culpable y sentenciado en base a dos videos, ambos publicados por la emisora estatal IRIB (Radio y TV de la Rep\u00fablica Isl\u00e1mica). Un video muestra a alguien disparando al aire y el otro muestra a alguien prendi\u00e9ndole fuego a un contenedor de basura.<\/p>\n<p>Aunque en el video no est\u00e1 claro qui\u00e9n es la persona armada, qu\u00e9 arma porta y hacia d\u00f3nde se dirige el disparo, el juez Abolghasem Salavati insisti\u00f3 en que era Yasin quien estaba armado.<a href=\"#_edn11\" name=\"_ednref11\">[11]<\/a><\/p>\n<p>Esmaeilbeigi le dijo a la agencia de noticias ILNA el 13 de diciembre de 2022<a href=\"#_edn12\" name=\"_ednref12\">[12]<\/a> de que existen \u00abambig\u00fcedades\u00bb y \u00abcontradicciones\u00bb en el caso de Yasin. Este dijo que solo se le permiti\u00f3 registrarse como su abogado el d\u00eda 8 de diciembre, despu\u00e9s de que ya se hab\u00eda dictado la sentencia y que el caso ahora estaba siendo apelado. Este expres\u00f3 su esperanza de que la Corte Suprema de la Rep\u00fablica Isl\u00e1mica le permita leer el caso completo y presentar su evidencia para exonerar a su cliente.<\/p>\n<p>El 8 de diciembre, Esmaeilbeigi tuite\u00f3 que no le hab\u00edan dado permiso para leer el expediente del caso y afirm\u00f3 que los documentos utilizados por el poder judicial contra Yasin no ten\u00edan nada que ver con su cliente. Este enfatiz\u00f3 que el video de los disparos en el que presuntamente se identific\u00f3 a Yasin era borroso y ambiguo y que no se puede probar que este mostr\u00f3 a su cliente. No hab\u00eda forma, dijo, de que Yasin pudiera ser identificado en el video, especialmente si uno lo conoc\u00eda personalmente.<a href=\"#_edn13\" name=\"_ednref13\">[13]<\/a><\/p>\n<p>Este dijo: \u201cEl juez afirma que Saman Yasin tiene 11 antecedentes penales, pero esta acusaci\u00f3n no solo es negada por la familia y el cliente, sino que el propio tribunal lo present\u00f3 inicialmente como un individuo sin antecedentes penales\u201d.<a href=\"#_edn14\" name=\"_ednref14\">[14]<\/a><\/p>\n<p>Aunque este fue designado por la familia de Yasin como su abogado, Esmaeilbeigi le dijo al diario <em>Shargh <\/em>el d\u00eda 15 de diciembre<a href=\"#_edn15\" name=\"_ednref15\">[15]<\/a> que la Secci\u00f3n No. 15 del Tribunal Revolucionario Isl\u00e1mico no le permiti\u00f3 representar a Yasin y le neg\u00f3 el acceso al expediente del caso, diciendo que este era \u00abclasificado.\u00bb Este dijo: \u00abSaman ten\u00eda alg\u00fan tipo de abogado que trat\u00f3 de defenderlo, pero incluso esa persona no tuvo acceso a la totalidad del caso\u00bb y agreg\u00f3: \u00abNo sabemos si este abogado fue elegido por el r\u00e9gimen o fue designado por un tribunal\u201d.<\/p>\n<p>Al se\u00f1alar las inconsistencias en el video de la confesi\u00f3n forzada de Yasin que fue transmitido por televisi\u00f3n, este dijo: \u00abSaman Yasin declara claramente que no ten\u00eda armas en su posesi\u00f3n y que solo fue una escopeta que dispar\u00f3 en un callej\u00f3n silencioso\u00bb. Este continu\u00f3: \u00abPero en el video de la escena del tiroteo, se puede ver a la persona disparando al aire; los agentes est\u00e1n parados frente a \u00e9l\u00bb. Al se\u00f1alar otras contradicciones, dijo: \u00abYasin declar\u00f3 en las confesiones televisadas que arroj\u00f3 el arma por la ventana del auto, pero el video muestra que la persona est\u00e1 huyendo a pie y no hay autos&#8230; La persona que se muestra en el video es irreconocible porque utiliza una m\u00e1scara y no se le ve el rostro. Claramente, por lo tanto, no se puede probar que el video muestra a Saman Yasin\u00bb.<\/p>\n<p>Esmaeilbeigi cuestion\u00f3 la \u00abautenticidad\u00bb del video diciendo que \u00abdeber\u00eda ser revisado por expertos y confirmar si es real o no\u00bb.<\/p>\n<p>Tambi\u00e9n seg\u00fan Esmaeilbeigi, en el segundo video, que muestra a un hombre que seg\u00fan el r\u00e9gimen es Saman Yasin arrojando un contenedor de basura y prendi\u00e9ndole fuego, la confesi\u00f3n de Yasin \u00abse escucha fusionada con el video\u00bb. Sin embargo, este se\u00f1al\u00f3, \u00ablas manos de la persona que se ven en el video no est\u00e1n tatuadas, mientras que las manos de Saman Yasin est\u00e1n cubiertas de tatuajes\u00bb.<a href=\"#_edn16\" name=\"_ednref16\">[16]<\/a><\/p>\n<p>Al enfatizar que su cliente no hab\u00eda hecho nada para aterrorizar a nadie y que no hab\u00eda asesinado a nadie, Esmaeilbeigi dijo lo siguiente: \u00abSaman no ha lastimado a nadie y ni en el video ni en ning\u00fan otro caso tom\u00f3 ninguna acci\u00f3n contra la vida de las personas ni contra funcionarios de seguridad\u201d.<a href=\"#_edn17\" name=\"_ednref17\">[17]<\/a><\/p>\n<p><strong>Las s\u00faplicas de los padres de Saman Yasin ante la comunidad internacional para salvar a su hijo<\/strong><\/p>\n<p>En su cuenta Instagram, el padre de Saman Teimur Seydi, pidi\u00f3 a la gente que ayudaran a salvar a su hijo a trav\u00e9s de relatos y publicados. En un video publicado el 4 de noviembre, Teimur dijo lo siguiente: \u00abProtesto por la detenci\u00f3n de mi hijo\u00bb y pidi\u00f3 al r\u00e9gimen que lo libere, afirmando que \u00abmi hijo no ha lastimado ni ha matado a nadie\u00bb.<a href=\"#_edn18\" name=\"_ednref18\">[18]<\/a><\/p>\n<p>En un video publicado la semana pasada, la madre de Yasin le suplicaba a los iran\u00edes y a la comunidad internacional que tomaran medidas para salvarlo antes de que \u00abla soga le sea colocada alrededor de su cuello\u00bb. Ella agreg\u00f3: \u00ab\u00bfEn qu\u00e9 lugar del mundo se le quita la vida a alguien por incendiar un contenedor de basura?\u00bb<a href=\"#_edn19\" name=\"_ednref19\">[19]<\/a><\/p>\n<p><strong>Reacciones<\/strong><\/p>\n<p>Las organizaciones kurdas y de derechos humanos han advertido acerca de la inminente ejecuci\u00f3n de Yasin.<\/p>\n<p>Una petici\u00f3n de Change.org para salvarle la vida a Yasin ha sido firmada por miles de personas que piden su liberaci\u00f3n. La petici\u00f3n llama a la situaci\u00f3n de Yasin \u00abterrible\u00bb y dice que se le neg\u00f3 el debido proceso legal: \u00abUna persona act\u00faa como juez, jurado y fiscal en los casos; los acusados no tienen la oportunidad de utilizar abogados\u00bb.<a href=\"#_edn20\" name=\"_ednref20\">[20]<\/a><\/p>\n<p>El parlamentario alem\u00e1n Carlos Kasper dijo que hab\u00eda asumido el patrocinio pol\u00edtico de Yasin y afirm\u00f3: \u00abEstoy comprometido con la liberaci\u00f3n de Saman Yasin y le he pedido al embajador iran\u00ed en Alemania que influya sobre el r\u00e9gimen iran\u00ed. Saman Yasin no debe morir\u00bb.<a href=\"#_edn21\" name=\"_ednref21\">[21]<\/a><\/p>\n<p>El 14 de diciembre, la asociaci\u00f3n de escritores de Alemania PEN Berl\u00edn acept\u00f3 a Saman Yasin y Toomaj Salehi como miembros honorarios e hizo campa\u00f1a por su liberaci\u00f3n. En un comunicado, esta le pidi\u00f3 a la Rep\u00fablica Isl\u00e1mica de Ir\u00e1n que \u00absuspenda la pena de muerte en el caso de Yasin y retire los cargos contra Toomaj Salehi\u00bb. Instando al gobierno alem\u00e1n a \u00abhacer todo lo posible para salvar las vidas de Toomaj Salehi y Saman Yasin\u00bb, la declaraci\u00f3n dec\u00eda: \u00abLa guerra contra Al\u00e1 (<em>moharebeh<\/em>) y la corrupci\u00f3n en la tierra (<em>ifsad fil-arz<\/em>) son cargos por los que la gente ya no se les deber\u00eda permita morir en el siglo 21&#8243;.<a href=\"#_edn22\" name=\"_ednref22\">[22]<\/a><\/p>\n<p><strong>Fotograf\u00edas<\/strong><\/p>\n<p>El periodista iran\u00ed Saeed Hafezi tuite\u00f3 esta fotograf\u00eda de Saman Yasin bajo custodia policial el d\u00eda 3 de noviembre y escribi\u00f3 lo siguiente: \u00abEste joven no es ni asesino ni terrorista. Es Saman Yasin, un m\u00fasico y rapero iran\u00ed que fue condenado a muerte por participar en protestas callejeras. S\u00e9 su voz\u00bb.<a href=\"#_edn23\" name=\"_ednref23\">[23]<\/a><\/p>\n<p><img decoding=\"async\" class=\"half-size-image\" src=\"https:\/\/www.memri.org\/sites\/default\/files\/2022\/IA16731.jpg\" alt=\"\" \/><\/p>\n<p>Yasin es visto sosteniendo su cabeza entre sus manos durante la primera sesi\u00f3n de audiencia cuando el juez lee los cargos en su contra.<a href=\"#_edn24\" name=\"_ednref24\">[24]<\/a><\/p>\n<p><img decoding=\"async\" class=\"half-size-image\" src=\"https:\/\/www.memri.org\/sites\/default\/files\/2022\/IA16732.jpg\" alt=\"\" \/><\/p>\n<p>En un video, la madre de Saman Yasin pide ayuda.<a href=\"#_edn25\" name=\"_ednref25\">[25]<\/a><\/p>\n<p><img decoding=\"async\" class=\"half-size-image\" src=\"https:\/\/www.memri.org\/sites\/default\/files\/2022\/IA16733.jpg\" alt=\"\" \/><\/p>\n<p>Publicado en Instagram de Timur Seydi, el padre de Saman, que dice: \u00abMi hijo Saman, cuando montabas en esta bicicleta, sol\u00eda preocuparme de que te cayeras y te lastimaras. Pero no s\u00e9 qu\u00e9 hacer ahora con esta situaci\u00f3n y c\u00f3mo seguir\u00eda mi vida sin ti\u201d.<a href=\"#_edn26\" name=\"_ednref26\">[26]<\/a><\/p>\n<p><em>*Himdad Mustafa es un estudioso kurdo y experto en temas kurdos e iran\u00edes.<\/em><\/p>\n<hr \/>\n<p><a href=\"#_ednref1\" name=\"_edn1\">[1]<\/a> Serie de MEMRI Despacho Especial No. 10379 &#8211; R\u00e9gimen iran\u00ed intensifica su represi\u00f3n por los disturbios en el pa\u00eds: Diario &#8216;<em>Javan<\/em>&#8216;, afiliado al CGRI advierte que 60 o m\u00e1s manifestantes ser\u00e1n ejecutados, 14 de diciembre, 2022.<\/p>\n<p><a href=\"#_ednref2\" name=\"_edn2\">[2]<\/a> Yarsanmedia.org\/ku\/?p=10565, 31 de enero, 2021.<\/p>\n<p><a href=\"#_ednref3\" name=\"_edn3\">[3]<\/a> Tik.ir\/fa\/news, 13 de diciembre, 2022; Kurdistanhumanrights.org\/en\/tehran-kurdish-rappers-fate-remains-unknown-weeks-after-arrest, 8 de noviembre, 2022.<\/p>\n<p><a href=\"#_ednref4\" name=\"_edn4\">[4]<\/a> Kurdistanhumanrights.org\/en\/concerns-grow-over-situation-of-kurdish-rapper-sentenceced-to-death\/, 8 de diciembre, 2022.<\/p>\n<p><a href=\"#_ednref5\" name=\"_edn5\">[5]<\/a> Iranhumanrights.org\/2022\/12\/executions-in-iran-world-must-respond-with-strong-action-against-state-killings-of-manifestantes, 8 de diciembre, 2022.<\/p>\n<p><a href=\"#_ednref6\" name=\"_edn6\">[6]<\/a> Hengaw.net\/en\/news\/2022\/12\/saman-yasin-a-kurdish-artist-sentence-to-muerte-como-uno-de-los-detenidos-en-las-recientes-protestas, diciembre 8, 2022; BBC.com\/news\/world-middle-east-63949566, 15 de diciembre, 2022.<\/p>\n<p><a href=\"#_ednref7\" name=\"_edn7\">[7]<\/a> Kurdistanhumanrights.org\/en\/tehran-kurdish-singer-severely-tortured-forced-to-make-confesions\/, 26 de noviembre de 2022; Kurdistanhumanrights.org\/en\/tehran-kurdish-rappers-fate-remains-unknown-weeks-after-arrest\/, 8 de noviembre, 2022.<\/p>\n<p><a href=\"#_ednref8\" name=\"_edn8\">[8]<\/a> Twitter.com\/AmnestyIran\/status\/1602369832275644441, 12 de diciembre, 2022.<\/p>\n<p><a href=\"#_ednref9\" name=\"_edn9\">[9]<\/a> Kurdistanhumanrights.org\/en\/concerns-grow-over-situation-of-kurdish-rapper-sentenceced-to-death\/, 8 de diciembre, 2022.<\/p>\n<p><a href=\"#_ednref10\" name=\"_edn10\">[10]<\/a> Hengaw.net\/en\/news\/2022\/12\/saman-yasin-a-kurdish-artist-sentence-to-muerte-como-uno-de-los-detenidos-en-las-recientes-protestas, 8 de diciembre, 2022.<\/p>\n<p><a href=\"#_ednref11\" name=\"_edn11\">[11]<\/a> Iranwire.com\/en\/politics\/111118-28-iranians-sentenced-to-death-over-nationwide-protests\/, 10 de diciembre, 2022.<\/p>\n<p><a href=\"#_ednref12\" name=\"_edn12\">[12]<\/a> ILNA.ir, 13 de diciembre, 2022.<\/p>\n<p><a href=\"#_ednref13\" name=\"_edn13\">[13]<\/a> Twitter.com\/Mhmd_smailbeigi\/status\/1600888003307524112, 8 de diciembre, 2022.<\/p>\n<p><a href=\"#_ednref14\" name=\"_edn14\">[14]<\/a> Twitter.com\/Mhmd_smailbeigi\/status\/1600888003307524112, 8 de diciembre, 2022.<\/p>\n<p><a href=\"#_ednref15\" name=\"_edn15\">[15]<\/a> Sharghdaily.com, 15 de diciembre, 2022.<\/p>\n<p><a href=\"#_ednref16\" name=\"_edn16\">[16]<\/a> Twitter.com\/Mhmd_smailbeigi\/status\/1600888003307524112, 8 de diciembre, 2022.<\/p>\n<p><a href=\"#_ednref17\" name=\"_edn17\">[17]<\/a> ILNA.ir.<\/p>\n<p><a href=\"#_ednref18\" name=\"_edn18\">[18]<\/a> Youtube.com\/watch?v=NnheiOjzSSM, consultado el 20 de diciembre, 2022.<\/p>\n<p><a href=\"#_ednref19\" name=\"_edn19\">[19]<\/a> Video del portal MEMRI TV No. 9981 &#8211; Madre de Saman Seydi, rapero kurdo iran\u00ed sentenciado a muerte por el r\u00e9gimen por participar en las protestas, pide ayuda para evitar su ejecuci\u00f3n: Le pido al pueblo y a las organizaciones de derechos humanos que ayuden a mi hijo, 1 de diciembre, 2022.<\/p>\n<p><a href=\"#_ednref20\" name=\"_edn20\">[20]<\/a> Change.org\/p\/save-saman-yasin-life?signed=true.<\/p>\n<p><a href=\"#_ednref21\" name=\"_edn21\">[21]<\/a> Twitter.com\/CarlosKasperMdB\/status\/1601257903046131713, 9 de diciembre, 2022.<\/p>\n<p><a href=\"#_ednref22\" name=\"_edn22\">[22]<\/a> Penberlin.de\/press-release-of-december-13th\/, 13 de diciembre, 2022.<\/p>\n<p><a href=\"#_ednref23\" name=\"_edn23\">[23]<\/a> Twitter.com\/SaeedHafezi631\/status\/1588208823206088712\/photo\/1, 3 de noviembre, 2022.<\/p>\n<p><a href=\"#_ednref24\" name=\"_edn24\">[24]<\/a> Twitter.com\/amjad_panahi\/status\/1588767294096039938, 5 de noviembre, 2022.<\/p>\n<p><a href=\"#_ednref25\" name=\"_edn25\">[25]<\/a> Video del portal MEMRI TV No. 9981 &#8211; Madre de Saman Seydi, rapero kurdo iran\u00ed sentenciado a muerte por el r\u00e9gimen por participar en las protestas, pide ayuda para evitar su ejecuci\u00f3n: Le pido al pueblo y a las organizaciones de derechos humanos que ayuden a mi hijo, 1 de diciembre, 2022.<\/p>\n<p><a href=\"#_ednref26\" name=\"_edn26\">[26]<\/a> Instagram.com\/p\/CkqEH6MOmLG\/?igshid=MDJmNzVkMjY=, 7 de noviembre, 2022.<\/p>\n","protected":false},"excerpt":{"rendered":"<p>Historial Saman Teimur Seydi, tambi\u00e9n conocido como Saman Yasin, es rapero, cantautor y compositor kurdo-iran\u00ed de 24 a\u00f1os de edad oriundo de Kermashan quien vive en Teher\u00e1n con su familia. Seydi es uno de los m\u00e1s de 60 iran\u00edes condenados a muerte hasta ahora por la Rep\u00fablica Isl\u00e1mica de Ir\u00e1n.[1] En su p\u00e1gina personal Instagram, [&hellip;]<\/p>\n","protected":false},"author":1,"featured_media":62065,"comment_status":"open","ping_status":"open","sticky":false,"template":"","format":"standard","meta":{"footnotes":""},"categories":[4,5,20,18,2],"tags":[],"class_list":["post-62064","post","type-post","status-publish","format-standard","has-post-thumbnail","hentry","category-archivos","category-analisis-e-investigacion","category-iran","category-paises","category-featured"],"_links":{"self":[{"href":"https:\/\/www2.memri.org\/espanol\/wp-json\/wp\/v2\/posts\/62064","targetHints":{"allow":["GET"]}}],"collection":[{"href":"https:\/\/www2.memri.org\/espanol\/wp-json\/wp\/v2\/posts"}],"about":[{"href":"https:\/\/www2.memri.org\/espanol\/wp-json\/wp\/v2\/types\/post"}],"author":[{"embeddable":true,"href":"https:\/\/www2.memri.org\/espanol\/wp-json\/wp\/v2\/users\/1"}],"replies":[{"embeddable":true,"href":"https:\/\/www2.memri.org\/espanol\/wp-json\/wp\/v2\/comments?post=62064"}],"version-history":[{"count":0,"href":"https:\/\/www2.memri.org\/espanol\/wp-json\/wp\/v2\/posts\/62064\/revisions"}],"wp:featuredmedia":[{"embeddable":true,"href":"https:\/\/www2.memri.org\/espanol\/wp-json\/wp\/v2\/media\/62065"}],"wp:attachment":[{"href":"https:\/\/www2.memri.org\/espanol\/wp-json\/wp\/v2\/media?parent=62064"}],"wp:term":[{"taxonomy":"category","embeddable":true,"href":"https:\/\/www2.memri.org\/espanol\/wp-json\/wp\/v2\/categories?post=62064"},{"taxonomy":"post_tag","embeddable":true,"href":"https:\/\/www2.memri.org\/espanol\/wp-json\/wp\/v2\/tags?post=62064"}],"curies":[{"name":"wp","href":"https:\/\/api.w.org\/{rel}","templated":true}]}}