{"id":62040,"date":"2022-12-15T15:14:04","date_gmt":"2022-12-15T19:14:04","guid":{"rendered":"https:\/\/www2.memri.org\/espanol\/?p=62040"},"modified":"2022-12-16T15:15:18","modified_gmt":"2022-12-16T19:15:18","slug":"el-genocidio-en-camara-lenta-del-pueblo-baluchi-en-la-republica-islamica-de-iran","status":"publish","type":"post","link":"https:\/\/www2.memri.org\/espanol\/el-genocidio-en-camara-lenta-del-pueblo-baluchi-en-la-republica-islamica-de-iran\/62040","title":{"rendered":"El genocidio en \u00abc\u00e1mara lenta\u00bb del pueblo baluchi en la Rep\u00fablica Isl\u00e1mica de Ir\u00e1n"},"content":{"rendered":"<p><em>Los baluchis son un grupo \u00e9tnico originario de Baluchist\u00e1n, al suroeste de Asia. En el siglo pasado, con la fundaci\u00f3n de los estados-naci\u00f3n modernos, su tierra natal fue ocupada y dividida entre Ir\u00e1n, Afganist\u00e1n y Pakist\u00e1n. No existen estad\u00edsticas nada fiables sobre el n\u00famero total de baluchis existentes, aunque en el a\u00f1o 2013 su poblaci\u00f3n se estim\u00f3 en unos 10 millones.<\/em><a href=\"#_edn1\" name=\"_ednref1\">[1]<\/a><em> Aproximadamente, alrededor del 70% de la poblaci\u00f3n baluchi total vive en Baluchist\u00e1n, es cual est\u00e1 controlado por Pakist\u00e1n, mientras que el 20% habita en la provincia de Sist\u00e1n y Baluchist\u00e1n, al sureste de Ir\u00e1n y alrededor del 10% reside en las \u00e1reas del sur de Afganist\u00e1n.<\/em><\/p>\n<p><em>A lo largo del siglo 20 y hasta el d\u00eda de hoy, los baluchis se han enfrentado a una discriminaci\u00f3n sistem\u00e1tica, masacres y reasentamientos forzados. Estos han sido privados de sus derechos culturales, sociales, econ\u00f3micos y pol\u00edticos en su propia patria.<\/em><a href=\"#_edn2\" name=\"_ednref2\">[2]<\/a><em> Luego de la fundaci\u00f3n de la Rep\u00fablica Isl\u00e1mica en el a\u00f1o de 1979, debido a su adhesi\u00f3n al islam sunita, los baluchis en Ir\u00e1n han sido objeto de discriminaci\u00f3n religiosa adem\u00e1s de la discriminaci\u00f3n \u00e9tnica ya existente.<\/em><\/p>\n<p><em>Los baluchis se han resistido con vehemencia a varias pol\u00edticas de asimilaci\u00f3n que fueron orquestadas por los gobiernos centrales de Ir\u00e1n y Pakist\u00e1n. De hecho, la reciente sublevaci\u00f3n en Ir\u00e1n &#8211; ampliamente llamada Enghelab-e 1401 (que significa la \u00abRevoluci\u00f3n del 2022\u00bb) por los manifestantes en todo el pa\u00eds, ha avivado una vez m\u00e1s las llamas del nacionalismo baluchi y su demanda a lograr su libertad y auto-determinaci\u00f3n.<\/em><\/p>\n<figure style=\"width: 793px\" class=\"wp-caption alignnone\"><img loading=\"lazy\" decoding=\"async\" class=\"half-\" src=\"https:\/\/www.memri.org\/sites\/default\/files\/2022\/MDB439.jpg\" alt=\"(Fuente: Twitter)\" width=\"793\" height=\"523\" \/><figcaption class=\"wp-caption-text\">(Fuente: Twitter)<\/figcaption><\/figure>\n<p><strong>Molavi Abdolhamid emerge como l\u00edder principal en contra del r\u00e9gimen<\/strong><\/p>\n<p>Durante d\u00e9cadas, independientemente de sus opiniones e ideolog\u00edas pol\u00edticas, los baluchis se han aliado con Molavi Abdolhamid Ismaeelzahi, el imam sunita de Zahedan, quien se ha convertido en l\u00edder carism\u00e1tico con fuerte influencia sobre los musulmanes sunitas en todo Ir\u00e1n, incluyendo a los kurdos.<\/p>\n<p>Desde el comienzo del alzamiento en Ir\u00e1n, Molavi Abdolhamid ha criticado duramente a las autoridades por su brutalidad y por acusar a los manifestantes de delitos capitales. El d\u00eda 2 de diciembre, 2022 el imam sunita dijo en un serm\u00f3n que el r\u00e9gimen iran\u00ed deber\u00eda rendir cuentas por asesinar manifestantes sunitas anti-r\u00e9gimen. Este inst\u00f3 al r\u00e9gimen a \u00absentarse\u00bb con los manifestantes y llegar a concretar un \u00abt\u00e9rmino medio\u00bb agregando: \u00abDonde se impiden cr\u00edticas, se crea tiran\u00eda\u00bb.<\/p>\n<p>Molavi Abdolhamid dijo lo siguiente: \u00abDurante 44 a\u00f1os, hemos sufrido de discriminaci\u00f3n, desigualdad y presiones. Todo el pueblo iran\u00ed ha sufrido de discriminaci\u00f3n&#8230; Pero ahora, la poblaci\u00f3n est\u00e1 exigiendo sus derechos. Estamos haciendo demandas. Nosotros, quienes estamos aqu\u00ed, tambi\u00e9n estamos cansados de discriminaci\u00f3n y presiones. Estamos cansados de tanta pobreza. No nos encierren. No golpeen a la poblaci\u00f3n. Esta gente tiene hambre. Si\u00e9ntense con ellos y lleguen a un t\u00e9rmino medio&#8230; Nos hemos muerto. &#8230; Aqu\u00ed hemos muerto. Aqu\u00ed nos asesinaron con ametralladoras, sin raz\u00f3n alguna&#8230; Nos asesinaron pero nosotros no asesinamos a nadie y no permitiremos que nadie mate a nadie\u00bb.<a href=\"#_edn3\" name=\"_ednref3\">[3]<\/a><\/p>\n<p>En respuesta a la brutal represi\u00f3n del r\u00e9gimen contra el pueblo baluchi, Molavi Abdolhamid tambi\u00e9n pidi\u00f3 a las autoridades iran\u00edes que celebraran un refer\u00e9ndum sobre la auto-determinaci\u00f3n. El d\u00eda 4 de noviembre, durante un serm\u00f3n de los viernes en la ciudad de Zahedan, Molavi Abdolhamid dijo lo siguiente: \u201cCelebren un refer\u00e9ndum con observadores internacionales. Funcionarios, escuchen el clamor del pueblo. La gente ha estado protestando en las calles durante 50 d\u00edas; no pueden hacerlos retroceder mat\u00e1ndolos y encarcel\u00e1ndolos, porque han visto sangre y han asesinado a los suyos. Celebren un refer\u00e9ndum y vean qu\u00e9 es lo que quiere el pueblo de Ir\u00e1n y con qu\u00e9 tipo de cambio se sentir\u00e1n felices\u00bb.<a href=\"#_edn4\" name=\"_ednref4\">[4]<\/a><\/p>\n<p>El llamado de Molavi Abdolhamid se produjo luego que el general de brigada Ahmad Shafaei, comandante del Cuerpo de la Guardia Revolucionaria Isl\u00e1mica (CGRI) en Baluchist\u00e1n, dijera que los enemigos de Ir\u00e1n hab\u00edan se\u00f1alado a Zahedan como la primera ciudad en \u00abcaer\u00bb, pero que la fuerza \u00e9lite frustr\u00f3 sus esfuerzos.<a href=\"#_edn5\" name=\"_ednref5\">[5]<\/a> El comentario se produjo luego que el r\u00e9gimen isl\u00e1mico reprimiera violentamente las protestas de los manifestantes en Balochi el d\u00eda 30 de septiembre, lo que llev\u00f3 a lo que se conoci\u00f3 como la \u00abmasacre de Zahedan\u00bb o \u00abViernes Sangriento\u00bb, en la que murieron m\u00e1s de 90 personas.<a href=\"#_edn6\" name=\"_ednref6\">[6]<\/a><\/p>\n<p>En respuesta a la llamada de Molavi Abdolhamid, la agencia de noticias Tasnim calific\u00f3 al imam sunita de \u00abfuente de inseguridad\u00bb en Sist\u00e1n y Baluchist\u00e1n, afirmando que en su lugar este deber\u00eda pedirle a sus \u00abamigos dictadores sauditas que celebren un refer\u00e9ndum\u00bb.<a href=\"#_edn7\" name=\"_ednref7\">[7]<\/a> El 28 de noviembre, 2022 el medio de comunicaci\u00f3n en Londres <em>Iran International<\/em>, public\u00f3 un audio filtrado de Qasem Qoreyshi, subcomandante de las fuerzas paramilitares Basij, en el que revela su preocupaci\u00f3n por el creciente levantamiento en el pa\u00eds y el creciente poder pol\u00edtico de Molavi Abdolhamid en Baluchist\u00e1n.<a href=\"#_edn8\" name=\"_ednref8\">[8]<\/a><\/p>\n<p>En el audio, Qoreyshi declar\u00f3 que el l\u00edder supremo Ali Jamenei exigi\u00f3 que se le advirtiera a Molavi Abdolhamid. Luego agreg\u00f3: \u00abCometimos un error con Abdolhamid. Primero eliminamos a los l\u00edderes tribales de la regi\u00f3n para darle m\u00e1s cr\u00e9dito a Abdolhamid. Sin embargo, este no carg\u00f3 consigo mucho peso en el pasado\u00bb.<a href=\"#_edn9\" name=\"_ednref9\">[9]<\/a><\/p>\n<figure style=\"width: 766px\" class=\"wp-caption alignnone\"><img loading=\"lazy\" decoding=\"async\" class=\"half-\" src=\"https:\/\/www.memri.org\/sites\/default\/files\/2022\/MDB4391.jpg\" alt=\"Serm\u00f3n dado el 2 de diciembre, 2022 en Zahedan por Maulvi Abdul Hamid. (Fuente: Video del portal MEMRI TV No. 9978 - Serm\u00f3n de los viernes en Zahedan, Ir\u00e1n l\u00edder espiritual sunita Molavi Abdolhamid exige responsabilidad por las v\u00edctimas asesinadas durante la represi\u00f3n contra los manifestantes y agrega: Donde se previenen cr\u00edticas, se crea tiran\u00eda; siempre se debe seguir tras la verdad, incluso cuando esta es pronunciada por estadounidenses e israel\u00edes, 2 de diciembre, 2022)\" width=\"766\" height=\"393\" \/><figcaption class=\"wp-caption-text\">Serm\u00f3n dado el 2 de diciembre, 2022 en Zahedan por Maulvi Abdul Hamid. (Fuente: Video del portal MEMRI TV No. 9978 &#8211; Serm\u00f3n de los viernes en Zahedan, Ir\u00e1n l\u00edder espiritual sunita Molavi Abdolhamid exige responsabilidad por las v\u00edctimas asesinadas durante la represi\u00f3n contra los manifestantes y agrega: Donde se previenen cr\u00edticas, se crea tiran\u00eda; siempre se debe seguir tras la verdad, incluso cuando esta es pronunciada por estadounidenses e israel\u00edes, 2 de diciembre, 2022)<\/figcaption><\/figure>\n<p><strong>\u00abBuen baluchi &#8211; mal baluchi\u00bb<\/strong><\/p>\n<p>Durante d\u00e9cadas, los gobiernos de Ir\u00e1n y Pakist\u00e1n han creado una dicotom\u00eda \u00abbuenos baluchis y malos baluchis\u00bb. Un \u00abbuen baluchi\u00bb es el que acepta las pol\u00edticas de asimilaci\u00f3n, y un \u00abmal baluchi\u00bb es el que desea preservar su identidad y su idioma. En consecuencia, los baluchis que luchan por sus derechos humanos y \u00e9tnicos b\u00e1sicos han sido descritos como incr\u00e9dulos, terroristas y mercenarios de potencias extranjeras (es decir, Estados Unidos, Arabia Saudita e Israel),<a href=\"#_edn10\" name=\"_ednref10\">[10]<\/a> mientras que los baluchis pro-gobierno, en su mayor\u00eda mul\u00e1 y l\u00edderes, han sido descritos como nobles y leales.<\/p>\n<p>Sin embargo, el reciente levantamiento contra el r\u00e9gimen uni\u00f3, a\u00fan m\u00e1s, al pueblo baluchi, que lucha por la ca\u00edda de la rep\u00fablica isl\u00e1mica y por su auto-determinaci\u00f3n, tras d\u00e9cadas de vivir bajo represi\u00f3n. Las mujeres de Sist\u00e1n y Baluchist\u00e1n tambi\u00e9n han participado activamente en la sublevaci\u00f3n en curso. Se ha visto a mujeres en Zahedan sosteniendo pancartas con el dicho \u00abMujer, vida, libertad\u00bb y cantando consignas en contra del r\u00e9gimen, como el de \u00abYa sea con hiyab o sin \u00e9l, hacia la revoluci\u00f3n\u00bb.<\/p>\n<p>Cabe se\u00f1alar que un informe reciente de la organizaci\u00f3n Iran Human Rights (IHRNGO) muestra que \u00ablos prisioneros baluchis representaron el 21% de todas las ejecuciones en el a\u00f1o 2021, aunque solo representan del 2 al 6% de la poblaci\u00f3n de Ir\u00e1n\u00bb.<a href=\"#_edn11\" name=\"_ednref11\">[11]<\/a> Tambi\u00e9n cabe se\u00f1alar que, debido a la falta de atenci\u00f3n m\u00e9dica adecuada, la tasa de mortalidad materna e infantil en la provincia de Sist\u00e1n y Baluchist\u00e1n es tres veces mayor que el promedio nacional.<a href=\"#_edn12\" name=\"_ednref12\">[12]<\/a> Adem\u00e1s, la provincia tiene el ingreso per c\u00e1pita m\u00e1s bajo de Ir\u00e1n, con casi el 80% de los baluchis viviendo por debajo del nivel nacional de pobreza seg\u00fan algunos estimados, a pesar de vivir en un \u00e1rea rica en recursos naturales.<a href=\"#_edn13\" name=\"_ednref13\">[13]<\/a><\/p>\n<figure style=\"width: 1200px\" class=\"wp-caption alignnone\"><img loading=\"lazy\" decoding=\"async\" class=\"half-size-image\" src=\"https:\/\/www.memri.org\/sites\/default\/files\/2022\/MDB4392.jpg\" alt=\"Ali Rakhshani, de 16 a\u00f1os de edad y su hermano Mohammad de 15, se cree fueron condenados a muerte en Zahedan. (Fuente: Humgaam.net, 3 de diciembre, 2022)\" width=\"1200\" height=\"681\" \/><figcaption class=\"wp-caption-text\">Ali Rakhshani, de 16 a\u00f1os de edad y su hermano Mohammad de 15, se cree fueron condenados a muerte en Zahedan. (Fuente: Humgaam.net, 3 de diciembre, 2022)<\/figcaption><\/figure>\n<p>Tras la masacre del r\u00e9gimen iran\u00ed perpetrada el 30 de septiembre en Zahedan, el ministro del Interior iran\u00ed Ahmad Vahidi, justific\u00f3 una mayor brutalidad del gobierno contra los baluchis y dijo lo siguiente: \u00abHemos sido testigos de una gran destrucci\u00f3n por parte de alborotadores y de aquellos que atacaron la unidad, la estabilidad y la comodidad de los baluchis\u00bb y ciudadanos no baluchis, cuyo trabajo no es menos de lo que esperamos del enemigo&#8230; El enemigo apunt\u00f3 a nuestra unidad, por lo que debemos demostrar m\u00e1s que nunca que las flechas del enemigo no dieron en sus objetivos y que defendemos a los fuertes. Ir\u00e1n y su soberan\u00eda y no permitiremos que el enemigo interfiera en los asuntos del pa\u00eds\u00bb.<a href=\"#_edn14\" name=\"_ednref14\">[14]<\/a><\/p>\n<p>El medio de comunicaci\u00f3n patrocinado por el estado <em>Iran In Arabic<\/em> declar\u00f3 lo siguiente: \u00abEl takfiri y grupos terroristas se extendieron en las provincias de Kurdist\u00e1n y Sist\u00e1n y Baluchist\u00e1n, al oeste y este de Ir\u00e1n, donde intentaron separar las dos provincias para convertirlas en dos estados independientes\u00bb.<a href=\"#_edn15\" name=\"_ednref15\">[15]<\/a><\/p>\n<figure style=\"width: 772px\" class=\"wp-caption alignnone\"><img loading=\"lazy\" decoding=\"async\" class=\"half-size-image\" src=\"https:\/\/www.memri.org\/sites\/default\/files\/2022\/MDB4393.jpg\" alt=\"Protestas contra el r\u00e9gimen en la provincia iran\u00ed de Baluchist\u00e1n.\" width=\"772\" height=\"430\" \/><figcaption class=\"wp-caption-text\">Protestas contra el r\u00e9gimen en la provincia iran\u00ed de Baluchist\u00e1n.<\/figcaption><\/figure>\n<figure style=\"width: 771px\" class=\"wp-caption alignnone\"><img loading=\"lazy\" decoding=\"async\" class=\"half-size-image\" src=\"https:\/\/www.memri.org\/sites\/default\/files\/2022\/MDB4394_0.jpg\" alt=\"Protestas contra el r\u00e9gimen en la provincia iran\u00ed de Baluchist\u00e1n.\" width=\"771\" height=\"445\" \/><figcaption class=\"wp-caption-text\">Protestas contra el r\u00e9gimen en la provincia iran\u00ed de Baluchist\u00e1n.<\/figcaption><\/figure>\n<figure style=\"width: 1200px\" class=\"wp-caption alignnone\"><img loading=\"lazy\" decoding=\"async\" class=\"half-size-image\" src=\"https:\/\/www.memri.org\/sites\/default\/files\/2022\/MDB4395.jpg\" alt=\"Protestas contra el r\u00e9gimen en la provincia iran\u00ed de Baluchist\u00e1n.\" width=\"1200\" height=\"699\" \/><figcaption class=\"wp-caption-text\">Protestas contra el r\u00e9gimen en la provincia iran\u00ed de Baluchist\u00e1n.<\/figcaption><\/figure>\n<figure style=\"width: 1200px\" class=\"wp-caption alignnone\"><img loading=\"lazy\" decoding=\"async\" class=\"half-size-image\" src=\"https:\/\/www.memri.org\/sites\/default\/files\/2022\/MDB4396_0.jpg\" alt=\"Protestas contra el r\u00e9gimen en la provincia iran\u00ed de Baluchist\u00e1n.\" width=\"1200\" height=\"693\" \/><figcaption class=\"wp-caption-text\">Protestas contra el r\u00e9gimen en la provincia iran\u00ed de Baluchist\u00e1n.<\/figcaption><\/figure>\n<figure style=\"width: 796px\" class=\"wp-caption alignnone\"><img loading=\"lazy\" decoding=\"async\" class=\"half-size-image\" src=\"https:\/\/www.memri.org\/sites\/default\/files\/2022\/MDB4397_0.jpg\" alt=\"Protestas contra el r\u00e9gimen en la provincia iran\u00ed de Baluchist\u00e1n. (Fuente: Video del portal MEMRI TV No. 9927 - Protestas contra el r\u00e9gimen en la provincia iran\u00ed de Baluchist\u00e1n: \u00a1Libertad para Baluchist\u00e1n! \u00a1Los kurdos no est\u00e1n solos! \u00a1Maldito el gobierno del jurisprudente! \u00a1Muerte a Basiji!, 11 de noviembre, 2022)\" width=\"796\" height=\"464\" \/><figcaption class=\"wp-caption-text\">Protestas contra el r\u00e9gimen en la provincia iran\u00ed de Baluchist\u00e1n. (Fuente: Video del portal MEMRI TV No. 9927 &#8211; Protestas contra el r\u00e9gimen en la provincia iran\u00ed de Baluchist\u00e1n: \u00a1Libertad para Baluchist\u00e1n! \u00a1Los kurdos no est\u00e1n solos! \u00a1Maldito el gobierno del jurisprudente! \u00a1Muerte a Basiji!, 11 de noviembre, 2022)<\/figcaption><\/figure>\n<p><strong>Judanoor Lajai, un s\u00edmbolo del levantamiento iran\u00ed<\/strong><\/p>\n<p>Judanoor Lajai, un joven baluchi asesinado por el r\u00e9gimen iran\u00ed, se convirti\u00f3 en uno de los s\u00edmbolos del levantamiento iran\u00ed. Justo despu\u00e9s del \u00abViernes sangriento\u00bb, las fuerzas de seguridad iran\u00edes le dispararon a Lajai. \u201cLa bala le dio cerca de la m\u00e9dula espinal, estaba vivo en el hospital, lo \u00fanico que tem\u00edamos era que quedara paralizado, porque ten\u00eda las piernas entumecidas. Los m\u00e9dicos dijeron que no era necesario operarlo\u2026 El hospital Zahedan Social Security le pertenece a la filial del CGRI&#8230;\u00bb le dijo una fuente a Radio Zamaneh, afirmando que los funcionarios del hospital dejaron morir a Lajai.<a href=\"#_edn16\" name=\"_ednref16\">[16]<\/a><\/p>\n<p>Meses antes, Lajai fue arrestado, torturado y esposado a un m\u00e1stil por el Basij. La foto viral de \u00e9l con las manos atadas al asta de la bandera fue tomada por las fuerzas de seguridad iran\u00edes y entregada a su familia. Despu\u00e9s de su muerte, esta foto inspir\u00f3 muchas manifestaciones contra el r\u00e9gimen, ya que Lajai se convirti\u00f3 en un s\u00edmbolo de la opresi\u00f3n que sufre el pueblo iran\u00ed.<\/p>\n<p>Lajai, que no ten\u00eda certificado de nacimiento ni documentos de identidad, ten\u00eda una cuenta Instagram en la que subi\u00f3 algunos videos de \u00e9l mismo bailando en p\u00fablico, lo cual est\u00e1 prohibido en Ir\u00e1n. Aparentemente, en el momento en que estuvo arrestado por pelear con el hijo de Basij, estos videos se usaron para acusarlo. En ese momento, la comunidad baluchi local logr\u00f3 liberarlo, luego de recolectar la suma de 100 millones de tomanes (alrededor de $2,300) para su liberaci\u00f3n.<a href=\"#_edn17\" name=\"_ednref17\">[17]<\/a><\/p>\n<figure style=\"width: 1067px\" class=\"wp-caption alignnone\"><img loading=\"lazy\" decoding=\"async\" class=\"half-size-image\" src=\"https:\/\/www.memri.org\/sites\/default\/files\/2022\/MDB4398.jpg\" alt=\"Judanoor Lajai esposado a un m\u00e1stil (Fuente: Twitter)\" width=\"1067\" height=\"896\" \/><figcaption class=\"wp-caption-text\">Judanoor Lajai esposado a un m\u00e1stil (Fuente: Twitter)<\/figcaption><\/figure>\n<figure style=\"width: 1170px\" class=\"wp-caption alignnone\"><img loading=\"lazy\" decoding=\"async\" class=\"half-size-image\" src=\"https:\/\/www.memri.org\/sites\/default\/files\/2022\/MDB4399.jpg\" alt=\"Actuaci\u00f3n de protesta en contra del r\u00e9gimen por estudiantes de la Universidad de Kurdist\u00e1n, en honor a Judanoor Lajai. (Fuente: Twitter)\" width=\"1170\" height=\"658\" \/><figcaption class=\"wp-caption-text\">Actuaci\u00f3n de protesta en contra del r\u00e9gimen por estudiantes de la Universidad de Kurdist\u00e1n, en honor a Judanoor Lajai. (Fuente: Twitter)<\/figcaption><\/figure>\n<figure style=\"width: 1200px\" class=\"wp-caption alignnone\"><img loading=\"lazy\" decoding=\"async\" class=\"half-size-image\" src=\"https:\/\/www.memri.org\/sites\/default\/files\/2022\/MDB43910.jpg\" alt=\"Judanoor Lajai bailando (Fuente: Twitter)\" width=\"1200\" height=\"1010\" \/><figcaption class=\"wp-caption-text\">Judanoor Lajai bailando (Fuente: Twitter)<\/figcaption><\/figure>\n<figure style=\"width: 480px\" class=\"wp-caption alignnone\"><img loading=\"lazy\" decoding=\"async\" class=\"half-size-image\" src=\"https:\/\/www.memri.org\/sites\/default\/files\/2022\/MDB43911.jpg\" alt=\"Desafiando el sharia, una mujer vestida con ropa tradicional baluch baila al pie de la torre Teher\u00e1n Azadi (Libertad) para rendirle homenaje a Judanoor Lajai. (Ver v\u00eddeo)\" width=\"480\" height=\"569\" \/><figcaption class=\"wp-caption-text\">Desafiando el sharia, una mujer vestida con ropa tradicional baluch baila al pie de la torre Teher\u00e1n Azadi (Libertad) para rendirle homenaje a Judanoor Lajai. (Ver v\u00eddeo)<\/figcaption><\/figure>\n<p><strong>Cooperaci\u00f3n militar Ir\u00e1n-Pakist\u00e1n para contener el nacionalismo baluchi<\/strong><\/p>\n<p>Mientras tanto, las medidas de seguridad en la frontera iran\u00ed-paquistan\u00ed se han endurecido desde ambos lados, debido a la preocupaci\u00f3n de que los baluchis en Pakist\u00e1n reaccionen militarmente a la represi\u00f3n de sus co-etnias en Sist\u00e1n y Baluchist\u00e1n.<\/p>\n<p>Parece ser que los drones del r\u00e9gimen iran\u00ed han sido desplegados recientemente por Pakist\u00e1n en sus ataques contra los combatientes baluchis. Azad Baloch, un portavoz del Ej\u00e9rcito de Liberaci\u00f3n Baloch (ELB), dijo en un comunicado que 9 combatientes baluchi murieron en la regi\u00f3n de Kahan de Baluchist\u00e1n en un ataque perpetrado con drones del ej\u00e9rcito de Pakist\u00e1n el d\u00eda 26 de noviembre. Este acus\u00f3 directamente a Ir\u00e1n de suministrar drones kamikaze a Pakist\u00e1n. Ir\u00e1n y Pakist\u00e1n a\u00fan no han rechazado ni confirmado la acusaci\u00f3n; sin embargo, acuerdos bilaterales recientes dan pistas sobre la creciente cooperaci\u00f3n regional entre los dos pa\u00edses con el \u00fanico objetivo de contener el creciente nacionalismo baluchi.<a href=\"#_edn18\" name=\"_ednref18\">[18]<\/a><\/p>\n<figure style=\"width: 1200px\" class=\"wp-caption alignnone\"><img loading=\"lazy\" decoding=\"async\" class=\"half-size-image\" src=\"https:\/\/www.memri.org\/sites\/default\/files\/2022\/MDB43912.jpg\" alt=\"Dron suicida fabricado en Ir\u00e1n (Fuente: Baloch Liberation Voice)\" width=\"1200\" height=\"678\" \/><figcaption class=\"wp-caption-text\">Dron suicida fabricado en Ir\u00e1n (Fuente: Baloch Liberation Voice)<\/figcaption><\/figure>\n<p><strong>Conclusi\u00f3n<\/strong><\/p>\n<p>El r\u00e9gimen iran\u00ed, junto al paquistan\u00ed, est\u00e1 involucrado en el \u00abgenocidio a c\u00e1mara lenta\u00bb del pueblo baluchi. En el mes de junio, 2022 el jefe del Movimiento Liberaci\u00f3n de Baluchist\u00e1n Hyrbyair Marri, afirm\u00f3 que, desde enero a mayo, 2022 el 25% de los ejecutados por Ir\u00e1n eran baluchis. Este tambi\u00e9n agreg\u00f3 que las ejecuciones de baluchis por cargos falsos son una forma de \u00ablegitimar\u00bb y \u00ablegalizar\u00bb el \u00abbalochicidio\u00bb, es decir, la pol\u00edtica iran\u00ed de genocidio contra el pueblo baluchi durante un siglo. Marri tambi\u00e9n dijo que, en el mes de junio, m\u00e1s de 120 prisioneros baluchis se encontraban en el corredor de la muerte esperando su ejecuci\u00f3n en la prisi\u00f3n central de Zahedan.<a href=\"#_edn19\" name=\"_ednref19\">[19]<\/a><\/p>\n<p>Seg\u00fan los portales baluchis y usuarios en las redes sociales, desde el comienzo de las protestas, 77 prisioneros baluchis han sido ejecutados.<a href=\"#_edn20\" name=\"_ednref20\">[20]<\/a> El n\u00famero puede ser a\u00fan mayor, ya que a menudo los servicios de seguridad no informan a las familias y ni siquiera registran los nombres de los presos ejecutados. Tambi\u00e9n cabe se\u00f1alar que, por el momento, se espera que dos menores baluchi sean ejecutados pronto. Seg\u00fan los informes, Ali Rakhshani, de 16 a\u00f1os de edad y su hermano Mohammad de 15, fueron condenados a muerte en Zahedan.<\/p>\n<p>Ya es hora de que la comunidad internacional act\u00fae y ponga fin a la dif\u00edcil situaci\u00f3n de las minor\u00edas en Ir\u00e1n. El d\u00eda despu\u00e9s del \u00abViernes sangriento\u00bb en Zahedan, Marri tuite\u00f3: \u00abEl r\u00e9gimen asesino iran\u00ed ha atacado otra vez&#8230; Esto ser\u00e1 recordado para siempre como un d\u00eda negro. Nosotros, los baluchi, no podemos confiar en que otros nos liberen. Ahora es el momento de unirnos contra los ocupantes\u00bb.<a href=\"#_edn21\" name=\"_ednref21\">[21]<\/a><\/p>\n<p><em>*Himdad Mustafa es estudioso kurdo y experto en temas kurdos e iran\u00edes.<\/em><\/p>\n<hr \/>\n<p><a href=\"#_ednref1\" name=\"_edn1\">[1]<\/a> Iranprimer.usip.org\/blog\/2013\/sep\/03\/iran-minorities-2-ethnic-diversity, 3 de septiembre, 2013.<\/p>\n<p><a href=\"#_ednref2\" name=\"_edn2\">[2]<\/a> V\u00e9ase la serie de MEMRI Informe diario No. 436 &#8211; Baluchist\u00e1n es un puesto avanzado estrat\u00e9gico para contrarrestar a la Rep\u00fablica Isl\u00e1mica de Ir\u00e1n, por Rudam Azad, 6 de diciembre, 2022.<\/p>\n<p><a href=\"#_ednref3\" name=\"_edn3\">[3]<\/a> V\u00e9ase la serie de MEMRI Despacho Especial No. 10366 &#8211; En serm\u00f3n de los viernes en Zahedan, Ir\u00e1n el l\u00edder espiritual sunita Molavi Abdolhamid exige responsabilidad por las v\u00edctimas asesinadas durante la represi\u00f3n contra los manifestantes y agrega: Donde se evitan cr\u00edticas, se crea tiran\u00eda; siempre se debe seguir a la verdad, as\u00ed sea esta pronunciada por estadounidenses e israel\u00edes, 8 de diciembre, 2022; v\u00e9ase el video del portal MEMRI TV No. 9978 &#8211; Serm\u00f3n de los viernes en Zahedan, Ir\u00e1n, l\u00edder espiritual sunita Molavi Abdolhamid exige responsabilidad por las v\u00edctimas asesinadas durante la represi\u00f3n contra los manifestantes y agrega: Donde se previenen cr\u00edticas, se crea tiran\u00eda; siempre se debe seguir la verdad, incluso cuando esta es pronunciada por estadounidenses e israel\u00edes, 2 de diciembre, 2022.<\/p>\n<p><a href=\"#_ednref4\" name=\"_edn4\">[4]<\/a> English.alarabiya.net\/News\/middle-east\/2022\/11\/04\/Iran-s-top-Sunni-cleric-calls-for-a-referendum-amid-anti-regime-protests, 4 de noviembre, 2022.<\/p>\n<p><a href=\"#_ednref5\" name=\"_edn5\">[5]<\/a> Ft.com\/content\/19ed45ec-2739-486d-999b-b7d9652722e6, 6 de noviembre, 2022.<\/p>\n<p><a href=\"#_ednref6\" name=\"_edn6\">[6]<\/a> V\u00e9ase la serie de MEMRI Informe diario No. 436 &#8211; Baluchist\u00e1n es un puesto avanzado estrat\u00e9gico para contrarrestar a la Rep\u00fablica Isl\u00e1mica de Ir\u00e1n, por Rudam Azad, 6 de diciembre, 2022.<\/p>\n<p><a href=\"#_ednref7\" name=\"_edn7\">[7]<\/a> Iranintl.com\/en\/202211051722, 5 de noviembre, 2022.<\/p>\n<p><a href=\"#_ednref8\" name=\"_edn8\">[8]<\/a> Iranintl.com\/en\/202211282012, 28 de noviembre, 2022.<\/p>\n<p><a href=\"#_ednref9\" name=\"_edn9\">[9]<\/a> Iranintl.com\/en\/202211282012, 28 de noviembre, 2022.<\/p>\n<p><a href=\"#_ednref10\" name=\"_edn10\">[10]<\/a> Presstv.ir\/Detail\/2022\/11\/14\/692688\/Leader-orders-probe-into-recent-incidents-southeast-Iran, 14 de noviembre de 2022; Tasnimnews.com\/en\/news\/2022\/06\/21\/2732130\/mossad-operatives-arrested-in-iran, 21 de junio, 2022.<\/p>\n<p><a href=\"#_ednref11\" name=\"_edn11\">[11]<\/a> Iranhr.net\/media\/files\/Annual_Report_on_the_Death_Penalty_in_Iran_2021_BwW7LPR.pdf, 2021.<\/p>\n<p><a href=\"#_ednref12\" name=\"_edn12\">[12]<\/a> Kayhanlife.com\/society\/infant-mortality-rate-alarmingly-high-in-sistan-and-baluchestan\/, 24 de noviembre, 2017.<\/p>\n<p><a href=\"#_ednref13\" name=\"_edn13\">[13]<\/a> V\u00e9ase la serie de MEMRI Informe diario No. 436 &#8211; Baluchist\u00e1n es un puesto avanzado estrat\u00e9gico para contrarrestar a la Rep\u00fablica Isl\u00e1mica de Ir\u00e1n, por Rudam Azad, 6 de diciembre, 2022.<\/p>\n<p><a href=\"#_ednref14\" name=\"_edn14\">[14]<\/a> Teherantimes.com\/news\/477351\/Iran-president-orders-investigation-into-Zahedan-events, 7 de octubre, 2022.<\/p>\n<p><a href=\"#_ednref15\" name=\"_edn15\">[15]<\/a> Iraninarabic.com\/%D8%A8%D8%B9%D8%AF-%D8%AA%D9%88%D9%84%D9%8A%D9%87-%D9%85%D9%86% D8%B5%D8%A8%D9%87-%D8%A7%D9%84%D8%AC%D8%AF%D9%8A%D8%AF-%D8%A7%D9%84%D8%B3% D9%88%D8%AF%D8%A7%D9%86%D9%8A-%D9%8A%D8%B2%D9%88%D8%B1-%D8%B7\/, 29 de noviembre, 2022<\/p>\n<p><a href=\"#_ednref16\" name=\"_edn16\">[16]<\/a> Kurdistan-au-feminin.fr\/2022\/11\/08\/khodanur-lajai-lhistoire-dun-homo-sacer-baloutche-au-pays-des-mollahs-sanguinaires\/, 8 de noviembre, 2022.<\/p>\n<p><a href=\"#_ednref17\" name=\"_edn17\">[17]<\/a> Kurdistan-au-feminin.fr\/2022\/11\/08\/khodanur-lajai-lhistoire-dun-homo-sacer-baloutche-au-pays-des-mollahs-sanguinaires\/, 8 de noviembre, 2022.<\/p>\n<p><a href=\"#_ednref18\" name=\"_edn18\">[18]<\/a> Twitter.com\/RudamAzad\/status\/1597556870431940610\/photo\/4, 29 de noviembre, 2022.<\/p>\n<p><a href=\"#_ednref19\" name=\"_edn19\">[19]<\/a> Balochwarna.com\/2022\/06\/12\/hyrbyair-marri-condemns-the-mass-executions-of-baloch-by-iran\/, 12 de junio, 2022.<\/p>\n<p><a href=\"#_ednref20\" name=\"_edn20\">[20]<\/a> Twitter.com\/sabermalekraisi\/status\/1602252102616711169, 12 de diciembre, 2022.<\/p>\n<p><a href=\"#_ednref21\" name=\"_edn21\">[21]<\/a> Twitter.com\/hyrbyair_marri\/status\/1575956062611869696, 1 de octubre, 2022.<\/p>\n","protected":false},"excerpt":{"rendered":"<p>Los baluchis son un grupo \u00e9tnico originario de Baluchist\u00e1n, al suroeste de Asia. En el siglo pasado, con la fundaci\u00f3n de los estados-naci\u00f3n modernos, su tierra natal fue ocupada y dividida entre Ir\u00e1n, Afganist\u00e1n y Pakist\u00e1n. No existen estad\u00edsticas nada fiables sobre el n\u00famero total de baluchis existentes, aunque en el a\u00f1o 2013 su poblaci\u00f3n [&hellip;]<\/p>\n","protected":false},"author":1,"featured_media":62041,"comment_status":"open","ping_status":"open","sticky":false,"template":"","format":"standard","meta":{"footnotes":""},"categories":[4,20,18,8,2],"tags":[],"class_list":["post-62040","post","type-post","status-publish","format-standard","has-post-thumbnail","hentry","category-archivos","category-iran","category-paises","category-alertas-especiales","category-featured"],"_links":{"self":[{"href":"https:\/\/www2.memri.org\/espanol\/wp-json\/wp\/v2\/posts\/62040","targetHints":{"allow":["GET"]}}],"collection":[{"href":"https:\/\/www2.memri.org\/espanol\/wp-json\/wp\/v2\/posts"}],"about":[{"href":"https:\/\/www2.memri.org\/espanol\/wp-json\/wp\/v2\/types\/post"}],"author":[{"embeddable":true,"href":"https:\/\/www2.memri.org\/espanol\/wp-json\/wp\/v2\/users\/1"}],"replies":[{"embeddable":true,"href":"https:\/\/www2.memri.org\/espanol\/wp-json\/wp\/v2\/comments?post=62040"}],"version-history":[{"count":0,"href":"https:\/\/www2.memri.org\/espanol\/wp-json\/wp\/v2\/posts\/62040\/revisions"}],"wp:featuredmedia":[{"embeddable":true,"href":"https:\/\/www2.memri.org\/espanol\/wp-json\/wp\/v2\/media\/62041"}],"wp:attachment":[{"href":"https:\/\/www2.memri.org\/espanol\/wp-json\/wp\/v2\/media?parent=62040"}],"wp:term":[{"taxonomy":"category","embeddable":true,"href":"https:\/\/www2.memri.org\/espanol\/wp-json\/wp\/v2\/categories?post=62040"},{"taxonomy":"post_tag","embeddable":true,"href":"https:\/\/www2.memri.org\/espanol\/wp-json\/wp\/v2\/tags?post=62040"}],"curies":[{"name":"wp","href":"https:\/\/api.w.org\/{rel}","templated":true}]}}