{"id":62028,"date":"2022-12-13T15:15:06","date_gmt":"2022-12-13T19:15:06","guid":{"rendered":"https:\/\/www2.memri.org\/espanol\/?p=62028"},"modified":"2022-12-14T15:54:59","modified_gmt":"2022-12-14T19:54:59","slug":"chiquillos-visitan-exhibicion-de-armas-de-hamas-en-la-franja-de-gaza-donde-se-muestran-cohetes-drones-artefactos-explosivos-improvisados-y-morteros-y-preparacion-para-una-futura-campana-decisiva","status":"publish","type":"post","link":"https:\/\/www2.memri.org\/espanol\/chiquillos-visitan-exhibicion-de-armas-de-hamas-en-la-franja-de-gaza-donde-se-muestran-cohetes-drones-artefactos-explosivos-improvisados-y-morteros-y-preparacion-para-una-futura-campana-decisiva\/62028","title":{"rendered":"Chiquillos visitan exhibici\u00f3n de armas de Ham\u00e1s en la Franja de Gaza donde se muestran cohetes, drones, artefactos explosivos improvisados y morteros &#8211; y &#8216;preparaci\u00f3n para una futura campa\u00f1a decisiva&#8217; contra Israel"},"content":{"rendered":"<p><em>Entre los eventos que se\u00f1alan el 35avo aniversario de su fundaci\u00f3n, Ham\u00e1s realiz\u00f3 una exhibici\u00f3n de armas el d\u00eda 9 de diciembre del presente a\u00f1o 2022 en la que se exhibieron armas fabricadas localmente. La exposici\u00f3n, realizada en el campo de refugiados de Jabalia al norte de la Franja de Gaza, presenta las diversas armas utilizadas por el ala militar del movimiento, las Brigadas &#8216;Izz Al-Din Al-Qassam. A la ceremonia de apertura asistieron los altos funcionarios de Ham\u00e1s Muhammad Abu &#8216;Askar y Suheil Al-Hindi, comandantes y operarios de Ham\u00e1s armados y enmascarados junto a miembros del ala militar de Ham\u00e1s, adem\u00e1s de muchos civiles palestinos, incluyendo ni\u00f1os.<\/em><\/p>\n<p><em>El vocero de Ham\u00e1s &#8216;Abd Al-Latif Al-Qanou&#8217; explic\u00f3 que la exposici\u00f3n \u00abpresenta la historia del desarrollo de los medios de la resistencia durante los 35 a\u00f1os de existencia del movimiento, comenzando con cuchillos, pistolas y rifles antiguos, e incluyendo cohetes y drones\u00bb.<a href=\"#_edn1\" name=\"_ednref1\"><strong>[1]<\/strong><\/a><\/em><\/p>\n<p><em>La exposici\u00f3n da un vistazo al desarrollo hist\u00f3rico de la fabricaci\u00f3n de armas hecha por Ham\u00e1s, desde los artefactos explosivos improvisados (IED\/siglas en ingl\u00e9s) y morteros hasta la gama de modelos de cohetes y drones, incluyendo los cohetes S50 y M75 y los drones Shehab y Ababeel.<\/em><\/p>\n<p><em>Seg\u00fan el alto funcionario de Ham\u00e1s Muhammad Abu &#8216;Askar, el objetivo de la exposici\u00f3n era \u00abpresentarle a las generaciones palestinas la industria militar creada por las Brigadas Al-Qassam y las etapas de su desarrollo desde la Intifada Al-Aqsa en el a\u00f1o 2000 hasta el presente actualidad\u00bb. Este agreg\u00f3: \u00abLo que ves hoy fue creado con la sangre de los m\u00e1rtires y el sudor de los combatientes. Esta acumulaci\u00f3n de poder, en todas sus formas, constituye la preparaci\u00f3n para una futura campa\u00f1a decisiva en contra de la ocupaci\u00f3n israel\u00ed\u00bb.<a href=\"#_edn2\" name=\"_ednref2\"><strong>[2]<\/strong><\/a><\/em><\/p>\n<p><em>Lo siguiente son fotograf\u00edas de la exhibici\u00f3n de armas realizada por Ham\u00e1s en el campo de refugiados Jabalia:<\/em><\/p>\n<figure style=\"width: 1200px\" class=\"wp-caption alignnone\"><img loading=\"lazy\" decoding=\"async\" class=\"half-size-image\" src=\"https:\/\/www.memri.org\/sites\/default\/files\/2022\/SD10374.JPG\" alt=\"Altos miembros de Ham\u00e1s Suheil Al-Hindi y Muhammad Abu 'Askar y el vocero de Ham\u00e1s 'Abd Al-Latif Al-Qanou' en la exhibici\u00f3n de armas (Fuente: Hamas.ps, 9 de diciembre, 2022)\" width=\"1200\" height=\"730\" \/><figcaption class=\"wp-caption-text\">Altos miembros de Ham\u00e1s Suheil Al-Hindi y Muhammad Abu &#8216;Askar y el vocero de Ham\u00e1s &#8216;Abd Al-Latif Al-Qanou&#8217; en la exhibici\u00f3n de armas (Fuente: Hamas.ps, 9 de diciembre, 2022)<\/figcaption><\/figure>\n<figure style=\"width: 1200px\" class=\"wp-caption alignnone\"><img loading=\"lazy\" decoding=\"async\" class=\"half-size-image\" src=\"https:\/\/www.memri.org\/sites\/default\/files\/2022\/SD103741.JPG\" alt=\"Chicos posan con armas en la exhibici\u00f3n de armas de Ham\u00e1s (Fuente: Safa.ps; T.me\/shamal_online1, 9 de diciembre, 2022)\" width=\"1200\" height=\"1126\" \/><figcaption class=\"wp-caption-text\">Chicos posan con armas en la exhibici\u00f3n de armas de Ham\u00e1s (Fuente: Safa.ps; T.me\/shamal_online1, 9 de diciembre, 2022)<\/figcaption><\/figure>\n<figure style=\"width: 1200px\" class=\"wp-caption alignnone\"><img loading=\"lazy\" decoding=\"async\" class=\"half-size-image\" src=\"https:\/\/www.memri.org\/sites\/default\/files\/2022\/SD103742.JPG\" alt=\"Granadas, artefactos explosivos improvisados (IED\/siglas en ingl\u00e9s), cohetes y drones en la exhibici\u00f3n de armas de Ham\u00e1s (Fuente: Facebook.com\/AJA.Palestine, 8 de diciembre, 2022)\" width=\"1200\" height=\"849\" \/><figcaption class=\"wp-caption-text\">Granadas, artefactos explosivos improvisados (IED\/siglas en ingl\u00e9s), cohetes y drones en la exhibici\u00f3n de armas de Ham\u00e1s (Fuente: Facebook.com\/AJA.Palestine, 8 de diciembre, 2022)<\/figcaption><\/figure>\n<figure style=\"width: 1200px\" class=\"wp-caption alignnone\"><img loading=\"lazy\" decoding=\"async\" class=\"half-size-image\" src=\"https:\/\/www.memri.org\/sites\/default\/files\/2022\/SD103743.JPG\" alt=\"Cohetes y drones en la exhibici\u00f3n de armas de Ham\u00e1s (Fuente: Aa.com.tr, 9 de diciembre, 2022; Aljazeera.net, 10 de diciembre, 2022)\" width=\"1200\" height=\"711\" \/><figcaption class=\"wp-caption-text\">Cohetes y drones en la exhibici\u00f3n de armas de Ham\u00e1s (Fuente: Aa.com.tr, 9 de diciembre, 2022; Aljazeera.net, 10 de diciembre, 2022)<span style=\"color: #222222; font-size: 15px;\">\u00a0<\/span><\/figcaption><\/figure>\n<hr \/>\n<p><a href=\"#_ednref1\" name=\"_edn1\">[1]<\/a> Ham\u00e1s.ps; Felesteen.noticias, 9 de diciembre, 2022.<\/p>\n<p><a href=\"#_ednref2\" name=\"_edn2\">[2]<\/a> Aa.com.tr, 9 de diciembre, 2022.<\/p>\n","protected":false},"excerpt":{"rendered":"<p>Entre los eventos que se\u00f1alan el 35avo aniversario de su fundaci\u00f3n, Ham\u00e1s realiz\u00f3 una exhibici\u00f3n de armas el d\u00eda 9 de diciembre del presente a\u00f1o 2022 en la que se exhibieron armas fabricadas localmente. La exposici\u00f3n, realizada en el campo de refugiados de Jabalia al norte de la Franja de Gaza, presenta las diversas armas [&hellip;]<\/p>\n","protected":false},"author":1,"featured_media":62029,"comment_status":"open","ping_status":"open","sticky":false,"template":"","format":"standard","meta":{"footnotes":""},"categories":[4,6,18,2,23],"tags":[],"class_list":["post-62028","post","type-post","status-publish","format-standard","has-post-thumbnail","hentry","category-archivos","category-comunicados-especiales","category-paises","category-featured","category-autoridad-palestina"],"_links":{"self":[{"href":"https:\/\/www2.memri.org\/espanol\/wp-json\/wp\/v2\/posts\/62028","targetHints":{"allow":["GET"]}}],"collection":[{"href":"https:\/\/www2.memri.org\/espanol\/wp-json\/wp\/v2\/posts"}],"about":[{"href":"https:\/\/www2.memri.org\/espanol\/wp-json\/wp\/v2\/types\/post"}],"author":[{"embeddable":true,"href":"https:\/\/www2.memri.org\/espanol\/wp-json\/wp\/v2\/users\/1"}],"replies":[{"embeddable":true,"href":"https:\/\/www2.memri.org\/espanol\/wp-json\/wp\/v2\/comments?post=62028"}],"version-history":[{"count":0,"href":"https:\/\/www2.memri.org\/espanol\/wp-json\/wp\/v2\/posts\/62028\/revisions"}],"wp:featuredmedia":[{"embeddable":true,"href":"https:\/\/www2.memri.org\/espanol\/wp-json\/wp\/v2\/media\/62029"}],"wp:attachment":[{"href":"https:\/\/www2.memri.org\/espanol\/wp-json\/wp\/v2\/media?parent=62028"}],"wp:term":[{"taxonomy":"category","embeddable":true,"href":"https:\/\/www2.memri.org\/espanol\/wp-json\/wp\/v2\/categories?post=62028"},{"taxonomy":"post_tag","embeddable":true,"href":"https:\/\/www2.memri.org\/espanol\/wp-json\/wp\/v2\/tags?post=62028"}],"curies":[{"name":"wp","href":"https:\/\/api.w.org\/{rel}","templated":true}]}}