{"id":61977,"date":"2022-11-30T15:14:08","date_gmt":"2022-11-30T19:14:08","guid":{"rendered":"https:\/\/www2.memri.org\/espanol\/?p=61977"},"modified":"2022-12-01T15:20:07","modified_gmt":"2022-12-01T19:20:07","slug":"activista-canadiense-laith-marouf-a-quien-se-le-prohibio-utilizar-las-redes-sociales-y-financiarlo-por-su-antisemitismo-dijo-los-sionistas-son-parte-del-sistema-de-gobierno-en-occidente-estamos-en","status":"publish","type":"post","link":"https:\/\/www2.memri.org\/espanol\/activista-canadiense-laith-marouf-a-quien-se-le-prohibio-utilizar-las-redes-sociales-y-financiarlo-por-su-antisemitismo-dijo-los-sionistas-son-parte-del-sistema-de-gobierno-en-occidente-estamos-en\/61977","title":{"rendered":"Activista canadiense Laith Marouf, a quien se le prohibi\u00f3 utilizar las redes sociales y financiarlo por su antisemitismo dijo: Los sionistas son parte del sistema de gobierno en Occidente; estamos en guerra, debemos enfrontarlos en todos los campos de batalla"},"content":{"rendered":"<p><em>El d\u00eda 22 de noviembre, 2022 el canal de televisi\u00f3n libanes Mayadeen transmiti\u00f3 una entrevista con el activista pol\u00edtico canadiense Laith Marouf, a quien recientemente se le prohibi\u00f3 participar en varias plataformas de redes sociales y a quien se le cancelaron sus contratos con el gobierno canadiense como entrenador \u00abanti-racismo\u00bb debido a las declaraciones antisemitas que este ha hecho. Marouf dijo que los sionistas han \u00abobligado\u00bb a las compa\u00f1\u00edas en las redes sociales tales como Twitter, Facebook, YouTube y TikTok a \u00abeludir\u00bb las leyes y que los sionistas han creado una situaci\u00f3n en la que son ellos, en lugar de los tribunales, quienes pueden definir lo que es racismo y antisemitismo, ya que el sionismo es de otro manera indefendible.<\/em><\/p>\n<p><em>Marouf critic\u00f3 al gobierno canadiense y al sistema legal por ser injustos y dijo que los palestinos, \u00e1rabes y musulmanes deben enfrentarse a los sionistas \u00aben todos los campos de batalla\u00bb ya que existe una \u00abguerra abierta\u00bb con ellos. Este tambi\u00e9n afirm\u00f3 que eliminarlo le ha costado a los sionistas millones de d\u00f3lares. Adem\u00e1s, Marouf dijo que los sionistas son parte del sistema de gobierno en todo Occidente y que los pol\u00edticos solo pueden ganar elecciones obteniendo el favor de los sionistas.<\/em><\/p>\n<p><em>Seg\u00fan informes en la red, Marouf ha recaudado m\u00e1s de $600,000 en contratos del gobierno federal canadiense desde el a\u00f1o 2015. En un tuit publicado en septiembre del a\u00f1o 2021, este dijo que le importa un bledo los sentimientos de los jud\u00edos, en otro tuit se refiri\u00f3 a \u00ablos supremacistas blancos jud\u00edos\u00bb de \u00abbocones de heces humanas\u00bb.<\/em><\/p>\n<p><strong><em>Para ver el video del activista canadiense Laith Marouf, <a href=\"https:\/\/www.memri.org\/tv\/deplatformed-canadian-political-activist-marouf-zionists-part-of-ruling-system-at-war-confront-battlefields\">pulse aqu\u00ed<\/a> o debajo:<\/em><\/strong><\/p>\n<p><iframe src=\"https:\/\/www.memri.org\/player\/clip\/58914\/780,440\/1\" width=\"780\" height=\"440\" frameborder=\"0\"><\/iframe><\/p>\n<p><strong>\u00abLos sionistas lo que quieren es eludir las leyes porque son incapaces de defender el sionismo como identidad\u00bb<\/strong><\/p>\n<p><strong>Laith Marouf<\/strong>: \u00abLos sionistas lo que quieren es eludir las leyes, porque son incapaces de defender el sionismo como identidad.<\/p>\n<p><img decoding=\"async\" class=\"three-quarter-size-image\" src=\"https:\/\/www.memri.org\/sites\/default\/files\/2022\/MTV9962.jpg\" alt=\"\" \/><\/p>\n<p><img decoding=\"async\" class=\"three-quarter-size-image\" src=\"https:\/\/www.memri.org\/sites\/default\/files\/2022\/MTV99621.jpg\" alt=\"\" \/><\/p>\n<p>\u201cTal como vimos en la reuni\u00f3n en el Congreso, estos trajeron Twitter, Facebook y YouTube\u2026\u201d<\/p>\n<p><img decoding=\"async\" class=\"three-quarter-size-image\" src=\"https:\/\/www.memri.org\/sites\/default\/files\/2022\/MTV99622.jpg\" alt=\"\" \/><\/p>\n<p><img decoding=\"async\" class=\"three-quarter-size-image\" src=\"https:\/\/www.memri.org\/sites\/default\/files\/2022\/MTV99623.jpg\" alt=\"\" \/><\/p>\n<p><strong>Entrevistador<\/strong>: \u00abY TikTok\u00bb.<\/p>\n<p><strong>Marouf<\/strong>: \u00abY TikTok tambi\u00e9n&#8230;<\/p>\n<p>[&#8230;]<\/p>\n<p>\u201cEllos tratan de obligar a estas empresas a eludir las leyes y convertirse en aquellos que definen el racismo, en lugar de dejarlo en manos de los tribunales. Este impulso para hacer del sionismo una identidad protegida es algo que no pudieran lograr a trav\u00e9s de los tribunales.<\/p>\n<p><img decoding=\"async\" class=\"three-quarter-size-image\" src=\"https:\/\/www.memri.org\/sites\/default\/files\/2022\/MTV99624.jpg\" alt=\"\" \/><\/p>\n<p><img decoding=\"async\" class=\"three-quarter-size-image\" src=\"https:\/\/www.memri.org\/sites\/default\/files\/2022\/MTV99625.jpg\" alt=\"\" \/><\/p>\n<p>[&#8230;]<\/p>\n<p><strong>\u00abTenemos una guerra abierta con los sionistas en todos los frentes&#8230; Estamos obligados, como palestinos, \u00e1rabes y musulmanes, a enfrentarles en todos los campos de batalla\u00bb<\/strong><\/p>\n<p>\u201cEllos se burlan de las leyes y tal como hemos visto, las redes sociales hicieron caso omiso a sus \u00f3rdenes y me prohibieron utilizar las redes sociales\u201d.<\/p>\n<p><strong>Entrevistador<\/strong>: \u00abFuiste aniquilado o ejecutado, por as\u00ed decirlo, en las redes sociales. T\u00fa y todo tu contenido han sido eliminados\u00bb.<\/p>\n<p><strong>Marouf<\/strong>: \u00abActualmente, el gobierno canadiense rescindi\u00f3 su contrato conmigo y exigi\u00f3 recuperar todo el dinero gastado en presentaciones y conferencias. Esto nos obligar\u00e1 a llevar el tema a los tribunales.<\/p>\n<p>[&#8230;]<\/p>\n<p>\u201cEllos dicen que soy antisemita y por eso rescindieron el contrato en mi asociaci\u00f3n. En los tribunales, tendr\u00e1n que demostrar qu\u00e9 es el antisemitismo.<\/p>\n<p><img decoding=\"async\" class=\"three-quarter-size-image\" src=\"https:\/\/www.memri.org\/sites\/default\/files\/2022\/MTV99626.jpg\" alt=\"\" \/><\/p>\n<p><img decoding=\"async\" class=\"three-quarter-size-image\" src=\"https:\/\/www.memri.org\/sites\/default\/files\/2022\/MTV99627.jpg\" alt=\"\" \/><\/p>\n<p>\u00abObviamente, perder\u00e1n el caso, porque hay una gran diferencia entre el sionismo y el juda\u00edsmo y no podr\u00e1n confundirlos en los tribunales.<\/p>\n<p>[&#8230;]<\/p>\n<p>\u00abNaturalmente, los tribunales de Canad\u00e1 no son justos. No me estoy ocupando de esto porque tengo la esperanza de ver justicia en los tribunales canadienses. Los pueblos ind\u00edgenas de Canad\u00e1 sufren hasta el mism\u00edsimo d\u00eda de hoy y los tribunales no hacen nada por ellos.<\/p>\n<p><img decoding=\"async\" class=\"three-quarter-size-image\" src=\"https:\/\/www.memri.org\/sites\/default\/files\/2022\/MTV99628.jpg\" alt=\"\" \/><\/p>\n<p>[&#8230;] \u00abNosotros tenemos una guerra abierta en todos los frentes con los sionistas.<\/p>\n<p><img decoding=\"async\" class=\"three-quarter-size-image\" src=\"https:\/\/www.memri.org\/sites\/default\/files\/2022\/MTV99629.jpg\" alt=\"\" \/><\/p>\n<p>\u201cComo parte de esta guerra, se nos exige, como palestinos, \u00e1rabes y musulmanes, enfrentarlos en todos los campos de batalla, incluso as\u00ed sepamos que vamos a perder. Esto es desgaste de nuestro enemigo. El ataque contra m\u00ed persona en el pasado hace dos meses y medio&#8230; Los cientos de miles de art\u00edculos y videos, transmitidos por televisi\u00f3n y radio en Canad\u00e1, as\u00ed como tambi\u00e9n el ataque contra m\u00ed persona en los parlamentos canadiense y estadounidense, exigieron que los sionistas movilizaran gran parte de su organizaci\u00f3n y les cost\u00f3 millones de d\u00f3lares solo cerrar mi cuenta, que ten\u00eda 6.000 seguidores.<\/p>\n<p><img decoding=\"async\" class=\"three-quarter-size-image\" src=\"https:\/\/www.memri.org\/sites\/default\/files\/2022\/MTV996211.jpg\" alt=\"\" \/><\/p>\n<p><img decoding=\"async\" class=\"three-quarter-size-image\" src=\"https:\/\/www.memri.org\/sites\/default\/files\/2022\/MTV996212.jpg\" alt=\"\" \/><\/p>\n<p><img decoding=\"async\" class=\"three-quarter-size-image\" src=\"https:\/\/www.memri.org\/sites\/default\/files\/2022\/MTV996213.jpg\" alt=\"\" \/><\/p>\n<p>[&#8230;]<\/p>\n<p><strong>\u00abLos sionistas que viven en los pa\u00edses occidentales&#8230; sirven como parte integral del sistema de gobierno\u00bb; es dif\u00edcil \u00abdeshacerse totalmente de los sionistas\u00bb<\/strong><\/p>\n<p>\u201cEl r\u00e9gimen en Sud\u00e1frica no fue parte importante del sistema imperialista global. Los sionistas en Palestina no solo gobiernan una tierra importante y estrat\u00e9gica: Palestina, donde se encuentran todos los continentes, sino tambi\u00e9n como sionistas que viven en los pa\u00edses occidentales &#8211; en Canad\u00e1, en Estados Unidos y en Europa, sirven como parte integral del sistema gobernante. Por ejemplo, si alguien desea presentarse a las elecciones en Canad\u00e1, debe obtener el apoyo de los sionistas en los medios de comunicaci\u00f3n canadienses. Los sudafricanos no tienen que lidiar con tal cosa. Por lo tanto, es dif\u00edcil para el sistema occidental deshacerse de los sionistas por completo, tal como se deshicieron de los racistas en Sud\u00e1frica\u00bb.<\/p>\n<p><img decoding=\"async\" class=\"three-quarter-size-image\" src=\"https:\/\/www.memri.org\/sites\/default\/files\/2022\/MTV996214.jpg\" alt=\"\" \/><\/p>\n<p><img decoding=\"async\" class=\"three-quarter-size-image\" src=\"https:\/\/www.memri.org\/sites\/default\/files\/2022\/MTV996215.jpg\" alt=\"\" \/><\/p>\n<p><img decoding=\"async\" class=\"three-quarter-size-image\" src=\"https:\/\/www.memri.org\/sites\/default\/files\/2022\/MTV996216.jpg\" alt=\"\" \/><\/p>\n","protected":false},"excerpt":{"rendered":"<p>El d\u00eda 22 de noviembre, 2022 el canal de televisi\u00f3n libanes Mayadeen transmiti\u00f3 una entrevista con el activista pol\u00edtico canadiense Laith Marouf, a quien recientemente se le prohibi\u00f3 participar en varias plataformas de redes sociales y a quien se le cancelaron sus contratos con el gobierno canadiense como entrenador \u00abanti-racismo\u00bb debido a las declaraciones antisemitas [&hellip;]<\/p>\n","protected":false},"author":1,"featured_media":61978,"comment_status":"open","ping_status":"open","sticky":false,"template":"","format":"standard","meta":{"footnotes":""},"categories":[4,6,2],"tags":[],"class_list":["post-61977","post","type-post","status-publish","format-standard","has-post-thumbnail","hentry","category-archivos","category-comunicados-especiales","category-featured"],"_links":{"self":[{"href":"https:\/\/www2.memri.org\/espanol\/wp-json\/wp\/v2\/posts\/61977","targetHints":{"allow":["GET"]}}],"collection":[{"href":"https:\/\/www2.memri.org\/espanol\/wp-json\/wp\/v2\/posts"}],"about":[{"href":"https:\/\/www2.memri.org\/espanol\/wp-json\/wp\/v2\/types\/post"}],"author":[{"embeddable":true,"href":"https:\/\/www2.memri.org\/espanol\/wp-json\/wp\/v2\/users\/1"}],"replies":[{"embeddable":true,"href":"https:\/\/www2.memri.org\/espanol\/wp-json\/wp\/v2\/comments?post=61977"}],"version-history":[{"count":0,"href":"https:\/\/www2.memri.org\/espanol\/wp-json\/wp\/v2\/posts\/61977\/revisions"}],"wp:featuredmedia":[{"embeddable":true,"href":"https:\/\/www2.memri.org\/espanol\/wp-json\/wp\/v2\/media\/61978"}],"wp:attachment":[{"href":"https:\/\/www2.memri.org\/espanol\/wp-json\/wp\/v2\/media?parent=61977"}],"wp:term":[{"taxonomy":"category","embeddable":true,"href":"https:\/\/www2.memri.org\/espanol\/wp-json\/wp\/v2\/categories?post=61977"},{"taxonomy":"post_tag","embeddable":true,"href":"https:\/\/www2.memri.org\/espanol\/wp-json\/wp\/v2\/tags?post=61977"}],"curies":[{"name":"wp","href":"https:\/\/api.w.org\/{rel}","templated":true}]}}