{"id":61971,"date":"2022-11-30T15:03:59","date_gmt":"2022-11-30T19:03:59","guid":{"rendered":"https:\/\/www2.memri.org\/espanol\/?p=61971"},"modified":"2022-12-01T15:06:58","modified_gmt":"2022-12-01T19:06:58","slug":"la-lucha-interna-de-la-elite-politica-en-iran-el-regreso-de-larijani-para-salvar-a-la-republica-islamica-de-las-manos-ultraconservadoras","status":"publish","type":"post","link":"https:\/\/www2.memri.org\/espanol\/la-lucha-interna-de-la-elite-politica-en-iran-el-regreso-de-larijani-para-salvar-a-la-republica-islamica-de-las-manos-ultraconservadoras\/61971","title":{"rendered":"La lucha interna de la \u00e9lite pol\u00edtica en Ir\u00e1n: El regreso de Larijani para salvar a la Rep\u00fablica Isl\u00e1mica de las manos ultraconservadoras"},"content":{"rendered":"<p>Ali Larijani, quien ha sido una figura central en la pol\u00edtica iran\u00ed durante d\u00e9cadas, est\u00e1 de regreso. Larijani es asesor del l\u00edder supremo iran\u00ed Ali Jamenei y ex-presidente del parlamento. Sin embargo, fue descalificado por el Consejo de Guardianes y excluido de las elecciones presidenciales del 2021 a favor del intransigente Ebrahim Raisi, que contaba con el apoyo de Jamenei. Sin embargo, en octubre, Larijani alcanz\u00f3 nueva popularidad entre los conservadores moderados y los reformistas por igual, despu\u00e9s de criticar p\u00fablicamente la represi\u00f3n del r\u00e9gimen en contra de los manifestantes.<\/p>\n<figure style=\"width: 464px\" class=\"wp-caption alignnone\"><img loading=\"lazy\" decoding=\"async\" class=\"half-\" src=\"https:\/\/www.memri.org\/sites\/default\/files\/2022\/11\/mdb434.jpg\" alt=\"Ali Larijani (Fuente: Tehran Times)\" width=\"464\" height=\"222\" \/><figcaption class=\"wp-caption-text\">Ali Larijani (Fuente: Tehran Times)<\/figcaption><\/figure>\n<p><strong>Larijani pide &#8216;tolerancia&#8217;<\/strong><\/p>\n<p>En una entrevista publicada por el diario reformista Ettelaat, Larijani pidi\u00f3 repensar la ley del hiyab obligatorio y reconocer que las protestas tienen profundas ra\u00edces pol\u00edticas y sociales. Este dijo adem\u00e1s: \u00abEs como si una persona tuviera migra\u00f1a, pero le recetamos medicamentos para una enfermedad card\u00edaca y todas las arterias se le cierran. Sobre el tema del hiyab, llegamos a esta situaci\u00f3n. Esta no es la forma correcta de tratar el tema del hiyab. En estas circunstancias, cuando la gente tiene problemas econ\u00f3micos, una vez m\u00e1s destacar el tema del hiyab fue algo inapropiado y la forma en que fue tratado no fue la correcta\u00bb.<a href=\"#_edn1\" name=\"_ednref1\">[1]<\/a><\/p>\n<p>Larijani tambi\u00e9n enfatiz\u00f3: \u00abEl hiyab tiene una soluci\u00f3n cultural. No necesita decretos ni refer\u00e9ndums&#8230; Agradezco los servicios del cuerpo policial y el Basij, pero no se les debe asignar esta carga de fomentar el hiyab\u00bb. Luego se\u00f1al\u00f3: \u00abNo duden que cuando un fen\u00f3meno cultural se generaliza, una respuesta r\u00edgida no es la cura. Ahora bien, este tema posee un car\u00e1cter cultural&#8230; La gente y los j\u00f3venes que salen a la calle son nuestros propios hijos. En una familia, si un chico comete un delito, tratan de guiarlo por el camino correcto. La sociedad necesita m\u00e1s tolerancia\u00bb.<a href=\"#_edn2\" name=\"_ednref2\">[2]<\/a><\/p>\n<p>Mansour Haghighatpour, pol\u00edtico iran\u00ed y asesor de Larijani, dijo sobre las declaraciones de Larijani: \u00abEsperamos que escuchen atentos y que estas inquietudes planteadas sobre la necesidad de reformas se conviertan en soluciones. Pero si los s\u00faper-evolucionarios (es decir, los ultra-conservadores)&#8230; toman el gobierno nuevamente, los problemas del pa\u00eds no se arreglar\u00e1n, ya que estos no aceptan ninguna idea para reformar el sistema\u00bb.<a href=\"#_edn3\" name=\"_ednref3\">[3]<\/a><\/p>\n<p>Mohammad Mohajeri, un pol\u00edtico conservador con estrechos v\u00ednculos a Larijani, tambi\u00e9n observ\u00f3 lo siguiente: \u00abAlgunas figuras ahora tienen el coraje de expresar su descontento con el sistema y hablan abiertamente sobre la necesidad de cambiar pol\u00edticas. Pero existen otros (refiri\u00e9ndose a los ultra-conservadores) que todav\u00eda se niegan a hacer alg\u00fan cambio\u00bb.<a href=\"#_edn4\" name=\"_ednref4\">[4]<\/a><\/p>\n<p><strong>Larijani como l\u00edder de los moderados y reformistas en las elecciones del a\u00f1o 2024<\/strong><\/p>\n<p>Los comentarios de Larijani eran de esperarse. Incluso antes del inicio de las protestas, su nombre fue ampliamente promovido por aquellos conservadores moderados y reformistas como l\u00edder en las pr\u00f3ximas elecciones parlamentarias del 2024. El medio de comunicaci\u00f3n <em>Iran International<\/em> en Londres dijo, citando a Nameh News: \u00abLos moderados y reformistas en Ir\u00e1n no podr\u00e1n&#8230; encontrar ning\u00fan aliado pol\u00edtico ni l\u00edder en las pr\u00f3ximas elecciones del 2024 que no sea Ali Larijani. Mientras tanto, incluso entre los conservadores, existen muchos votantes que le dar\u00edan la bienvenida a la facci\u00f3n de centro-derecha liderada por Larijani para as\u00ed reemplazar a los &#8216;principalistas&#8217; de extrema derecha que actualmente controlan el Majlis\u00bb.<a href=\"#_edn5\" name=\"_ednref5\">[5]<\/a><\/p>\n<p>Tambi\u00e9n fue citado al analista reformista iran\u00ed Abbas Abdi diciendo lo siguiente: \u00abEsta es la \u00faltima oportunidad para que Ali Larijani y los conservadores tradicionales de Ir\u00e1n vuelvan a ser el centro de atenci\u00f3n. Sin una figura decorativa como Larijani, ser\u00e1 el final de los conservadores tradicionales quienes fueron marginados en las elecciones presidenciales del a\u00f1o 2021\u00bb.<a href=\"#_edn6\" name=\"_ednref6\">[6]<\/a><\/p>\n<p>Por lo tanto, las palabras moderadas de Larijani pueden verse como un intento de obtener m\u00e1s apoyo antes de las elecciones, tanto en el bando conservador moderado como en el reformista, para desafiar de esta manera a los ultra-conservadores.<\/p>\n<p><strong>Larijani contra Ghalibaf<\/strong><\/p>\n<p>Cabe se\u00f1alar que el conflicto pol\u00edtico entre las facciones reformista y conservadora dio forma a la pol\u00edtica iran\u00ed durante casi dos d\u00e9cadas. Sin embargo, los actuales conflictos tambi\u00e9n est\u00e1n dentro de la facci\u00f3n conservadora que gobierna el pa\u00eds. De hecho, el bando conservador est\u00e1 dividido entre los \u00abultra-conservadores\u00bb, encabezados por el actual presidente Ebrahim Raisi y el ex-negociador en materia nuclear de Ir\u00e1n Saeed Jalili y los neo-conservadores (tambi\u00e9n conocidos como conservadores moderados).<\/p>\n<p>Sin embargo, los conservadores moderados en Ir\u00e1n tambi\u00e9n se dividen en dos corrientes. Una encabezada por el presidente del Majlis Mohammad Bagher Ghalibaf y la otra considera a Larijani de aliado y l\u00edder pol\u00edtico. De hecho, muchos conservadores moderados creen que Ghalibaf no es tan fuerte como alguien que traer\u00e1 reformas. Su popularidad ha disminuido en gran medida en los \u00faltimos a\u00f1os, ya que fue acusado de estar involucrado en esc\u00e1ndalos de corrupci\u00f3n en Teher\u00e1n durante su mandato como alcalde.<\/p>\n<p>Dada su postura centrista, se espera que Larijani tambi\u00e9n enfrente menos resistencia por parte de los reformistas. Por lo tanto, los conservadores moderados (con la excepci\u00f3n de aquellos que apoyan a Ghalibaf) y los reformistas pudieran aliarse con el fin de impulsar a Larijani para que haga su regreso pol\u00edtico y el de ellos. Sin embargo, se espera que se produzca una fuerte rivalidad pol\u00edtica entre el bando de Larijani y el que apoya a Ghalibaf.<\/p>\n<p><strong>Los ultra-conservadores son culpados por los disturbios<\/strong><\/p>\n<p>El levantamiento que ocurre actualmente en Ir\u00e1n mostr\u00f3 el fracaso del presidente Raisi. Muchos conocedores del r\u00e9gimen creen que uno de los principales factores que condujeron al levantamiento es la radicalizaci\u00f3n de las instituciones pol\u00edticas y la eliminaci\u00f3n de las facciones reformistas por parte del l\u00edder supremo Ali Jamenei. Durante las \u00faltimas dos d\u00e9cadas, Jamenei ha eliminado a todos los grupos pol\u00edticos de la oposici\u00f3n y ha marginado incluso a las figuras conservadoras en favor de los radicales de l\u00ednea dura. Especialmente despu\u00e9s de las elecciones del a\u00f1o 2021, las fuerzas de seguridad, en particular, el CGRI, han ganado demasiado control sobre la toma de decisiones pol\u00edticas.<a href=\"#_edn7\" name=\"_ednref7\">[7]<\/a><\/p>\n<p>Mientras Ir\u00e1n enfrenta su desaf\u00edo pol\u00edtico m\u00e1s prolongado desde el a\u00f1o 1979, los ultra-conservadores han sido criticados por sus fallas internas que han causado la actual crisis pol\u00edtica en el pa\u00eds. Muchos creen que el gobierno de Raisi es \u00abel gobierno m\u00e1s d\u00e9bil en la historia de la Rep\u00fablica Isl\u00e1mica\u00bb.<\/p>\n<p>El pol\u00edtico reformista Mehdi Ayati critic\u00f3 recientemente a los intransigentes, afirmando que el partido Paydari (el partido ultra-conservador al que pertenecen esencialmente el CGRI y el c\u00edrculo \u00edntimo de Jamenei) es muy \u00abd\u00e9bil\u00bb en t\u00e9rminos de apoyo social, aunque desempe\u00f1a el \u00abpapel principal\u00bb en el gobierno. Este valor\u00f3 de esta manera: \u201cLa base electoral de Paydari comprende menos del 5% de la poblaci\u00f3n del pa\u00eds. Sin embargo, han marginado a todas las dem\u00e1s fuerzas pol\u00edticas e incluso a otras facciones dentro del bando conservador, por lo que ahora tienen el control total del pa\u00eds aunque son una minor\u00eda&#8230; El partido Paydari, por sus duras posturas, ha incrementado el n\u00famero de disidentes internos, lo cual es perjudicial para el sistema. Sus posturas y acciones son fuente de descontento y de protestas\u201d.<a href=\"#_edn8\" name=\"_ednref8\">[8]<\/a><\/p>\n<p>Cabe se\u00f1alar que, por temor a su propia desaparici\u00f3n pol\u00edtica, el propio Raisi recientemente pidi\u00f3 reformas. El diario Iran International inform\u00f3 lo siguiente: \u00abRaisi incluso ha llegado a decir que aquellos en su gobierno que no desean reformas deben abandonar el gabinete de inmediato. Pero este us\u00f3 un t\u00e9rmino diferente para referirse a las reformas: <em>&#8216;Tahavol&#8217;<\/em>, que significa evoluci\u00f3n o cambio, en lugar de &#8216;<em>eslahat<\/em>&#8216;, que claramente significa reformas\u00bb. Sin embargo, el medio agreg\u00f3 que \u00ablos cr\u00edticos del presidente han dicho ir\u00f3nicamente que el primero que debe dejar el gobierno por su incapacidad para aceptar el cambio es el propio Raisi\u00bb.<a href=\"#_edn9\" name=\"_ednref9\">[9]<\/a><\/p>\n<p><strong>El papel del l\u00edder supremo Ali Jamenei<\/strong><\/p>\n<p>Dadas las circunstancias actuales, parece ser que Ali Larijani es el candidato m\u00e1s probable para asumir el liderazgo del pa\u00eds en el futuro, ya que cuenta con un gran apoyo en todo el espectro pol\u00edtico. Sin embargo, su llamado a la reforma no es para cambiar el sistema de la Rep\u00fablica Isl\u00e1mica, sino para preservarlo, ya que los ultra-conservadores est\u00e1n provocando el colapso del r\u00e9gimen implementando pol\u00edticas de l\u00ednea dura.<\/p>\n<p>Raisi hasta ahora no ha dicho nada en contra de Larijani, probablemente porque Larijani es una figura bastante cercana a Jamenei, como asesor suyo. En realidad, si Jamenei saca a Raisi del poder, probablemente apoyar\u00e1 a Larijani, porque es una de las figuras pol\u00edticas m\u00e1s cercanas a \u00e9l. Sin embargo, por el momento, este escenario debe ser excluido, ya que la postura actual de Jamenei es negarse a comprometerse con los manifestantes.<\/p>\n<p>Muy seguramente, la creciente confrontaci\u00f3n pol\u00edtica y las tensiones internas entre las facciones les est\u00e1n agregando m\u00e1s combustible a las llamas de la revuelta, que eventualmente puede convertirse en un levantamiento armado, si es que el r\u00e9gimen no logra sofocar las protestas. Sin embargo, el car\u00e1cter excluyente de las pol\u00edticas de la Rep\u00fablica Isl\u00e1mica hace que los planes de reforma o cambio sean poco atractivos para las minor\u00edas \u00e9tnicas, ya que ninguna de las facciones pol\u00edticas reconoce sus demandas por una mayor libertad.<\/p>\n<p><strong>Conclusi\u00f3n<\/strong><\/p>\n<p>Si Larijani tiene \u00e9xito en su \u00abgran retorno\u00bb, significar\u00e1 que tanto los conservadores moderados como los reformistas han logrado superar a los ultra-conservadores. Sin embargo, una cosa si es segura: Tal como dijo la renombrada figura reformista iran\u00ed Yadollah Eslami: \u00abLa sociedad iran\u00ed de ninguna manera volver\u00e1 a la situaci\u00f3n anterior a la muerte de Mahsa Amini (Jina Amini en kurdo)\u00bb.<a href=\"#_edn10\" name=\"_ednref10\">[10]<\/a><\/p>\n<p>Mientras tanto, sin embargo, la situaci\u00f3n est\u00e1 tan polarizada que ni el gobierno ni los manifestantes buscan mediar o promover una \u00abtercera v\u00eda\u00bb.<\/p>\n<p><em>*Himdad Mustafa es un estudioso kurdo y experto en temas kurdos e iran\u00edes.<\/em><\/p>\n<hr \/>\n<p><a href=\"#_ednref1\" name=\"_edn1\">[1]<\/a> Ettelaat.com\/archives\/647060#gsc.tab=0, 12 de octubre, 2022.<\/p>\n<p><a href=\"#_ednref2\" name=\"_edn2\">[2]<\/a> Ettelaat.com\/archives\/647060#gsc.tab=0, 12 de octubre, 2022.<\/p>\n<p><a href=\"#_ednref3\" name=\"_edn3\">[3]<\/a> Khabaronline.ir\/news, 15 de octubre, 2022.<\/p>\n<p><a href=\"#_ednref4\" name=\"_edn4\">[4]<\/a> Khabaronline.ir\/news, 15 de octubre, 2022.<\/p>\n<p><a href=\"#_ednref5\" name=\"_edn5\">[5]<\/a> Iranintl.com\/en\/202204037733, 3 de abril, 2022.<\/p>\n<p><a href=\"#_ednref6\" name=\"_edn6\">[6]<\/a> Iranintl.com\/en\/202204037733, 3 de abril, 2022.<\/p>\n<p><a href=\"#_ednref7\" name=\"_edn7\">[7]<\/a> V\u00e9ase la serie de MEMRI Informe diario No. 430 &#8211; La lucha entre la elite pol\u00edtica de la Rep\u00fablica Isl\u00e1mica de Ir\u00e1n, 16 de noviembre, 2022.<\/p>\n<p><a href=\"#_ednref8\" name=\"_edn8\">[8]<\/a> Khabaronline.ir\/amp\/1698262, 23 de noviembre, 2022.<\/p>\n<p><a href=\"#_ednref9\" name=\"_edn9\">[9]<\/a> Iranintl.com\/en\/202211219346, 26 de octubre, 2022.<\/p>\n<p><a href=\"#_ednref10\" name=\"_edn10\">[10]<\/a> Iranintl.com\/en\/202211219346, 21 de noviembre, 2022.<\/p>\n","protected":false},"excerpt":{"rendered":"<p>Ali Larijani, quien ha sido una figura central en la pol\u00edtica iran\u00ed durante d\u00e9cadas, est\u00e1 de regreso. Larijani es asesor del l\u00edder supremo iran\u00ed Ali Jamenei y ex-presidente del parlamento. Sin embargo, fue descalificado por el Consejo de Guardianes y excluido de las elecciones presidenciales del 2021 a favor del intransigente Ebrahim Raisi, que contaba [&hellip;]<\/p>\n","protected":false},"author":1,"featured_media":61972,"comment_status":"open","ping_status":"open","sticky":false,"template":"","format":"standard","meta":{"footnotes":""},"categories":[4,20,18,8,2],"tags":[],"class_list":["post-61971","post","type-post","status-publish","format-standard","has-post-thumbnail","hentry","category-archivos","category-iran","category-paises","category-alertas-especiales","category-featured"],"_links":{"self":[{"href":"https:\/\/www2.memri.org\/espanol\/wp-json\/wp\/v2\/posts\/61971","targetHints":{"allow":["GET"]}}],"collection":[{"href":"https:\/\/www2.memri.org\/espanol\/wp-json\/wp\/v2\/posts"}],"about":[{"href":"https:\/\/www2.memri.org\/espanol\/wp-json\/wp\/v2\/types\/post"}],"author":[{"embeddable":true,"href":"https:\/\/www2.memri.org\/espanol\/wp-json\/wp\/v2\/users\/1"}],"replies":[{"embeddable":true,"href":"https:\/\/www2.memri.org\/espanol\/wp-json\/wp\/v2\/comments?post=61971"}],"version-history":[{"count":0,"href":"https:\/\/www2.memri.org\/espanol\/wp-json\/wp\/v2\/posts\/61971\/revisions"}],"wp:featuredmedia":[{"embeddable":true,"href":"https:\/\/www2.memri.org\/espanol\/wp-json\/wp\/v2\/media\/61972"}],"wp:attachment":[{"href":"https:\/\/www2.memri.org\/espanol\/wp-json\/wp\/v2\/media?parent=61971"}],"wp:term":[{"taxonomy":"category","embeddable":true,"href":"https:\/\/www2.memri.org\/espanol\/wp-json\/wp\/v2\/categories?post=61971"},{"taxonomy":"post_tag","embeddable":true,"href":"https:\/\/www2.memri.org\/espanol\/wp-json\/wp\/v2\/tags?post=61971"}],"curies":[{"name":"wp","href":"https:\/\/api.w.org\/{rel}","templated":true}]}}