{"id":61954,"date":"2022-11-23T16:48:34","date_gmt":"2022-11-23T20:48:34","guid":{"rendered":"https:\/\/www2.memri.org\/espanol\/?p=61954"},"modified":"2022-11-28T16:53:00","modified_gmt":"2022-11-28T20:53:00","slug":"lider-supremo-irani-ali-jamenei-todos-los-presidentes-estadounidenses-han-combatido-a-iran-algunos-se-han-muerto-y-otros-todavia-siguen-vivos-como-el-pobre-y-demente-biden-que-desea-salvar-a-iran-y","status":"publish","type":"post","link":"https:\/\/www2.memri.org\/espanol\/lider-supremo-irani-ali-jamenei-todos-los-presidentes-estadounidenses-han-combatido-a-iran-algunos-se-han-muerto-y-otros-todavia-siguen-vivos-como-el-pobre-y-demente-biden-que-desea-salvar-a-iran-y\/61954","title":{"rendered":"L\u00edder supremo iran\u00ed Ali Jamenei: Todos los presidentes estadounidenses han combatido a Ir\u00e1n; algunos se han muerto y otros todav\u00eda siguen vivos, como el pobre y demente Biden que desea salvar a Ir\u00e1n y a los iran\u00edes"},"content":{"rendered":"<p><em>El l\u00edder supremo iran\u00ed Ali Jamenei dijo en un discurso pronunciado el d\u00eda 19 de noviembre del presente a\u00f1o 2022 el cual fue transmitido en el Canal 1 de la televisi\u00f3n iran\u00ed que el hecho de que Ir\u00e1n est\u00e9 avanzando y floreciendo es \u00abintolerable e insoportable\u00bb ante las perspectivas de Occidente y para los \u00abarrogantes\u00bb Estados Unidos. Este dijo que toda la presi\u00f3n que Ir\u00e1n enfrenta se debe a que ha ido avanzando y porque ha confrontado las acciones de \u00abintimidaci\u00f3n\u00bb por parte de Occidente y critic\u00f3 a todos los presidentes estadounidenses desde Jimmy Carter por oponerse a Ir\u00e1n. Jamenei tambi\u00e9n se refiri\u00f3 al presidente estadounidense Joe Biden como el \u00abdemente\u00bb y le dijo a la audiencia que \u00abdirigieran\u00bb todos sus gritos en contra de los Estados Unidos. El p\u00fablico core\u00f3 al un\u00edsono: \u00ab\u00a1Muerte a Estados Unidos!\u00bb<\/em><\/p>\n<p><strong><em>Para ver el video del l\u00edder supremo iran\u00ed Ali Jamenei, <a href=\"https:\/\/www.memri.org\/tv\/iranian-supreme-leader-khamenei-iran-success-intolerable-for-west-usa-biden-is-demented\">pulse aqu\u00ed<\/a> o debajo:<\/em><\/strong><\/p>\n<p><iframe src=\"https:\/\/www.memri.org\/player\/clip\/58855\/1\/1\" width=\"960\" height=\"540\" frameborder=\"0\" scrolling=\"NO\" allowfullscreen=\"allowfullscreen\"><\/iframe><\/p>\n<p><strong>La Rep\u00fablica Isl\u00e1mica \u00abavanza y florece&#8230; todo esto es intolerable e insoportable para Occidente\u00bb<\/strong><\/p>\n<p><strong>Ali Jamenei<\/strong>: \u00abEl problema que Occidente y los arrogantes Estados Unidos poseen con la Rep\u00fablica Isl\u00e1mica es que esta avanza y florece. Todos han visto este avance y lo reconocen. Esto es pr\u00e1cticamente intolerable e insoportable para Occidente. Su problema es que Ir\u00e1n est\u00e1 avanzando. Si no hubi\u00e9semos hecho ning\u00fan progreso, si no hubi\u00e9semos demostrado una fuerte presencia en la regi\u00f3n, si nuestras voces temblaran al enfrentar a Estados Unidos y al arrogante Occidente y si hubi\u00e9semos estado dispuestos a aceptar su intimidaci\u00f3n y agresi\u00f3n, entonces toda esta presi\u00f3n sobre Ir\u00e1n hubiese disminuido. Obviamente, en tal caso, ellos hubiesen llegado aqu\u00ed y hubieran tomado el control, pero las sanciones, la presi\u00f3n, etc., hubiesen disminuido.<\/p>\n<p><img decoding=\"async\" class=\"three-quarter-size-image\" src=\"https:\/\/www.memri.org\/sites\/default\/files\/2022\/11\/m9950.jpg\" alt=\"\" \/><\/p>\n<p><img decoding=\"async\" class=\"three-quarter-size-image\" src=\"https:\/\/www.memri.org\/sites\/default\/files\/2022\/11\/m9950a.jpg\" alt=\"\" \/><\/p>\n<p><img decoding=\"async\" class=\"three-quarter-size-image\" src=\"https:\/\/www.memri.org\/sites\/default\/files\/2022\/11\/m9950b.jpg\" alt=\"\" \/><\/p>\n<p><img decoding=\"async\" class=\"three-quarter-size-image\" src=\"https:\/\/www.memri.org\/sites\/default\/files\/2022\/11\/m9950c.jpg\" alt=\"\" \/><\/p>\n<p>[&#8230;]<\/p>\n<p>\u00abEstados Unidos est\u00e1 al frente de esta campa\u00f1a del enemigo.<\/p>\n<p><img decoding=\"async\" class=\"three-quarter-size-image\" src=\"https:\/\/www.memri.org\/sites\/default\/files\/2022\/11\/m9950d.jpg\" alt=\"\" \/><\/p>\n<p>[&#8230;]<\/p>\n<p><strong>Todos los presidentes estadounidenses desde Carter, \u00absin excepci\u00f3n alguna, han confrontado a la Rep\u00fablica Isl\u00e1mica\u00bb<\/strong><\/p>\n<p>\u201cTodos los presidentes estadounidenses, en las d\u00e9cadas que han pasado desde que comenz\u00f3 la revoluci\u00f3n, han luchado contra la Rep\u00fablica Isl\u00e1mica en dicho frente. No importa d\u00f3nde est\u00e9n ahora. Algunos de ellos se han muerto y otros han sido echados al cesto de basura de la historia, aunque todav\u00eda est\u00e9n vivos: comenzando con los dem\u00f3cratas Carter, Clinton y Obama y ??terminando con los republicanos Reagan y Bush.<\/p>\n<p><img decoding=\"async\" class=\"three-quarter-size-image\" src=\"https:\/\/www.memri.org\/sites\/default\/files\/2022\/11\/m9950e.jpg\" alt=\"\" \/><\/p>\n<p><img decoding=\"async\" class=\"three-quarter-size-image\" src=\"https:\/\/www.memri.org\/sites\/default\/files\/2022\/11\/m9950f.jpg\" alt=\"\" \/><\/p>\n<p><img decoding=\"async\" class=\"three-quarter-size-image\" src=\"https:\/\/www.memri.org\/sites\/default\/files\/2022\/11\/m9950g.jpg\" alt=\"\" \/><\/p>\n<p><img decoding=\"async\" class=\"three-quarter-size-image\" src=\"https:\/\/www.memri.org\/sites\/default\/files\/2022\/11\/m9950h.jpg\" alt=\"\" \/><\/p>\n<p><img decoding=\"async\" class=\"three-quarter-size-image\" src=\"https:\/\/www.memri.org\/sites\/default\/files\/2022\/11\/m9950i.jpg\" alt=\"\" \/><\/p>\n<p><img decoding=\"async\" class=\"three-quarter-size-image\" src=\"https:\/\/www.memri.org\/sites\/default\/files\/2022\/11\/m9950j.jpg\" alt=\"\" \/><\/p>\n<p>\u201cEsto incluye al drogadicto anterior Trump y a este pobre individuo demente que lo que desea es salvar a Ir\u00e1n y a los iran\u00edes. Todos ellos, sin excepci\u00f3n, se han enfrentado a la Rep\u00fablica Isl\u00e1mica.<\/p>\n<p><img decoding=\"async\" class=\"three-quarter-size-image\" src=\"https:\/\/www.memri.org\/sites\/default\/files\/2022\/11\/m9950k.jpg\" alt=\"\" \/><\/p>\n<p><img decoding=\"async\" class=\"three-quarter-size-image\" src=\"https:\/\/www.memri.org\/sites\/default\/files\/2022\/11\/m9950l.jpg\" alt=\"\" \/><\/p>\n<p><img decoding=\"async\" class=\"three-quarter-size-image\" src=\"https:\/\/www.memri.org\/sites\/default\/files\/2022\/11\/m9950m.jpg\" alt=\"\" \/><\/p>\n<p>[&#8230;]<\/p>\n<p><strong>\u201cCualquiera que no vea los deseos del enemigo y coopere con este, debe ser despertado\u201d<\/strong><\/p>\n<p>\u201cCualquiera que no pueda ver los deseos del enemigo y que coopere con este debe ser despertado y se le debe decir: Aseg\u00farense de no convertirse en vocero del enemigo. Tal como dijo el imam Jomeini: Dirijan todos sus gritos en contra de los Estados Unidos\u201d.<\/p>\n<p><img decoding=\"async\" class=\"three-quarter-size-image\" src=\"https:\/\/www.memri.org\/sites\/default\/files\/2022\/11\/m9950n.jpg\" alt=\"\" \/><\/p>\n<p><img decoding=\"async\" class=\"three-quarter-size-image\" src=\"https:\/\/www.memri.org\/sites\/default\/files\/2022\/11\/m9950o.jpg\" alt=\"\" \/><\/p>\n<p><img decoding=\"async\" class=\"three-quarter-size-image\" src=\"https:\/\/www.memri.org\/sites\/default\/files\/2022\/11\/m9950p.jpg\" alt=\"\" \/><\/p>\n<p><img decoding=\"async\" class=\"three-quarter-size-image\" src=\"https:\/\/www.memri.org\/sites\/default\/files\/2022\/11\/m9950q.jpg\" alt=\"\" \/><\/p>\n<p><strong>Multitud<\/strong>: \u00ab\u00a1Muerte a Estados Unidos! \u00a1Muerte a Estados Unidos!\u00bb<\/p>\n<p><img decoding=\"async\" class=\"three-quarter-size-image\" src=\"https:\/\/www.memri.org\/sites\/default\/files\/2022\/11\/m9950r.jpg\" alt=\"\" \/><\/p>\n","protected":false},"excerpt":{"rendered":"<p>El l\u00edder supremo iran\u00ed Ali Jamenei dijo en un discurso pronunciado el d\u00eda 19 de noviembre del presente a\u00f1o 2022 el cual fue transmitido en el Canal 1 de la televisi\u00f3n iran\u00ed que el hecho de que Ir\u00e1n est\u00e9 avanzando y floreciendo es \u00abintolerable e insoportable\u00bb ante las perspectivas de Occidente y para los \u00abarrogantes\u00bb [&hellip;]<\/p>\n","protected":false},"author":1,"featured_media":61955,"comment_status":"open","ping_status":"open","sticky":false,"template":"","format":"standard","meta":{"footnotes":""},"categories":[4,6,20,18,2],"tags":[],"class_list":["post-61954","post","type-post","status-publish","format-standard","has-post-thumbnail","hentry","category-archivos","category-comunicados-especiales","category-iran","category-paises","category-featured"],"_links":{"self":[{"href":"https:\/\/www2.memri.org\/espanol\/wp-json\/wp\/v2\/posts\/61954","targetHints":{"allow":["GET"]}}],"collection":[{"href":"https:\/\/www2.memri.org\/espanol\/wp-json\/wp\/v2\/posts"}],"about":[{"href":"https:\/\/www2.memri.org\/espanol\/wp-json\/wp\/v2\/types\/post"}],"author":[{"embeddable":true,"href":"https:\/\/www2.memri.org\/espanol\/wp-json\/wp\/v2\/users\/1"}],"replies":[{"embeddable":true,"href":"https:\/\/www2.memri.org\/espanol\/wp-json\/wp\/v2\/comments?post=61954"}],"version-history":[{"count":0,"href":"https:\/\/www2.memri.org\/espanol\/wp-json\/wp\/v2\/posts\/61954\/revisions"}],"wp:featuredmedia":[{"embeddable":true,"href":"https:\/\/www2.memri.org\/espanol\/wp-json\/wp\/v2\/media\/61955"}],"wp:attachment":[{"href":"https:\/\/www2.memri.org\/espanol\/wp-json\/wp\/v2\/media?parent=61954"}],"wp:term":[{"taxonomy":"category","embeddable":true,"href":"https:\/\/www2.memri.org\/espanol\/wp-json\/wp\/v2\/categories?post=61954"},{"taxonomy":"post_tag","embeddable":true,"href":"https:\/\/www2.memri.org\/espanol\/wp-json\/wp\/v2\/tags?post=61954"}],"curies":[{"name":"wp","href":"https:\/\/api.w.org\/{rel}","templated":true}]}}