{"id":61952,"date":"2022-11-23T16:43:32","date_gmt":"2022-11-23T20:43:32","guid":{"rendered":"https:\/\/www2.memri.org\/espanol\/?p=61952"},"modified":"2022-11-28T16:48:09","modified_gmt":"2022-11-28T20:48:09","slug":"funcionario-irani-abbas-haji-najjari-las-arrogantes-potencias-occidentales-estan-detras-de-los-disturbios-en-iran-nosotros-podemos-apuntar-las-instalaciones-mas-sensibles-en-israel-incluyendo-el-re","status":"publish","type":"post","link":"https:\/\/www2.memri.org\/espanol\/funcionario-irani-abbas-haji-najjari-las-arrogantes-potencias-occidentales-estan-detras-de-los-disturbios-en-iran-nosotros-podemos-apuntar-las-instalaciones-mas-sensibles-en-israel-incluyendo-el-re\/61952","title":{"rendered":"Funcionario iran\u00ed Abbas Haji Najjari: Las arrogantes potencias occidentales est\u00e1n detr\u00e1s de los disturbios en Ir\u00e1n; nosotros podemos apuntar las instalaciones m\u00e1s sensibles en Israel, incluyendo el reactor Dimona; Estados Unidos se retir\u00f3 de Afganist\u00e1n e Irak por temor a Ir\u00e1n"},"content":{"rendered":"<p><em>Abbas Haji Najjari, quien se desempe\u00f1a como asesor al adjunto cultural del Jefe del estado mayor iran\u00ed, dijo en una entrevista publicada el 14 de noviembre, 2022 en el canal de televisi\u00f3n libanes Mayadeen que los \u00abpoderes de la arrogancia\u00bb en Occidente est\u00e1n detr\u00e1s de los disturbios en Ir\u00e1n. Este dijo que \u00abel enemigo\u00bb lo que desea es provocar una guerra interna en Ir\u00e1n utilizando \u00abgrupos terroristas\u00bb con base ??en el Kurdist\u00e1n iraqu\u00ed y explic\u00f3 que es por ello que Ir\u00e1n llev\u00f3 a cabo recientemente ataques contra objetivos en el Kurdist\u00e1n iraqu\u00ed (v\u00e9ase el video del portal MEMRI TV No. 9936). Najjari tambi\u00e9n dijo que Israel le teme enormemente a Ir\u00e1n y debido a que en los recientes ejercicios militares, las fuerzas armadas de Ir\u00e1n apuntaron efectivamente a un modelo del reactor nuclear de Dimona. Este agreg\u00f3 que todas las \u201cinstalaciones m\u00e1s sensibles\u201d de Israel est\u00e1n al alcance de Ir\u00e1n. Adem\u00e1s, dijo que todas las bases estadounidenses en la regi\u00f3n est\u00e1n dentro del alcance de Ir\u00e1n y que esta es una de las razones por las que Estados Unidos se retir\u00f3 de Afganist\u00e1n e Irak.<\/em><\/p>\n<p><strong><em>Para ver el video del funcionario iran\u00ed Abbas Haji Najjari, <a href=\"https:\/\/www.memri.org\/tv\/iranian-official-najjari-arrogant-western-powers-behind-riots-israel-afraid-target-dimona-reactor\">pulse aqu\u00ed<\/a> o debajo:<\/em><\/strong><\/p>\n<p><iframe src=\"https:\/\/www.memri.org\/player\/clip\/58838\/1\/1\" width=\"960\" height=\"540\" frameborder=\"0\" scrolling=\"NO\" allowfullscreen=\"allowfullscreen\"><\/iframe><\/p>\n<p><strong>\u00abEl enemigo lo que desea es provocar una guerra interna en Ir\u00e1n utilizando las capacidades de estos grupos terroristas en el Kurdist\u00e1n iraqu\u00ed\u00bb<\/strong><\/p>\n<p><strong>Abbas Haji Najjari<\/strong>: \u201cEl enemigo desea provocar una guerra interna en Ir\u00e1n utilizando las capacidades de estos grupos terroristas, que afirman que son capaces de hacer tal cosa. Naturalmente, la gente honorable del Kurdist\u00e1n se les opuso y no cooper\u00f3 con ellos. Sus guaridas est\u00e1n al norte de Irak, en Erbil y en el Kurdist\u00e1n iraqu\u00ed, all\u00ed entrenan y env\u00edan a sus hombres desde ese lugar para socavar la seguridad de las ciudades fronterizas.<\/p>\n<p><img loading=\"lazy\" decoding=\"async\" class=\"three-quarter-\" src=\"https:\/\/www.memri.org\/sites\/default\/files\/2022\/11\/m9947.png\" alt=\"\" width=\"799\" height=\"497\" \/><\/p>\n<p><img decoding=\"async\" class=\"three-quarter-size-image\" src=\"https:\/\/www.memri.org\/sites\/default\/files\/2022\/11\/m9947a.png\" alt=\"\" \/><\/p>\n<p><img decoding=\"async\" class=\"three-quarter-size-image\" src=\"https:\/\/www.memri.org\/sites\/default\/files\/2022\/11\/m9947b.png\" alt=\"\" \/><\/p>\n<p>[&#8230;]<\/p>\n<p>\u201cPor lo tanto, la dura y aplastante respuesta de la Rep\u00fablica Isl\u00e1mica de Ir\u00e1n que atac\u00f3 la sede de estos grupos terroristas en el Kurdist\u00e1n iraqu\u00ed fue bastante clara y p\u00fablica. Les advertimos con anticipaci\u00f3n que si continuaban con sus cr\u00edmenes, definitivamente responder\u00edamos. Esto no significa de ninguna manera que ignoremos la soberan\u00eda iraqu\u00ed.<\/p>\n<p><img decoding=\"async\" class=\"three-quarter-size-image\" src=\"https:\/\/www.memri.org\/sites\/default\/files\/2022\/11\/m9947c.png\" alt=\"\" \/><\/p>\n<p><img decoding=\"async\" class=\"three-quarter-size-image\" src=\"https:\/\/www.memri.org\/sites\/default\/files\/2022\/11\/m9947d.png\" alt=\"\" \/><\/p>\n<p><img decoding=\"async\" class=\"three-quarter-size-image\" src=\"https:\/\/www.memri.org\/sites\/default\/files\/2022\/11\/m9947e.png\" alt=\"\" \/><\/p>\n<p>[&#8230;]<\/p>\n<p>\u00abEsper\u00e1bamos que el gobierno regional de Kurdist\u00e1n maneje esta crisis y expulse a estos grupos, para que no tengamos que atacarlos nuevamente.<\/p>\n<p><img decoding=\"async\" class=\"three-quarter-size-image\" src=\"https:\/\/www.memri.org\/sites\/default\/files\/2022\/11\/m9947f.png\" alt=\"\" \/><\/p>\n<p><img decoding=\"async\" class=\"three-quarter-size-image\" src=\"https:\/\/www.memri.org\/sites\/default\/files\/2022\/11\/m9947g.png\" alt=\"\" \/><\/p>\n<p>[&#8230;]<\/p>\n<p><strong>\u00abLos objetivos exactos de los recientes disturbios en Ir\u00e1n fueron establecidos por los poderes de la arrogancia en Occidente; estos buscan aplastar el poder\u00edo iran\u00ed&#8230; y desestabilizar su unidad nacional\u00bb<\/strong><\/p>\n<p>\u201cLos objetivos exactos de los recientes disturbios en Ir\u00e1n fueron establecidos por los poderes de la arrogancia en Occidente. Estos buscan aplastar el poder iran\u00ed en la regi\u00f3n para de esta manera atacar las capacidades de Ir\u00e1n y desestabilizar su unidad nacional.<\/p>\n<p><img decoding=\"async\" class=\"three-quarter-size-image\" src=\"https:\/\/www.memri.org\/sites\/default\/files\/2022\/11\/m9947h.png\" alt=\"\" \/><\/p>\n<p><img decoding=\"async\" class=\"three-quarter-size-image\" src=\"https:\/\/www.memri.org\/sites\/default\/files\/2022\/11\/m9947i.png\" alt=\"\" \/><\/p>\n<p><img decoding=\"async\" class=\"three-quarter-size-image\" src=\"https:\/\/www.memri.org\/sites\/default\/files\/2022\/11\/m9947j.png\" alt=\"\" \/><\/p>\n<p>[&#8230;]<\/p>\n<p><strong>\u201cTodas las instalaciones sensibles de la entidad sionista est\u00e1n a nuestro alcance directo\u201d<\/strong><\/p>\n<p>\u00abLa entidad sionista s extremadamente temerosa. En las \u00faltimas maniobras que realizamos, el reactor nuclear de Dimona fue uno de los principales objetivos. Nosotros realizamos un modelo y lo atacamos. La entidad sionista es un objetivo simple para nosotros. Todas las instalaciones sensibles de la entidad sionista est\u00e1n a nuestro alcance m\u00e1s directo.<\/p>\n<p><img decoding=\"async\" class=\"three-quarter-size-image\" src=\"https:\/\/www.memri.org\/sites\/default\/files\/2022\/11\/m9947k.png\" alt=\"\" \/><\/p>\n<p><img decoding=\"async\" class=\"three-quarter-size-image\" src=\"https:\/\/www.memri.org\/sites\/default\/files\/2022\/11\/m9947l.png\" alt=\"\" \/><\/p>\n<p><img decoding=\"async\" class=\"three-quarter-size-image\" src=\"https:\/\/www.memri.org\/sites\/default\/files\/2022\/11\/m9947m.png\" alt=\"\" \/><\/p>\n<p>\u201cCuando anunciamos que el alcance de nuestros misiles es de 2.000 kil\u00f3metros, en la \u00e9poca del gobierno anterior, cuando los estadounidenses nos amenazaron &#8211; nosotros tambi\u00e9n los amenazamos directamente diciendo que todas estas bases estadounidenses est\u00e1n a nuestro alcance. Una de las razones por las que Estados Unidos se march\u00f3 huyendo de la regi\u00f3n &#8211; huy\u00f3 de Afganist\u00e1n e Irak, fue que esas bases estaban dentro del alcance de nuestros misiles\u00bb.<\/p>\n<p><img decoding=\"async\" class=\"three-quarter-size-image\" src=\"https:\/\/www.memri.org\/sites\/default\/files\/2022\/11\/m9947n.png\" alt=\"\" \/><\/p>\n<p><img decoding=\"async\" class=\"three-quarter-size-image\" src=\"https:\/\/www.memri.org\/sites\/default\/files\/2022\/11\/m9947o.png\" alt=\"\" \/><\/p>\n","protected":false},"excerpt":{"rendered":"<p>Abbas Haji Najjari, quien se desempe\u00f1a como asesor al adjunto cultural del Jefe del estado mayor iran\u00ed, dijo en una entrevista publicada el 14 de noviembre, 2022 en el canal de televisi\u00f3n libanes Mayadeen que los \u00abpoderes de la arrogancia\u00bb en Occidente est\u00e1n detr\u00e1s de los disturbios en Ir\u00e1n. Este dijo que \u00abel enemigo\u00bb lo [&hellip;]<\/p>\n","protected":false},"author":1,"featured_media":61953,"comment_status":"open","ping_status":"open","sticky":false,"template":"","format":"standard","meta":{"footnotes":""},"categories":[4,6,20,18,2],"tags":[],"class_list":["post-61952","post","type-post","status-publish","format-standard","has-post-thumbnail","hentry","category-archivos","category-comunicados-especiales","category-iran","category-paises","category-featured"],"_links":{"self":[{"href":"https:\/\/www2.memri.org\/espanol\/wp-json\/wp\/v2\/posts\/61952","targetHints":{"allow":["GET"]}}],"collection":[{"href":"https:\/\/www2.memri.org\/espanol\/wp-json\/wp\/v2\/posts"}],"about":[{"href":"https:\/\/www2.memri.org\/espanol\/wp-json\/wp\/v2\/types\/post"}],"author":[{"embeddable":true,"href":"https:\/\/www2.memri.org\/espanol\/wp-json\/wp\/v2\/users\/1"}],"replies":[{"embeddable":true,"href":"https:\/\/www2.memri.org\/espanol\/wp-json\/wp\/v2\/comments?post=61952"}],"version-history":[{"count":0,"href":"https:\/\/www2.memri.org\/espanol\/wp-json\/wp\/v2\/posts\/61952\/revisions"}],"wp:featuredmedia":[{"embeddable":true,"href":"https:\/\/www2.memri.org\/espanol\/wp-json\/wp\/v2\/media\/61953"}],"wp:attachment":[{"href":"https:\/\/www2.memri.org\/espanol\/wp-json\/wp\/v2\/media?parent=61952"}],"wp:term":[{"taxonomy":"category","embeddable":true,"href":"https:\/\/www2.memri.org\/espanol\/wp-json\/wp\/v2\/categories?post=61952"},{"taxonomy":"post_tag","embeddable":true,"href":"https:\/\/www2.memri.org\/espanol\/wp-json\/wp\/v2\/tags?post=61952"}],"curies":[{"name":"wp","href":"https:\/\/api.w.org\/{rel}","templated":true}]}}