{"id":61855,"date":"2022-11-02T13:32:43","date_gmt":"2022-11-02T17:32:43","guid":{"rendered":"https:\/\/www2.memri.org\/espanol\/?p=61855"},"modified":"2022-11-02T13:32:43","modified_gmt":"2022-11-02T17:32:43","slug":"ex-ministro-jordano-en-mencion-al-terrorista-palestino-uday-al-tamimi-es-un-heroe-intrepido-que-trajo-alegria-a-millones","status":"publish","type":"post","link":"https:\/\/www2.memri.org\/espanol\/ex-ministro-jordano-en-mencion-al-terrorista-palestino-uday-al-tamimi-es-un-heroe-intrepido-que-trajo-alegria-a-millones\/61855","title":{"rendered":"Ex-ministro jordano en menci\u00f3n al terrorista palestino &#8216;Uday Al-Tamimi: Es un h\u00e9roe intr\u00e9pido que trajo alegr\u00eda a millones"},"content":{"rendered":"<p><em>En un art\u00edculo publicado en el diario jordano Al-Dustour y en el diario catar\u00ed Al-Watan, Muhammad Daoudia, ex-ministro jordano y actual presidente del consejo editorial del diario Al-Dustour, elogi\u00f3 al terrorista palestino &#8216;Uday Al-Tamimi, autor de dos recientes ataques contra israel\u00edes. Al-Tamimi llev\u00f3 a cabo un ataque con armas de fuego el d\u00eda 9 de octubre, 2022 a un puesto de control en Shu&#8217;afat en Jerusal\u00e9n oriental, en el que muri\u00f3 una soldado israel\u00ed, Noa Lazar y otro ataque tambi\u00e9n con armas de fuego 10 d\u00edas despu\u00e9s, en la entrada de la ciudad israel\u00ed de Ma&#8217;ale Adumim, durante el cual \u00e9l mismo fue abatido a disparos por agentes de seguridad israel\u00edes. Al describir a Al-Tamimi como h\u00e9roe quien se sacrific\u00f3 voluntaria y conscientemente y cuyas acciones alegraron a millones de personas, Daoudia agreg\u00f3 que Al-Tamimi es un modelo a seguir para otros palestinos que \u00abemulan a los m\u00e1rtires anteriores cuando sus corazones y mentes se llenan repentinamente de coraje\u00bb.<\/em><\/p>\n<figure style=\"width: 1129px\" class=\"wp-caption alignnone\"><img loading=\"lazy\" decoding=\"async\" class=\"half-size-image\" src=\"https:\/\/www.memri.org\/sites\/default\/files\/2022\/10\/sd10294.jpg\" alt=\"Muhammad Daoudia (imagen: Al-Watan, Qatar, 24 de octubre, 2022)\" width=\"1129\" height=\"620\" \/><figcaption class=\"wp-caption-text\">Muhammad Daoudia (imagen: Al-Watan, Qatar, 24 de octubre, 2022)<\/figcaption><\/figure>\n<p><em>Lo siguiente son extractos traducidos del art\u00edculo de Daoudia<\/em>:<a href=\"#_edn1\" name=\"_ednref1\">[1]<\/a><\/p>\n<p>\u00abA la edad de 20 a\u00f1os, al primer brote de juventud, la mayor\u00eda de los j\u00f3venes se preocupan por estudiar, desarrollar su identidad y pensar en el futuro&#8230; enamorarse y prometerle a su amada construir un nido tranquilo para ella y sus hijos, quienes llenar\u00e1n la casa de diversi\u00f3n, vida y mucho ruido. Sin embargo, &#8216;Uday Al-Tamimi, de 20 a\u00f1os&#8230; absorbi\u00f3 el esp\u00edritu de abnegaci\u00f3n, generosidad y firmeza de su pueblo \u00e1rabe palestino, siendo este una gran naci\u00f3n de h\u00e9roes. El encantador joven palestino &#8216;Uday Al-Tamimi tranquilamente dio su vida y trajo alegr\u00eda a millones. Este aliment\u00f3 a los enemigos con hiel y llen\u00f3 sus rostros y corazones con miedo y pavor frustrando a sus conspiradores. Con su ametralladora, el Samurai Al-Tamimi deletre\u00f3 su mensaje mordaz y singular, que reverber\u00f3 en todo el mundo y repiti\u00f3 las l\u00edneas del poema, &#8216;Oh Beirut, no levantamos una bandera blanca ni nos fuimos con la cabeza gacha&#8217;<a href=\"#_edn2\" name=\"_ednref2\">[2]<\/a> &#8216;Uday Al- Tamimi sab\u00eda lo que quer\u00eda y sab\u00eda que se unir\u00eda a la procesi\u00f3n de abnegados m\u00e1rtires. \u00c9l es una nueva fuente de inspiraci\u00f3n y de h\u00e9roe intr\u00e9pido. Su persona represent\u00f3 la erupci\u00f3n nacional desenfrenada y desesperada y fue un modelo de pura valent\u00eda. Su gloriosa acci\u00f3n y su \u00faltima voluntad y testamento se convertir\u00e1n en un brillante ejemplo para otros j\u00f3venes palestinos que le dan la bienvenida a la <em>shahada<\/em> (el martirio por la causa de Al\u00e1) y emulan a los anteriores m\u00e1rtires cuando sus corazones y mentes se llenan repentinamente de coraje\u00bb.<\/p>\n<p>\u00abEl martirio del h\u00e9roe &#8216;Uday Zuhair Bahaya Al-Tamimi, hijo de la Khansa<a href=\"#_edn3\" name=\"_ednref3\">[3]<\/a> de Palestina Jamila Al-Ja&#8217;bari, revela que los l\u00edderes de la entidad sionista son unos tontos, porque no entienden que violar los derechos del pueblo \u00e1rabe palestino durante tres cuartos de siglo solo result\u00f3 en proveerles&#8230; a &#8216;Uday Al-Tamimi.<\/p>\n<p>Felicitaciones al pueblo palestino y a su naci\u00f3n \u00e1rabe&#8230; por el hecho de que el m\u00e1rtir &#8216;Uday Al-Tamimi lleve puesto su dulce y puro nombre\u00bb.<\/p>\n<hr \/>\n<p><a href=\"#_ednref1\" name=\"_edn1\">[1]<\/a> <em>Al-Dustour<\/em> (Jordania), 23 de octubre, 2022; <em>Al-Watan<\/em> (Qatar), 24 de octubre, 2022.<\/p>\n<p><a href=\"#_ednref2\" name=\"_edn2\">[2]<\/a> Tomado de un poema que trata sobre el \u00e9xodo de la OLP de Beirut en el a\u00f1o 1982.<\/p>\n<p><a href=\"#_ednref3\" name=\"_edn3\">[3]<\/a> La poetisa de comienzos del islam Al-Khansa Bint &#8216;Amr es llamada \u00abla Madre de los m\u00e1rtires\u00bb porque cuando sus cuatro hijos murieron en la batalla de Al-Qadasiyya (637) no los lament\u00f3, sino que le agradeci\u00f3 a Al\u00e1 por honrarla con sus muertes.<\/p>\n","protected":false},"excerpt":{"rendered":"<p>En un art\u00edculo publicado en el diario jordano Al-Dustour y en el diario catar\u00ed Al-Watan, Muhammad Daoudia, ex-ministro jordano y actual presidente del consejo editorial del diario Al-Dustour, elogi\u00f3 al terrorista palestino &#8216;Uday Al-Tamimi, autor de dos recientes ataques contra israel\u00edes. Al-Tamimi llev\u00f3 a cabo un ataque con armas de fuego el d\u00eda 9 de [&hellip;]<\/p>\n","protected":false},"author":1,"featured_media":61856,"comment_status":"open","ping_status":"open","sticky":false,"template":"","format":"standard","meta":{"footnotes":""},"categories":[4,6,18,22,2,23],"tags":[],"class_list":["post-61855","post","type-post","status-publish","format-standard","has-post-thumbnail","hentry","category-archivos","category-comunicados-especiales","category-paises","category-jordania","category-featured","category-autoridad-palestina"],"_links":{"self":[{"href":"https:\/\/www2.memri.org\/espanol\/wp-json\/wp\/v2\/posts\/61855","targetHints":{"allow":["GET"]}}],"collection":[{"href":"https:\/\/www2.memri.org\/espanol\/wp-json\/wp\/v2\/posts"}],"about":[{"href":"https:\/\/www2.memri.org\/espanol\/wp-json\/wp\/v2\/types\/post"}],"author":[{"embeddable":true,"href":"https:\/\/www2.memri.org\/espanol\/wp-json\/wp\/v2\/users\/1"}],"replies":[{"embeddable":true,"href":"https:\/\/www2.memri.org\/espanol\/wp-json\/wp\/v2\/comments?post=61855"}],"version-history":[{"count":0,"href":"https:\/\/www2.memri.org\/espanol\/wp-json\/wp\/v2\/posts\/61855\/revisions"}],"wp:featuredmedia":[{"embeddable":true,"href":"https:\/\/www2.memri.org\/espanol\/wp-json\/wp\/v2\/media\/61856"}],"wp:attachment":[{"href":"https:\/\/www2.memri.org\/espanol\/wp-json\/wp\/v2\/media?parent=61855"}],"wp:term":[{"taxonomy":"category","embeddable":true,"href":"https:\/\/www2.memri.org\/espanol\/wp-json\/wp\/v2\/categories?post=61855"},{"taxonomy":"post_tag","embeddable":true,"href":"https:\/\/www2.memri.org\/espanol\/wp-json\/wp\/v2\/tags?post=61855"}],"curies":[{"name":"wp","href":"https:\/\/api.w.org\/{rel}","templated":true}]}}