{"id":61803,"date":"2022-10-21T16:08:22","date_gmt":"2022-10-21T20:08:22","guid":{"rendered":"https:\/\/www2.memri.org\/espanol\/?p=61803"},"modified":"2022-10-24T16:14:13","modified_gmt":"2022-10-24T20:14:13","slug":"en-visperas-a-la-copa-mundial-de-la-fifa-en-catar-este-continua-su-condena-a-la-comunidad-lgbtq","status":"publish","type":"post","link":"https:\/\/www2.memri.org\/espanol\/en-visperas-a-la-copa-mundial-de-la-fifa-en-catar-este-continua-su-condena-a-la-comunidad-lgbtq\/61803","title":{"rendered":"En v\u00edsperas a la Copa Mundial de la FIFA en Catar, este contin\u00faa su condena a la comunidad LGBTQ"},"content":{"rendered":"<p>A solo un mes de la inauguraci\u00f3n prevista de la Copa Mundial de la FIFA 2022 a celebrarse en Qatar, contin\u00faan las expresiones de sentimiento anti-LGBTQ en el pa\u00eds. El d\u00eda 17 de octubre, el miembro del parlamento catar\u00ed Nasser bin Hassan Al-Kubaisi tuite\u00f3 lo siguiente: \u00abLa constituci\u00f3n y las leyes en Catar no permiten que los homosexuales levanten su bandera o promuevan sus ya desviadas ideas. Como representante del pueblo catar\u00ed y quien expresa sus valores, no aceptar\u00e9 que se levanten banderas de deterioro moral en nuestro pa\u00eds. Le daremos la bienvenida a todos a la Copa del Mundo siempre que respeten nuestra religi\u00f3n y nuestras costumbres, as\u00ed como tambi\u00e9n nuestra constituci\u00f3n y nuestras leyes\u00bb.<a href=\"#_edn1\" name=\"_ednref1\">[1]<\/a><\/p>\n<figure style=\"width: 533px\" class=\"wp-caption alignnone\"><img loading=\"lazy\" decoding=\"async\" class=\"half-size-image\" src=\"https:\/\/www.memri.org\/sites\/default\/files\/2022\/SD10274.jpg\" alt=\"El tuit de Al-Kusaibi\" width=\"533\" height=\"287\" \/><figcaption class=\"wp-caption-text\">El tuit de Al-Kusaibi<\/figcaption><\/figure>\n<p>l mensaje de Al-Kubaisi es uno m\u00e1s en una serie de declaraciones y condenas anti-LGBTQ que han aparecido en los medios de comunicaci\u00f3n de Catar, incluyendo las redes sociales.<\/p>\n<p>Cabe se\u00f1alar que las posturas anti-LGBTQ de Al-Kubaisi y las posturas similares expresadas en Catar antes de la Copa del Mundo del a\u00f1o 2022 contradicen la estrategia conjunta publicada por Catar y la FIFA en enero del a\u00f1o 2022. Tal estrategia proh\u00edbe, entre otras cosas, la discriminaci\u00f3n contra cualquier persona, individuo, grupo o estado por motivos de raza, color de piel, g\u00e9nero, orientaci\u00f3n sexual, discapacidad, idioma, religi\u00f3n, etc.<a href=\"#_edn2\" name=\"_ednref2\">[2]<\/a> Estas posturas tambi\u00e9n est\u00e1n en desacuerdo con las declaraciones de Nasser Al-Khater, director ejecutivo del comit\u00e9 organizador de la Copa del Mundo, este le dijo a CNN en una entrevista el d\u00eda 18 de noviembre, 2019 de que todos los aficionados ser\u00edan bienvenidos en Qatar independientemente de su nacionalidad, raza, religi\u00f3n u orientaci\u00f3n sexual\u00bb.<a href=\"#_edn3\" name=\"_ednref3\">[3]<\/a><\/p>\n<p><em>Para ver los informes y despachos publicados por MEMRI en ingl\u00e9s sobre este tema copie el siguiente enlace en su ordenador<\/em>: https:\/\/www.memri.org\/reports\/qatar-eve-fifa-world-cup-condemnation-lgbtq-community-continues<\/p>\n<hr \/>\n<p><a href=\"#_ednref1\" name=\"_edn1\">[1]<\/a> Twitter.com\/_NasserHassan, 17 de octubre, 2022.<\/p>\n<p><a href=\"#_ednref2\" name=\"_edn2\">[2]<\/a> FIFA.com, 21 de enero, 2020.<\/p>\n<p><a href=\"#_ednref3\" name=\"_edn3\">[3]<\/a> CNN.com\/2019\/11\/18\/football\/qatar-world-cup-tres-years-to-go-nasser-al-khater-spt-intl\/index.html, 18 de noviembre, 2022.<\/p>\n","protected":false},"excerpt":{"rendered":"<p>A solo un mes de la inauguraci\u00f3n prevista de la Copa Mundial de la FIFA 2022 a celebrarse en Qatar, contin\u00faan las expresiones de sentimiento anti-LGBTQ en el pa\u00eds. El d\u00eda 17 de octubre, el miembro del parlamento catar\u00ed Nasser bin Hassan Al-Kubaisi tuite\u00f3 lo siguiente: \u00abLa constituci\u00f3n y las leyes en Catar no permiten [&hellip;]<\/p>\n","protected":false},"author":1,"featured_media":61804,"comment_status":"open","ping_status":"open","sticky":false,"template":"","format":"standard","meta":{"footnotes":""},"categories":[4,6,18,2,24],"tags":[],"class_list":["post-61803","post","type-post","status-publish","format-standard","has-post-thumbnail","hentry","category-archivos","category-comunicados-especiales","category-paises","category-featured","category-golfo-persico"],"_links":{"self":[{"href":"https:\/\/www2.memri.org\/espanol\/wp-json\/wp\/v2\/posts\/61803","targetHints":{"allow":["GET"]}}],"collection":[{"href":"https:\/\/www2.memri.org\/espanol\/wp-json\/wp\/v2\/posts"}],"about":[{"href":"https:\/\/www2.memri.org\/espanol\/wp-json\/wp\/v2\/types\/post"}],"author":[{"embeddable":true,"href":"https:\/\/www2.memri.org\/espanol\/wp-json\/wp\/v2\/users\/1"}],"replies":[{"embeddable":true,"href":"https:\/\/www2.memri.org\/espanol\/wp-json\/wp\/v2\/comments?post=61803"}],"version-history":[{"count":0,"href":"https:\/\/www2.memri.org\/espanol\/wp-json\/wp\/v2\/posts\/61803\/revisions"}],"wp:featuredmedia":[{"embeddable":true,"href":"https:\/\/www2.memri.org\/espanol\/wp-json\/wp\/v2\/media\/61804"}],"wp:attachment":[{"href":"https:\/\/www2.memri.org\/espanol\/wp-json\/wp\/v2\/media?parent=61803"}],"wp:term":[{"taxonomy":"category","embeddable":true,"href":"https:\/\/www2.memri.org\/espanol\/wp-json\/wp\/v2\/categories?post=61803"},{"taxonomy":"post_tag","embeddable":true,"href":"https:\/\/www2.memri.org\/espanol\/wp-json\/wp\/v2\/tags?post=61803"}],"curies":[{"name":"wp","href":"https:\/\/api.w.org\/{rel}","templated":true}]}}