{"id":61733,"date":"2022-10-06T14:51:33","date_gmt":"2022-10-06T18:51:33","guid":{"rendered":"https:\/\/www2.memri.org\/espanol\/?p=61733"},"modified":"2022-10-10T15:09:49","modified_gmt":"2022-10-10T19:09:49","slug":"resumen-del-fin-de-semana-del-proyecto-supervision-a-la-amenaza-terrorista-y-yihad-psaty-semana-del-1-al-8-de-octubre-2022","status":"publish","type":"post","link":"https:\/\/www2.memri.org\/espanol\/resumen-del-fin-de-semana-del-proyecto-supervision-a-la-amenaza-terrorista-y-yihad-psaty-semana-del-1-al-8-de-octubre-2022\/61733","title":{"rendered":"Resumen del fin de semana del Proyecto Supervisi\u00f3n a la Amenaza Terrorista y Yihad (PSATY) &#8211; Semana del 1 al 8 de octubre, 2022"},"content":{"rendered":"<p><em>Lo siguiente son algunos de los informes de esta semana del Proyecto Supervisi\u00f3n a la Amenaza Terrorista y Yihad (PSATY) en MEMRI, que traduce y analiza el contenido de fuentes, las cuales son monitoreadas y supervisadas las 24 horas del d\u00eda, 7 d\u00edas a la semana, entre estos, los portales y blogs yihadistas m\u00e1s importantes. (Para ver estos informes en su totalidad, usted debe ser miembro del PSATY; para obtener informaci\u00f3n sobre el c\u00f3mo obtener membrec\u00eda, env\u00ede un correo electr\u00f3nico a la siguiente direcci\u00f3n <a href=\"mailto:jttmsubs@memri.org\">jttmsubs@memri.org<\/a> junto al texto \u00abMembership &#8211; Membrec\u00eda\u00bb en la l\u00ednea tema &#8216;asunto&#8217;).<\/em><\/p>\n<p><strong><em>Nota a los medios de comunicaci\u00f3n y del gobierno: Para obtener una copia completa de estos informes, env\u00ede un correo electr\u00f3nico con el t\u00edtulo del informe en la l\u00ednea tema &#8216;asunto&#8217; a la siguiente direcci\u00f3n: <a href=\"mailto:media@memri.org\">media@memri.org<\/a>. Por favor incluya su nombre, t\u00edtulo y organizaci\u00f3n a la que pertenece en su correo electr\u00f3nico.<\/em><\/strong><\/p>\n<p><strong>EXCLUSIVO: Partidario bosnio del EIIS pide ejecutar a usuarios de TikTok cr\u00edticos del islam y elude algoritmo para difundir propaganda del Estado Isl\u00e1mico<\/strong><\/p>\n<p><img decoding=\"async\" class=\"half-size-image\" src=\"https:\/\/www.memri.org\/sites\/default\/files\/2022\/jttmweekly100622.jpg\" alt=\"\" \/><\/p>\n<p>Un partidario del Estado Isl\u00e1mico (EIIS) oriundo de Bosnia en TikTok publica propaganda pro-EIIS y yihadista en la plataforma.<\/p>\n<p><strong>EXCLUSIVO: El grupo Jaish Al-Adl en Ir\u00e1n vinculado a Al-Qaeda niega haber disparado contra las fuerzas de seguridad iran\u00edes al sureste de Ir\u00e1n, acusa al r\u00e9gimen de inventar su participaci\u00f3n en las protestas populares y se compromete a apoyar de ahora en adelante al movimiento de protesta<\/strong><\/p>\n<p><img decoding=\"async\" class=\"half-size-image\" src=\"https:\/\/www.memri.org\/sites\/default\/files\/2022\/jttmweekly1006221.jpg\" alt=\"\" \/><\/p>\n<p>El 1 de octubre, 2022 el medio de comunicaci\u00f3n oficial del grupo Jaish Al-Adl (\u00abEj\u00e9rcito de Justicia\u00bb), un grupo yihadista sunita salafista que opera principalmente al sureste de Ir\u00e1n, donde hay una concentraci\u00f3n sustancial de sunitas baluchis y una frontera muy porosa con Pakist\u00e1n, emiti\u00f3 un comunicado en su portal negando su participaci\u00f3n en las protestas populares en Ir\u00e1n y acusando al gobierno iran\u00ed de inventar el cuento de la participaci\u00f3n del grupo yihadista con el fin de justificar la represi\u00f3n sobre las manifestaciones en Zehedan, la capital de las provincias Sist\u00e1n y Baluchist\u00e1n en el pa\u00eds.<\/p>\n<p><strong>EXCLUSIVO: El grupo Jaish Al-Adl en Ir\u00e1n y vinculado a Al-Qaeda publica video que documenta entrenamiento en redadas nocturnas para liberar a prisioneros<\/strong><\/p>\n<p><img decoding=\"async\" class=\"half-size-image\" src=\"https:\/\/www.memri.org\/sites\/default\/files\/2022\/jttmweekly1006222.jpg\" alt=\"\" \/><\/p>\n<p>El 21 de septiembre, 2022 el medio de comunicaci\u00f3n oficial del grupo Jaish Al-Adl (\u00abEj\u00e9rcito de Justicia\u00bb), un grupo yihadista sunita salafista que opera principalmente al sureste de Ir\u00e1n, donde existe una concentraci\u00f3n sustancial de sunitas baluchis y una frontera porosa con Pakist\u00e1n, public\u00f3 en su portal un video que documenta a los combatientes del grupo realizando un ejercicio de entrenamiento.<\/p>\n<p><strong>EXCLUSIVO: L\u00edderes yihadistas extranjeros se re\u00fanen con el ministro del Interior talib\u00e1n afgano Sirajuddin Haqqani en Kabul y con organizaciones yihadistas no-talibanes desplegadas al noreste de Afganist\u00e1n<\/strong><\/p>\n<p><img decoding=\"async\" class=\"half-size-image\" src=\"https:\/\/www.memri.org\/sites\/default\/files\/2022\/jttmweekly1006223.jpg\" alt=\"\" \/><\/p>\n<p>El Emirato Isl\u00e1mico de Afganist\u00e1n (EIA, es decir, los talibanes afganos), que ha estado bajo presi\u00f3n para no permitir que Al-Qaeda y otros grupos terroristas utilicen suelo afgano con el prop\u00f3sito de lanzar ataques contra los Estados Unidos, ha trasladado a terroristas yihadistas extranjeros para ser desplegados en la zona noreste del pa\u00eds, posiblemente para contrarrestar la resistencia anti-talib\u00e1n y como parte de una estrategia m\u00e1s amplia para la regi\u00f3n de Asia Central.<\/p>\n<p><strong>El EIIS se atribuye ataque contra personal anti-terrorista de Pakist\u00e1n en Karachi<\/strong><\/p>\n<p><img decoding=\"async\" class=\"half-size-image\" src=\"https:\/\/www.memri.org\/sites\/default\/files\/2022\/jttmweekly1006224.jpg\" alt=\"\" \/><\/p>\n<p>El d\u00eda 4 de octubre, 2022 el Estado Isl\u00e1mico (EIIS) afirm\u00f3 que sus combatientes en Pakist\u00e1n atacaron una unidad antiterrorista en Karachi el 1 de octubre.<\/p>\n<p><strong>Editorial en semanario del EIIS: Muyahidines inevitablemente enfrentan oposici\u00f3n, el EIIS se opone emprender el yihad, no porque cometa errores<\/strong><\/p>\n<p><img decoding=\"async\" class=\"half-size-image\" src=\"https:\/\/www.memri.org\/sites\/default\/files\/2022\/jttmweekly1006225.jpg\" alt=\"\" \/><\/p>\n<p>La edici\u00f3n No. 358 de <em>Al-Naba&#8217;<\/em>, la revista semanal oficial del Estado Isl\u00e1mico (EIIS), con fecha 29 de septiembre, 2022 contiene un editorial titulado \u00abSu yihad leg\u00edtimo (es decir, el de Al\u00e1)\u00bb, una referencia al Cor\u00e1n 22:78: \u00abY emprender el yihad por el bien de Al\u00e1 como debe librarse por \u00c9l\u00bb.<\/p>\n<p><strong>Art\u00edculo en la edici\u00f3n No. 14 de la revista del EIIS-K <em>&#8216;Voz de Joras\u00e1n&#8217;<\/em> critica fuertemente al ministro hind\u00fa del estado de India por tener en la mira a musulmanes: &#8216;El fara\u00f3n de Hind le sigue los pasos al ex-Fir&#8217;awn, el enemigo de Al\u00e1&#8217;<\/strong><\/p>\n<p><img decoding=\"async\" class=\"half-size-image\" src=\"https:\/\/www.memri.org\/sites\/default\/files\/2022\/jttmweekly1006226.jpg\" alt=\"\" \/><\/p>\n<p>Un art\u00edculo principal en la \u00faltima edici\u00f3n de \u00ab<em>Voz de Joras\u00e1n<\/em>\u00ab, una revista mensual en ingl\u00e9s publicada por el brazo medi\u00e1tico del grupo Provincia Joras\u00e1n del Estado Isl\u00e1mico (EIIS-K) critica al gobierno de Yogi Adityanath, primer ministro del estado norte\u00f1o de Uttar Pradesh en India, por sus pol\u00edticas contra los musulmanes y desalienta a los musulmanes hind\u00faes a seguir la constituci\u00f3n de India.<\/p>\n<p><strong>Advertencia \u2014 Muy gr\u00e1fico: Al-Shabab confirma 140 bajas entre soldados et\u00edopes en la frontera entre Somalia y Etiop\u00eda<\/strong><\/p>\n<p><img decoding=\"async\" class=\"half-size-image\" src=\"https:\/\/www.memri.org\/sites\/default\/files\/2022\/jttmweekly1006227.jpg\" alt=\"\" \/><\/p>\n<p>El d\u00eda 5 de octubre, 2022 la filial de Al-Qaeda en Somalia Harakat Al-Shabab Al-Mujahideen (Al-Shabab), se responsabiliz\u00f3 de aproximadamente 140 bajas entre soldados et\u00edopes durante un intercambio de disparos ocurrido el 4 de octubre en un suburbio de la ciudad et\u00edope de Washaaqo, adyacente a la frontera entre Somalia y Etiop\u00eda.<\/p>\n<p><strong>Portal vinculado a Al-Shabab: Tribu local en Galgudud combatir\u00e1 junto a Al-Shabab en contra del gobierno somal\u00ed y sus aliados<\/strong><\/p>\n<p><img decoding=\"async\" class=\"half-size-image\" src=\"https:\/\/www.memri.org\/sites\/default\/files\/2022\/jttmweekly1006228.jpg\" alt=\"\" \/><\/p>\n<p>El 6 de octubre, 2022 un portal vinculado a la filial de Al-Qaeda en Somalia, Al-Shabab, public\u00f3 varias fotograf\u00edas que mostraban a los lugare\u00f1os de una tribu en el centro de Somalia que decidieron unirse a la lucha junto al grupo.<\/p>\n<p><strong>Al-Shabab se atribuye haber perpetrado tres ataques suicidas contra altos funcionarios gubernamentales y objetivos militares en la ciudad somal\u00ed central de Beledweyne<\/strong><\/p>\n<p><img decoding=\"async\" class=\"half-size-image\" src=\"https:\/\/www.memri.org\/sites\/default\/files\/2022\/jttmweekly1006229.jpg\" alt=\"\" \/><\/p>\n<p>El d\u00eda 3 de octubre, 2022 la filial de Al-Qaeda en Somalia, el grupo Harakat Al-Shabab Al-Mujahideen (Al-Shabab), se responsabiliz\u00f3 por un doble ataque suicida perpetrado el mismo d\u00eda en un recinto de seguridad fuertemente custodiado en la ciudad de Beledweyne en la provincia Hiran en el centro de Somalia.<\/p>\n<p><strong>Al-Shabab, filial de Al-Qaeda, publica los videos 11 y 12 de una serie que destaca la ayuda a los somal\u00edes afectados por la sequ\u00eda<\/strong><\/p>\n<p><img decoding=\"async\" class=\"half-size-image\" src=\"https:\/\/www.memri.org\/sites\/default\/files\/2022\/jttmweekly10062210.jpg\" alt=\"\" \/><\/p>\n<p>El 1 de octubre, 2022 la Fundaci\u00f3n Al-Kata&#8217;ib, el brazo medi\u00e1tico de la filial somal\u00ed de Al-Qaeda Al-Shabab, public\u00f3 un video de 16 minutos de duraci\u00f3n en idioma somal\u00ed.<\/p>\n<p><strong>Filial de Al-Qaeda Al-Shabab publica los videos 9 y 10 de una serie que destaca la ayuda a los somal\u00edes afectados por la sequ\u00eda<\/strong><\/p>\n<p><img decoding=\"async\" class=\"half-size-image\" src=\"https:\/\/www.memri.org\/sites\/default\/files\/2022\/jttmweekly10062211.jpg\" alt=\"\" \/><\/p>\n<p>El 15 de septiembre, 2022 la Fundaci\u00f3n Al-Kata&#8217;ib, el brazo medi\u00e1tico de la filial somal\u00ed de Al-Qaeda Al-Shabab, public\u00f3 un video de 13 minutos de duraci\u00f3n en idioma somal\u00ed.<\/p>\n<p><strong>Filial de Al-Qaeda en el Sahel afirma que emboscada contra convoy del ej\u00e9rcito burkin\u00e9s allan\u00f3 el camino para un golpe de estado militar en el pa\u00eds<\/strong><\/p>\n<p><img decoding=\"async\" class=\"half-size-image\" src=\"https:\/\/www.memri.org\/sites\/default\/files\/2022\/jttmweekly10062212.jpg\" alt=\"\" \/><\/p>\n<p>El 3 de octubre, 2022 el brazo medi\u00e1tico del Grupo de apoyo al islam y los musulmanes (GAIM), filial de Al-Qaeda en el Sahel, emiti\u00f3 un comunicado en el que se responsabilizaba por una emboscada realizada a gran escala contra las fuerzas de Burkina Faso, que seg\u00fan afirm\u00f3 precipit\u00f3 el golpe de estado militar del d\u00eda 30 de septiembre en el pa\u00eds.<\/p>\n<p><strong>Filial de Al-Qaeda en Mal\u00ed se atribuye tres ataques perpetrados contra el ej\u00e9rcito maliense<\/strong><\/p>\n<p><img decoding=\"async\" class=\"half-size-image\" src=\"https:\/\/www.memri.org\/sites\/default\/files\/2022\/jttmweekly10062213.jpg\" alt=\"\" \/><\/p>\n<p>El 3 de octubre, 2022 el brazo medi\u00e1tico del Grupo de apoyo al islam y los musulmanes (GAIM) afiliado a Al-Qaeda en Mal\u00ed, junto a un grupo de medios de comunicaci\u00f3n afiliado, emitieron dos declaraciones en las que se responsabilizaron por tres ataques perpetrados en la regi\u00f3n de Massina, Mal\u00ed.<\/p>\n<p><strong>Reportero yihadista estadounidense radicado en Siria destaca la dif\u00edcil situaci\u00f3n del combatiente canadiense detenido por Hay&#8217;at Tahrir Al-Sham e identifica al combatiente australiano a cargo de su caso<\/strong><\/p>\n<p><img decoding=\"async\" class=\"half-size-image\" src=\"https:\/\/www.memri.org\/sites\/default\/files\/2022\/jttmweekly10062214.jpg\" alt=\"\" \/><\/p>\n<p>El 5 de octubre, 2022 el reportero yihadista Bilal Abdul Kareem, quien naci\u00f3 en Estados Unidos y se encuentra radicado en Siria, public\u00f3 un video en YouTube en su blog y canal en la aplicaci\u00f3n Telegram, abogando por la liberaci\u00f3n de Safwan Al-Kanadi, un combatiente canadiense en Siria que, seg\u00fan informes, ha sido detenido por el grupo Hay &#8216;en Tahrir Al-Sham (HTS) durante los \u00faltimos dos a\u00f1os.<\/p>\n<p><strong>Luego de expirar el alto al fuego en Yemen, el movimiento de los houties Ansar Al\u00e1 y el grupo iraqu\u00ed respaldado por Ir\u00e1n amenazan con ataques contra instalaciones petroleras en Arabia Saudita y los Emiratos \u00c1rabes Unidos<\/strong><\/p>\n<p><img decoding=\"async\" class=\"half-size-image\" src=\"https:\/\/www.memri.org\/sites\/default\/files\/2022\/jttmweekly10062215.jpg\" alt=\"\" \/><\/p>\n<p>El 2 de octubre, 2022 Hans Grundberg, enviado especial a Yemen en nombre del secretario general de la ONU, anunci\u00f3 la expiraci\u00f3n de la extensi\u00f3n del acuerdo de alto al fuego del mes de abril, 2022 firmado entre el movimiento de los houties Ansar Al\u00e1 y Arabia Saudita y los Emiratos \u00c1rabes Unidos liderado por la Coalici\u00f3n \u00e1rabe para restaurar la legitimidad en Yemen y el gobierno reconocido por la comunidad internacional.<\/p>\n<p><strong>Movimiento de los houties Ansar Al\u00e1: Las negociaciones de un alto al fuego est\u00e1n estancadas surgiendo una escalada de amenazas contra las empresas petroleras y el transporte mar\u00edtimo<\/strong><\/p>\n<p><img decoding=\"async\" class=\"half-size-image\" src=\"https:\/\/www.memri.org\/sites\/default\/files\/2022\/jttmweekly10062216.jpg\" alt=\"\" \/><\/p>\n<p>El 1 de octubre, 2022, un d\u00eda antes de expirar la extensi\u00f3n del mes de agosto al alto el fuego de abril, 2022 negociado por la ONU entre el movimiento de los houties Ansar Al\u00e1 y la Coalici\u00f3n \u00e1rabe para restaurar la legitimidad en Yemen liderada por Arabia Saudita y los Emiratos \u00c1rabes Unidos y el gobierno reconocido por la comunidad internacional, los houties anunciaron que las negociaciones para una extensi\u00f3n adicional del alto el fuego alcanzaron un punto muerto y responsabilizaron a Arabia Saudita y a los Emiratos \u00c1rabes Unidos por ello.<\/p>\n<p><strong>Medio de comunicaci\u00f3n respaldado por Ir\u00e1n dice que Estados Unidos pasa de Arabia Saudita a Qatar por el manejo de los esfuerzos regionales ante una mediaci\u00f3n y se burla de Al-Sadr por una llamada sin conocimiento a una intervenci\u00f3n de Arabia Saudita en Afganist\u00e1n<\/strong><\/p>\n<p><img decoding=\"async\" class=\"half-size-image\" src=\"https:\/\/www.memri.org\/sites\/default\/files\/2022\/jttmweekly10062217.jpg\" alt=\"\" \/><\/p>\n<p>El d\u00eda 3 de octubre, 2022 un medio de comunicaci\u00f3n afiliado a las milicias respaldadas por Ir\u00e1n en Irak dio a conocer un publicado en la aplicaci\u00f3n Telegram que indica que Estados Unidos pasa de Arabia Saudita a Qatar en lo que respecta a una mediaci\u00f3n regional, especialmente en Afganist\u00e1n.<\/p>\n<p><strong>Medio de comunicaci\u00f3n afiliado a las milicias iraqu\u00edes en Telegram: El embajador de Estados Unidos en Irak deber\u00eda inclinarse ante las facciones de la resistencia ya que se avecinan ataques<\/strong><\/p>\n<p><img decoding=\"async\" class=\"half-size-image\" src=\"https:\/\/www.memri.org\/sites\/default\/files\/2022\/jttmweekly10062218.jpg\" alt=\"\" \/><\/p>\n<p>El d\u00eda 1 de octubre, 2022 un canal afiliado a las milicias respaldadas por Ir\u00e1n en Irak en la aplicaci\u00f3n Telegram comparti\u00f3 un publicado en el que argumentaba que la diplomacia estadounidense deber\u00eda mostrar m\u00e1s respeto por las llamadas facciones de resistencia en Irak, alegando que este lo hace en el L\u00edbano.<\/p>\n<p><strong>Tras el atentado a una escuela en Kabul, las milicias respaldadas por Ir\u00e1n en Irak repiten el llamado a los chiitas afganos a unirse y formar una fuerza similar a las Unidades de Movilizaci\u00f3n Popular (UMP) iraqu\u00edes con el fin de que pueden defenderse por s\u00ed mismas<\/strong><\/p>\n<p><img decoding=\"async\" class=\"half-size-image\" src=\"https:\/\/www.memri.org\/sites\/default\/files\/2022\/jttmweekly10062219.jpg\" alt=\"\" \/><\/p>\n<p>El 30 de septiembre, 2022 un atacante suicida deton\u00f3 una poderosa carga en el centro de educaci\u00f3n superior Kaaj en Kabul, apuntando a estudiantes chiitas de minor\u00eda hazara. Seg\u00fan los talibanes, 19 personas murieron y 27 resultaron heridas en el ataque, cuya responsabilidad a\u00fan no ha sido reivindicada.<\/p>\n<p><strong>La organizaci\u00f3n islamista radical hind\u00fa el Frente Popular de India (PFI) construy\u00f3 una red en Turqu\u00eda y varios otros pa\u00edses en el Medio Oriente<\/strong><\/p>\n<p><img decoding=\"async\" class=\"half-size-image\" src=\"https:\/\/www.memri.org\/sites\/default\/files\/2022\/jttmweekly10062220.jpg\" alt=\"\" \/><\/p>\n<p>En los \u00faltimos a\u00f1os, la organizaci\u00f3n islamista radical en India, el Frente Popular de India (FPI), ha construido una fuerte red en Turqu\u00eda, Qatar y en algunos otros pa\u00edses en el Medio Oriente, seg\u00fan revelaciones en los medios de comunicaci\u00f3n de India. A finales del mes de septiembre, 2022 las autoridades en India llevaron a cabo una campa\u00f1a de represi\u00f3n en todo el pa\u00eds y arrestaron a m\u00e1s de 150 l\u00edderes de las FPI por sus v\u00ednculos con organizaciones terroristas globales tales como el Estado Isl\u00e1mico (EIIS) y Al-Qaeda, entre otras.<\/p>\n<p><strong>El EIIS-K, en la edici\u00f3n No. 9 de su revista en idioma pashtu <em>&#8216;Khurasan Ghag&#8217;<\/em>, dice que la guerra talibanes-EIIS est\u00e1 lista para entrar en su fase m\u00e1s sangrienta: &#8216;Les masacraremos, pero sus manos no nos alcanzar\u00e1n&#8217;<\/strong><\/p>\n<p><img decoding=\"async\" class=\"half-size-image\" src=\"https:\/\/www.memri.org\/sites\/default\/files\/2022\/jttmweekly10062221.jpg\" alt=\"\" \/><\/p>\n<p>Confirmando su responsabilidad por el ataque suicida perpetrado el d\u00eda 5 de septiembre, 2022 contra la embajada rusa en Kabul que acab\u00f3 con la vida de 6 personas, incluyendo a dos miembros del personal ruso, el \u00faltimo n\u00famero de la revista en pashtu publicada por el grupo Provincia Joras\u00e1n del Estado Isl\u00e1mico (EIIS-K) le advierte a los talibanes afganos que se acerca la fase m\u00e1s sangrienta de su conflicto.<\/p>\n","protected":false},"excerpt":{"rendered":"<p>Lo siguiente son algunos de los informes de esta semana del Proyecto Supervisi\u00f3n a la Amenaza Terrorista y Yihad (PSATY) en MEMRI, que traduce y analiza el contenido de fuentes, las cuales son monitoreadas y supervisadas las 24 horas del d\u00eda, 7 d\u00edas a la semana, entre estos, los portales y blogs yihadistas m\u00e1s importantes. [&hellip;]<\/p>\n","protected":false},"author":1,"featured_media":61588,"comment_status":"open","ping_status":"open","sticky":false,"template":"","format":"standard","meta":{"footnotes":""},"categories":[4,10,9,7,2],"tags":[],"class_list":["post-61733","post","type-post","status-publish","format-standard","has-post-thumbnail","hentry","category-archivos","category-estudios-sobre-terrorismo-y-yihad","category-temas","category-reportes-especiales","category-featured"],"_links":{"self":[{"href":"https:\/\/www2.memri.org\/espanol\/wp-json\/wp\/v2\/posts\/61733","targetHints":{"allow":["GET"]}}],"collection":[{"href":"https:\/\/www2.memri.org\/espanol\/wp-json\/wp\/v2\/posts"}],"about":[{"href":"https:\/\/www2.memri.org\/espanol\/wp-json\/wp\/v2\/types\/post"}],"author":[{"embeddable":true,"href":"https:\/\/www2.memri.org\/espanol\/wp-json\/wp\/v2\/users\/1"}],"replies":[{"embeddable":true,"href":"https:\/\/www2.memri.org\/espanol\/wp-json\/wp\/v2\/comments?post=61733"}],"version-history":[{"count":0,"href":"https:\/\/www2.memri.org\/espanol\/wp-json\/wp\/v2\/posts\/61733\/revisions"}],"wp:featuredmedia":[{"embeddable":true,"href":"https:\/\/www2.memri.org\/espanol\/wp-json\/wp\/v2\/media\/61588"}],"wp:attachment":[{"href":"https:\/\/www2.memri.org\/espanol\/wp-json\/wp\/v2\/media?parent=61733"}],"wp:term":[{"taxonomy":"category","embeddable":true,"href":"https:\/\/www2.memri.org\/espanol\/wp-json\/wp\/v2\/categories?post=61733"},{"taxonomy":"post_tag","embeddable":true,"href":"https:\/\/www2.memri.org\/espanol\/wp-json\/wp\/v2\/tags?post=61733"}],"curies":[{"name":"wp","href":"https:\/\/api.w.org\/{rel}","templated":true}]}}