{"id":61720,"date":"2022-10-03T13:27:39","date_gmt":"2022-10-03T17:27:39","guid":{"rendered":"https:\/\/www2.memri.org\/espanol\/?p=61720"},"modified":"2022-10-04T13:32:56","modified_gmt":"2022-10-04T17:32:56","slug":"musulmanes-influyentes-en-las-redes-sociales-se-ven-profundamente-divididos-por-el-legado-del-controvertido-lider-espiritual-de-la-hermandad-musulmana-yousef-al-qaradawi","status":"publish","type":"post","link":"https:\/\/www2.memri.org\/espanol\/musulmanes-influyentes-en-las-redes-sociales-se-ven-profundamente-divididos-por-el-legado-del-controvertido-lider-espiritual-de-la-hermandad-musulmana-yousef-al-qaradawi\/61720","title":{"rendered":"Musulmanes influyentes en las redes sociales se ven profundamente divididos por el legado del controvertido l\u00edder espiritual de la Hermandad Musulmana Yousef Al-Qaradawi"},"content":{"rendered":"<p><em>La muerte de Yousef Al-Qaradawi, una de las figuras m\u00e1s controvertidas de la historia musulmana moderna acaecida el d\u00eda 26 de septiembre, 2022 no puso fin al debate entre los musulmanes sobre sus contribuciones, afiliaci\u00f3n, cargos y legado. Mientras muchos lo lamentaron en todo el mundo, quienes lo describieron como \u00abmoderado\u00bb y elogiaron sus esfuerzos en defensa del islam, otros lo tildaron de extremista y lo condenaron por su apoyo a las revoluciones de la primavera \u00e1rabe y su justificaci\u00f3n y aprobaci\u00f3n a las operaciones suicidas.<\/em><\/p>\n<p><img decoding=\"async\" class=\"half-size-image\" src=\"https:\/\/www.memri.org\/sites\/default\/files\/2022\/10\/sd10243.png\" alt=\"\" \/><\/p>\n<p>Tan pronto anunciada su muerte, aquellos influyentes musulmanes en las redes sociales comenzaron a debatir si este fue un moderado digno de elogio que reform\u00f3 el islam y defendi\u00f3 los temas musulmanes o un monstruo cuyos fatuas y su apoyo a las revoluciones de la Primavera \u00c1rabe provocaron la ira y el sufrimiento de los musulmanes. Algunos incluso declararon que no rezar\u00edan por misericordia ante Al-Qaradawi porque este pidi\u00f3 misericordia por el alma del Papa Juan Pablo II.<\/p>\n<p>Aunque fue elogiado por altos e importantes cl\u00e9rigos en todo el mundo y llorado por muchos otros musulmanes, la instituci\u00f3n Al-Azhar, donde Al-Qaradawi obtuvo sus t\u00edtulos acad\u00e9micos, incluyendo su doctorado, no ha emitido hasta el momento ninguna declaraci\u00f3n sobre el fallecimiento de Al-Qaradawi.<\/p>\n<p>Bajo los hashtags \u00abAl-Qaradawi\u00bb y \u00abAl-Qaradawi, un hombre que iguala a toda una naci\u00f3n\u00bb, los musulmanes pro-Al-Qaradawi en todo el mundo y de todo tipo de profesiones, or\u00edgenes, organizaciones isl\u00e1micas y grupos islamistas tales como Ham\u00e1s elogiaron a Al-Qaradawi, oraron en misericordia por su alma e incluso lo llamaron \u00abm\u00e1rtir de Al-Quds\u00bb.<\/p>\n<p>Destacando la popularidad de Al-Qaradawi en Qatar, el escritor qatar\u00ed Jaber Al-Harmi tuite\u00f3 lo siguiente: \u00abLa mezquita Mohammad bin Abd Al-Wahhab, con capacidad para albergar a m\u00e1s de 30.000 fieles, se llen\u00f3 al m\u00e1ximo, provocando que una gran cantidad de personas oraran fuera de recinto durante el rezo f\u00fanebre en honor al jeque Yousef Al-Qaradawi\u00bb.<a href=\"#_edn1\" name=\"_ednref1\">[1]<\/a><\/p>\n<p><img decoding=\"async\" class=\"half-size-image\" src=\"https:\/\/www.memri.org\/sites\/default\/files\/2022\/10\/sd10243a.png\" alt=\"\" \/><\/p>\n<p>En un video ampliamente compartido el cual fue transmitido en vivo en la red Al-Jazeera de la ceremonia del entierro de Al-Qaradawi, el l\u00edder principal de Ham\u00e1s Khaled Mashal, apareci\u00f3 junto a otros l\u00edderes y acad\u00e9micos que elogiaron a Al-Qaradawi diciendo lo siguiente: \u00abRespecto a Palestina, descanse usted con optimismo ya que de lo que ha plantado, incluyendo el conocimiento, el est\u00edmulo por la resistencia, los rezos por la resistencia, por los prisioneros y por los muyahidines, Al\u00e1 que lega, los \u00e1rboles florecer\u00e1n y sus frutos ser\u00e1n probados por si mismos por la liberaci\u00f3n de Palestina\u00bb.<a href=\"#_edn2\" name=\"_ednref2\">[2]<\/a> Mashal luego prometi\u00f3 construir minaretes y plazas que llevar\u00e1n el nombre de Al-Qaradawi en Palestina. Este continu\u00f3 describiendo a Al-Qaradawi como \u00abel m\u00e1rtir de Al-Quds\u00bb.<a href=\"#_edn3\" name=\"_ednref3\">[3]<\/a><\/p>\n<p><img decoding=\"async\" class=\"half-size-image\" src=\"https:\/\/www.memri.org\/sites\/default\/files\/2022\/10\/sd10243b.png\" alt=\"\" \/><\/p>\n<p>Entre los que elogiaron a Al-Qaradawi se encontraba el escritor et\u00edope Abd Al-Rahman Saeed, quien public\u00f3 un art\u00edculo en Aljazeera.net en el que describ\u00eda a Al-Qaradawi como el \u00abimam de la moderaci\u00f3n\u00bb y expres\u00f3 que cuando era ni\u00f1o, ley\u00f3 dos libros de Al-Qaradawi que fueron traducidos al am\u00e1rico y que cambiaron su vida.<a href=\"#_edn4\" name=\"_ednref4\">[4]<\/a><\/p>\n<p><img decoding=\"async\" class=\"half-size-image\" src=\"https:\/\/www.memri.org\/sites\/default\/files\/2022\/10\/sd10243c.png\" alt=\"\" \/><\/p>\n<p>La severidad de la campa\u00f1a en la red contra Al-Qaradawi oblig\u00f3 a algunos cl\u00e9rigos pro-Al-Qaradawi a responder con condenas. Por ejemplo, el cl\u00e9rigo mauritano Ahmad Al-Hasani Al-Shinqiti, muy influyente en las redes sociales y secretario general adjunto de la Liga de Acad\u00e9micos del Magreb \u00c1rabe, public\u00f3 un tuit el d\u00eda 27 de septiembre en el que describ\u00eda a los cr\u00edticos de Al-Qaradawi de \u00absionistas \u00e1rabes\u00bb, diciendo que aquellos que insultaron a Al-Qaradawi luego de su muerte saldr\u00e1n decepcionados, ya que \u00abAl\u00e1 ha preservado a un grupo de estudiosos del ummah quienes refutar\u00e1n sus argumentos. Entre los estudiantes y hermanos de Al-Qaradawi est\u00e1n aquellos que se mantendr\u00e1n firmes por la justicia y hablar\u00e1n la verdad hasta el d\u00eda del juicio final\u00bb.<a href=\"#_edn5\" name=\"_ednref5\">[5]<\/a><\/p>\n<p><img decoding=\"async\" class=\"half-size-image\" src=\"https:\/\/www.memri.org\/sites\/default\/files\/2022\/10\/sd10243d.png\" alt=\"\" \/><\/p>\n<p>El usuario en Twitter Essam Mahmoud, quien posee m\u00e1s de 12.000 seguidores defendi\u00f3 a Al-Qaradawi ante quienes lo describieron como \u00abel emisor del fatwa de la OTAN\u00bb y escribi\u00f3 un tuit publicado el 27 de septiembre, diciendo, al \u00abjeque Al-Qaradawi se le prohibi\u00f3 ingresar a Estados Unidos y al Reino Unido hace 20 a\u00f1os debido a sus muy firmes posturas contra la ocupaci\u00f3n sionista de Palestina y la ocupaci\u00f3n estadounidense de Irak. \u00bfPor qu\u00e9 tanta gente insignificante le llama el jeque de la OTAN? Pueda Al\u00e1 tener piedad de \u00e9l y le conceda el para\u00edso\u00bb.<a href=\"#_edn6\" name=\"_ednref6\">[6]<\/a><\/p>\n<p><img decoding=\"async\" class=\"half-size-image\" src=\"https:\/\/www.memri.org\/sites\/default\/files\/2022\/10\/sd10243e.png\" alt=\"\" \/><\/p>\n<p>Las opiniones y diferentes puntos de vista de los musulmanes acerca de si Al-Qaradawi era radical o moderado fue un tema muy discutido por el autor liberal egipcio Saied Shoaib en un video que este public\u00f3 en su canal YouTube el d\u00eda 29 de septiembre. En el video, Shoaib dijo lo siguiente: \u00abAlgunos ven a Al-Qaradawi como un centrista moderado y amable y otros lo ven como un terrorista&#8230; la mayor\u00eda de los que apoyan el islam pol\u00edtico lo ven como un reformador y moderado. Esto se espera de ellos porque creen en la misma ideolog\u00eda de la Hermandad Musulmana y la ideolog\u00eda de todos los islamistas de que el islam no es una religi\u00f3n, sino un estado gobernado por el sharia y es un imperio que deber\u00eda gobernar el mundo\u00bb.<a href=\"#_edn7\" name=\"_ednref7\">[7]<\/a> Por otro lado, Shoaib mencion\u00f3 que Al-Qaradawi apoyaba a Ham\u00e1s, siendo esta \u00abuna organizaci\u00f3n dictatorial, fascista y religiosa que le est\u00e1 causando mucho sufrimiento al pueblo de Gaza y eso va en contra de los derechos humanos&#8230; Al-Qaradawi tambi\u00e9n emiti\u00f3 un fatua <em>takfiri<\/em><a href=\"#_edn8\" name=\"_ednref8\">[8]<\/a> contra reg\u00edmenes a los que este se opon\u00eda, tales como el r\u00e9gimen de Mubarak. Al-Qaradawi lo consider\u00f3 un r\u00e9gimen de incredulidad y no estuvo en desacuerdo pol\u00edticamente con este. Hay una diferencia. Considerar a alguien como incr\u00e9dulo es diferente a un desacuerdo pol\u00edtico. Considerar a alguien de incr\u00e9dulo es un crimen&#8230;\u00bb<\/p>\n<p><img decoding=\"async\" class=\"half-size-image\" src=\"https:\/\/www.memri.org\/sites\/default\/files\/2022\/10\/sd10243f.png\" alt=\"\" \/><\/p>\n<p><em>Para ver el resto del despacho en ingl\u00e9s unto a las im\u00e1genes copie por favor el siguiente enlace en su ordenador<\/em>: <a href=\"https:\/\/www.memri.org\/reports\/muslim-social-media-influencers-deeply-divided-over-legacy-controversial-muslim-brotherhood\">https:\/\/www.memri.org\/reports\/muslim-social-media-influencers-deeply-divided-over-legacy-controversial-muslim-brotherhood<\/a><\/p>\n<hr \/>\n<p><a href=\"#_ednref1\" name=\"_edn1\">[1]<\/a> Twitter.com\/jaberalharmi\/status\/1574745484698296320, 27 de septiembre, 2022.<\/p>\n<p><a href=\"#_ednref2\" name=\"_edn2\">[2]<\/a> Twitter.com\/Koshish_Bestani\/status\/1574796540400525315, 27 de septiembre, 2022.<\/p>\n<p><a href=\"#_ednref3\" name=\"_edn3\">[3]<\/a> Qudspress.com\/index.php?page=show&amp;id=82771, 27 de septiembre, 2022.<\/p>\n<p><a href=\"#_ednref4\" name=\"_edn4\">[4]<\/a> aljazeera.net\/blogs\/2022\/9\/27\/\u062f\u0645\u0648\u0639\u064c-\u0645\u0646-\u0627\u0644\u062d\u0628\u0634\u0629-\u062a\u0628\u0643\u064a-\u0625\u0645\u0627\u0645-\u0627\u0644\u0648\u0633\u064a\u0637\u0629, 27 de septiembre, 2022.<\/p>\n<p><a href=\"#_ednref5\" name=\"_edn5\">[5]<\/a> Twitter.com\/Alhasniy23\/status\/1574802075841593346, 27 de septiembre, 2022.<\/p>\n<p><a href=\"#_ednref6\" name=\"_edn6\">[6]<\/a> Twitter.com\/Esaam1y\/status\/1574864287721455617, 27 de septiembre, 2022.<\/p>\n<p><a href=\"#_ednref7\" name=\"_edn7\">[7]<\/a> Youtube.com\/watch?v=o7GECYKxqgU&amp;t=1s, 29 de septiembre, 2022.<\/p>\n<p><a href=\"#_ednref8\" name=\"_edn8\">[8]<\/a> <em>Takfiri<\/em> significa asociado con el <em>takfir<\/em>, siendo esta la pr\u00e1ctica de declarar a un musulm\u00e1n en particular de incr\u00e9dulo.<\/p>\n","protected":false},"excerpt":{"rendered":"<p>La muerte de Yousef Al-Qaradawi, una de las figuras m\u00e1s controvertidas de la historia musulmana moderna acaecida el d\u00eda 26 de septiembre, 2022 no puso fin al debate entre los musulmanes sobre sus contribuciones, afiliaci\u00f3n, cargos y legado. Mientras muchos lo lamentaron en todo el mundo, quienes lo describieron como \u00abmoderado\u00bb y elogiaron sus esfuerzos [&hellip;]<\/p>\n","protected":false},"author":1,"featured_media":61721,"comment_status":"open","ping_status":"open","sticky":false,"template":"","format":"standard","meta":{"footnotes":""},"categories":[4,19,6,18,2,24],"tags":[],"class_list":["post-61720","post","type-post","status-publish","format-standard","has-post-thumbnail","hentry","category-archivos","category-egipto","category-comunicados-especiales","category-paises","category-featured","category-golfo-persico"],"_links":{"self":[{"href":"https:\/\/www2.memri.org\/espanol\/wp-json\/wp\/v2\/posts\/61720","targetHints":{"allow":["GET"]}}],"collection":[{"href":"https:\/\/www2.memri.org\/espanol\/wp-json\/wp\/v2\/posts"}],"about":[{"href":"https:\/\/www2.memri.org\/espanol\/wp-json\/wp\/v2\/types\/post"}],"author":[{"embeddable":true,"href":"https:\/\/www2.memri.org\/espanol\/wp-json\/wp\/v2\/users\/1"}],"replies":[{"embeddable":true,"href":"https:\/\/www2.memri.org\/espanol\/wp-json\/wp\/v2\/comments?post=61720"}],"version-history":[{"count":0,"href":"https:\/\/www2.memri.org\/espanol\/wp-json\/wp\/v2\/posts\/61720\/revisions"}],"wp:featuredmedia":[{"embeddable":true,"href":"https:\/\/www2.memri.org\/espanol\/wp-json\/wp\/v2\/media\/61721"}],"wp:attachment":[{"href":"https:\/\/www2.memri.org\/espanol\/wp-json\/wp\/v2\/media?parent=61720"}],"wp:term":[{"taxonomy":"category","embeddable":true,"href":"https:\/\/www2.memri.org\/espanol\/wp-json\/wp\/v2\/categories?post=61720"},{"taxonomy":"post_tag","embeddable":true,"href":"https:\/\/www2.memri.org\/espanol\/wp-json\/wp\/v2\/tags?post=61720"}],"curies":[{"name":"wp","href":"https:\/\/api.w.org\/{rel}","templated":true}]}}