{"id":61674,"date":"2022-09-23T13:15:52","date_gmt":"2022-09-23T17:15:52","guid":{"rendered":"https:\/\/www2.memri.org\/espanol\/?p=61674"},"modified":"2022-09-26T13:16:22","modified_gmt":"2022-09-26T17:16:22","slug":"la-obsesiva-y-peligrosa-atraccion-de-occidente-hacia-la-republica-islamica-de-iran","status":"publish","type":"post","link":"https:\/\/www2.memri.org\/espanol\/la-obsesiva-y-peligrosa-atraccion-de-occidente-hacia-la-republica-islamica-de-iran\/61674","title":{"rendered":"La obsesiva y peligrosa atracci\u00f3n de Occidente hacia la Rep\u00fablica Isl\u00e1mica de Ir\u00e1n"},"content":{"rendered":"<p>Desde hace ya m\u00e1s de un a\u00f1o, la poblaci\u00f3n iran\u00ed ha salido a la calle para pedir por m\u00e1s derechos y m\u00e1s empleos. Sin embargo, parece ser que es ahora que Occidente se da cuenta de que existen manifestaciones en Ir\u00e1n en contra el r\u00e9gimen dictatorial. Los iran\u00edes han tratado por todos los medios de comunicarle a Occidente que el r\u00e9gimen de los ayatol\u00e1s no los representa. Esto qued\u00f3 del todo claro con las elecciones de junio del 2021, en las que el verdadero ganador no fue el ultra-conservador actual presidente Ebrahim Raisi, sino \u201cel boicot\u201d. Los iran\u00edes de hecho, optaron por no salir a votar, para de esta manera no concederle legitimidad al gobierno.<a href=\"#_edn1\" name=\"_ednref1\">[1]<\/a><\/p>\n<p><img decoding=\"async\" class=\"half-size-image\" src=\"https:\/\/www.memri.org\/sites\/default\/files\/2022\/09\/mdb413.png\" alt=\"\" \/><\/p>\n<p><strong>\u00abNo veas, no oigas, ni digas maldades\u00bb<\/strong><\/p>\n<p>Desde el mes de junio, 2021 la frecuencia de las manifestaciones, con gritos de \u201cAbajo el l\u00edder supremo Jamenei\u201d,<a href=\"#_edn2\" name=\"_ednref2\">[2]<\/a> \u201cMuerte al dictador\u201d, \u201cBasta de Jamenei\u201d, \u201cNo tenemos miedo\u201d y \u201c\u00dananse, \u00dananse\u00bb, se ha incrementado hasta convertirse ya en algo cotidiano.<a href=\"#_edn3\" name=\"_ednref3\">[3]<\/a> En un video viral publicado en el mes de agosto, 2021 el compositor iran\u00ed Sattar Oraki dijo valientemente desde el escenario del festival documental independiente de cine en Teher\u00e1n: \u00abYo no asisto a los rezos de los viernes, pero en esta ocasi\u00f3n se supone que debo entonar algunas consignas y decir: Muerte a Estados Unidos, Israel&#8230; Pero ya nosotros hemos gritado much\u00edsimas veces a todo pulm\u00f3n estas consignas de muerte. \u00a1Muerte a ese grupo de funcionarios incompetentes e inadecuados que llevaron a nuestro pa\u00eds a este estado! \u00a1Muerte a esos funcionarios! \u00a1Muerte! Yo espero que las balas apuntadas y disparadas al pecho de nuestros j\u00f3venes se conviertan muy pronto en lanza que se les devolver\u00e1 en su contra, como castigo por los j\u00f3venes que buscan agua, alimento y trabajo y as\u00ed, de esta manera son asesinados.\u201d<a href=\"#_edn4\" name=\"_ednref4\">[4]<\/a><\/p>\n<p>Desafortunadamente, solo despu\u00e9s del asesinato de la joven Mahsa Amini, arrestada y golpeada por la polic\u00eda moral hasta causarle la muerte por no usar \u00abadecuadamente\u00bb su hiyab, Occidente se est\u00e1 dando cuenta de que los iran\u00edes no desean a este r\u00e9gimen. Sin embargo, a pesar del desconcierto, Estados Unidos todav\u00eda parece querer dialogar con Ir\u00e1n, por el deseo apresurado de llegar a compromisos y renovar el acuerdo nuclear.<a href=\"#_edn5\" name=\"_ednref5\">[5]<\/a> Sin embargo, esto significa seguir legitimando el gobierno de los ayatol\u00e1s, incluso cuando hombres y mujeres en las calles de Teher\u00e1n gritan: \u00ab\u00a1Jamenei, malvado, te enterraremos 6 metros bajo tierra!\u00bb<a href=\"#_edn6\" name=\"_ednref6\">[6]<\/a><\/p>\n<p>Por lo tanto, se est\u00e1 volviendo cada vez m\u00e1s evidente que el propio Occidente mantiene vivo al r\u00e9gimen iran\u00ed, que parece tener debilidad por las dictaduras isl\u00e1micas. Durante la Primavera \u00c1rabe, todos los diarios en Occidente promovieron y celebraron el colapso de las dictaduras laicas, como las de Zine El Abidine Ben Ali en T\u00fanez y Hosni Mubarak de Egipto. Sin embargo, cuando se trata de una dictadura isl\u00e1mica, los medios internacionales \u00abNo veas, no oigas, ni digas maldades\u00bb. Nadie habla ni apoya al pueblo iran\u00ed que, desde el pasado mes de junio del a\u00f1o 2021, se manifiesta constantemente en contra del r\u00e9gimen y sus s\u00edmbolos (tales como el hiyab).<\/p>\n<p><img decoding=\"async\" class=\"half-size-image\" src=\"https:\/\/www.memri.org\/sites\/default\/files\/2022\/09\/mdb413a.png\" alt=\"\" \/><\/p>\n<figure style=\"width: 720px\" class=\"wp-caption alignnone\"><img loading=\"lazy\" decoding=\"async\" class=\"half-size-image\" src=\"https:\/\/www.memri.org\/sites\/default\/files\/2022\/09\/mdb413b.png\" alt=\"(Fuente: Segmento de video del portal MEMRI TV No. 9837 - Contin\u00faan los enfrentamientos violentos y las protestas en Ir\u00e1n tras la muerte de una mujer a manos de la polic\u00eda moralista por usar 'inadecuadamente' su velo: \u00a1Cuidado con el d\u00eda en que tengamos armas! Jamenei, te enterraremos (\u00a1Muerte a la Rep\u00fablica Isl\u00e1mica! \u00a1Muerte al dictador!, 19 de septiembre, 2022)\" width=\"720\" height=\"384\" \/><figcaption class=\"wp-caption-text\">(Fuente: Segmento de video del portal MEMRI TV No. 9837 &#8211; Contin\u00faan los enfrentamientos violentos y las protestas en Ir\u00e1n tras la muerte de una mujer a manos de la polic\u00eda moralista por usar &#8216;inadecuadamente&#8217; su velo: \u00a1Cuidado con el d\u00eda en que tengamos armas! Jamenei, te enterraremos (\u00a1Muerte a la Rep\u00fablica Isl\u00e1mica! \u00a1Muerte al dictador!, 19 de septiembre, 2022)<\/figcaption><\/figure>\n<p><strong>La sordera de Occidente al grito de libertad<\/strong><\/p>\n<p>Ahora que Mahsa Amini, de 22 a\u00f1os de edad fue asesinada, los medios de comunicaci\u00f3n internacionales har\u00e1n algo de ruido &#8211; m\u00e1s no demasiado, comentando sobre la opresi\u00f3n del velo, mientras nos dicen un segundo despu\u00e9s que el hiyab es un s\u00edmbolo de orgullo cultural, pero sin poner demasiado en duda al r\u00e9gimen de los ayatol\u00e1s. Los medios de comunicaci\u00f3n pueden decirnos que Raisi es \u00abmalo\u00bb, porque pertenece al bando \u00abconservador\u00bb, mientras que Mohammad Jatami fue \u00abbueno\u00bb, porque era \u00abreformista\u00bb. Sin embargo, Raisi y Jatami son parte del mismo r\u00e9gimen, ya que ambos reconocen a la Rep\u00fablica Isl\u00e1mica y a su l\u00edder supremo Jamenei. Por otra parte, los iran\u00edes nos dicen muy claro durante las manifestaciones: \u00ab\u00a1Muerte al Velayat!\u00bb El Velayat-e-Faqih (\u00abmandato del jurisprudente\u00bb) es el sistema de gobierno en Ir\u00e1n que conf\u00eda el gobierno del estado al clero.<a href=\"#_edn7\" name=\"_ednref7\">[7]<\/a> Sin embargo, tras unas semanas hablando sobre Mahsa Amini, Occidente la olvidar\u00e1, tal como ya ha ocurrido en el pasado, porque la inexplicable obsesiva y peligrosa atracci\u00f3n de Occidente hacia los reg\u00edmenes y movimientos islamistas (desde la Hermandad Musulmana hasta la Rep\u00fablica Isl\u00e1mica de Ir\u00e1n) es m\u00e1s fuerte que cualquier grito de libertad.<\/p>\n<p><em>*Anna Mahjar-Barducci es compa\u00f1era investigadora principal en MEMRI<\/em><\/p>\n<hr \/>\n<p><a href=\"#_ednref1\" name=\"_edn1\">[1]<\/a> Seg\u00fan datos oficiales, la participaci\u00f3n fue alrededor del 48.8% y se produjeron 3.7 millones de votos nulos. Reuters.com, 20 de junio, 2021.<\/p>\n<p><a href=\"#_ednref2\" name=\"_edn2\">[2]<\/a> Twitter.com\/eqfard\/status\/1523695576461701120, 9 de mayo, 2022.<\/p>\n<p><a href=\"#_ednref3\" name=\"_edn3\">[3]<\/a> V\u00e9ase el video del portal MEMRI TV No. 9007 &#8211; Manifestantes en Teher\u00e1n entonan el cantico: \u00a1Muerte al dictador! \u00a1Muerte al mandato del jurisprudente! \u00a1Los mul\u00e1 deber\u00edan marcharse!, 26 de julio, 2021.<\/p>\n<p><a href=\"#_ednref4\" name=\"_edn4\">[4]<\/a> V\u00e9ase el video del portal MEMRI TV No. 9020 &#8211; compositor iran\u00ed Satta tras recibir premio en festival de cine: Muerte a los funcionarios incompetentes e inadecuados que llevaron a Ir\u00e1n a esta situaci\u00f3n, 5 de agosto, 2021.<\/p>\n<p><a href=\"#_ednref5\" name=\"_edn5\">[5]<\/a> V\u00e9ase la serie de MEMRI Despacho Especial No. 10154 &#8211; Inquietudes sauditas y emirat\u00edes respecto al acuerdo nuclear de Occidente con Ir\u00e1n: Este ignora la amenaza de Ir\u00e1n a la regi\u00f3n y apoya el terrorismo; debido a las vacilaciones de los Estados Unidos, Ir\u00e1n es el mayor ganador en las negociaciones, 24 de agosto, 2022.<\/p>\n<p><a href=\"#_ednref6\" name=\"_edn6\">[6]<\/a> V\u00e9ase el video del portal MEMRI TV No. 9837 &#8211; Contin\u00faan los enfrentamientos violentos y las protestas en Ir\u00e1n tras muerte de una mujer a manos de la polic\u00eda moral por llevar puesto<\/p>\n<p>&#8216;inadecuadamente&#8217; el velo: \u00a1Cuidado con el d\u00eda en que tengamos armas! \u00a1Jamenei, te enterraremos! \u00a1Muerte a la Rep\u00fablica Isl\u00e1mica! \u00a1Muerte al dictador!, 19 de septiembre, 2022.<\/p>\n<p><a href=\"#_ednref7\" name=\"_edn7\">[7]<\/a> V\u00e9ase el video del portal MEMRI TV No. 9007 &#8211; Manifestantes en Teher\u00e1n entonan el c\u00e1ntico: \u00a1Muerte al dictador! \u00a1Muerte al mandato del jurisprudente! \u00a1Los mul\u00e1 deber\u00edan marcharse!, 26 de julio, 2021.<\/p>\n","protected":false},"excerpt":{"rendered":"<p>Desde hace ya m\u00e1s de un a\u00f1o, la poblaci\u00f3n iran\u00ed ha salido a la calle para pedir por m\u00e1s derechos y m\u00e1s empleos. Sin embargo, parece ser que es ahora que Occidente se da cuenta de que existen manifestaciones en Ir\u00e1n en contra el r\u00e9gimen dictatorial. Los iran\u00edes han tratado por todos los medios de [&hellip;]<\/p>\n","protected":false},"author":1,"featured_media":61675,"comment_status":"open","ping_status":"open","sticky":false,"template":"","format":"standard","meta":{"footnotes":""},"categories":[4,20,18,8,2],"tags":[],"class_list":["post-61674","post","type-post","status-publish","format-standard","has-post-thumbnail","hentry","category-archivos","category-iran","category-paises","category-alertas-especiales","category-featured"],"_links":{"self":[{"href":"https:\/\/www2.memri.org\/espanol\/wp-json\/wp\/v2\/posts\/61674","targetHints":{"allow":["GET"]}}],"collection":[{"href":"https:\/\/www2.memri.org\/espanol\/wp-json\/wp\/v2\/posts"}],"about":[{"href":"https:\/\/www2.memri.org\/espanol\/wp-json\/wp\/v2\/types\/post"}],"author":[{"embeddable":true,"href":"https:\/\/www2.memri.org\/espanol\/wp-json\/wp\/v2\/users\/1"}],"replies":[{"embeddable":true,"href":"https:\/\/www2.memri.org\/espanol\/wp-json\/wp\/v2\/comments?post=61674"}],"version-history":[{"count":0,"href":"https:\/\/www2.memri.org\/espanol\/wp-json\/wp\/v2\/posts\/61674\/revisions"}],"wp:featuredmedia":[{"embeddable":true,"href":"https:\/\/www2.memri.org\/espanol\/wp-json\/wp\/v2\/media\/61675"}],"wp:attachment":[{"href":"https:\/\/www2.memri.org\/espanol\/wp-json\/wp\/v2\/media?parent=61674"}],"wp:term":[{"taxonomy":"category","embeddable":true,"href":"https:\/\/www2.memri.org\/espanol\/wp-json\/wp\/v2\/categories?post=61674"},{"taxonomy":"post_tag","embeddable":true,"href":"https:\/\/www2.memri.org\/espanol\/wp-json\/wp\/v2\/tags?post=61674"}],"curies":[{"name":"wp","href":"https:\/\/api.w.org\/{rel}","templated":true}]}}