{"id":61667,"date":"2022-09-22T16:17:17","date_gmt":"2022-09-22T20:17:17","guid":{"rendered":"https:\/\/www2.memri.org\/espanol\/?p=61667"},"modified":"2022-09-22T16:17:17","modified_gmt":"2022-09-22T20:17:17","slug":"periodista-libanes-la-masacre-de-munich-y-los-ataques-del-11-de-septiembre-son-eventos-que-conmocionaron-al-mundo-y-solo-perjudicaron-a-la-causa-palestina","status":"publish","type":"post","link":"https:\/\/www2.memri.org\/espanol\/periodista-libanes-la-masacre-de-munich-y-los-ataques-del-11-de-septiembre-son-eventos-que-conmocionaron-al-mundo-y-solo-perjudicaron-a-la-causa-palestina\/61667","title":{"rendered":"Periodista liban\u00e9s: La masacre de M\u00fanich y los ataques del 11 de septiembre son eventos que conmocionaron al mundo y solo perjudicaron a la causa palestina"},"content":{"rendered":"<p><em>Ante el contexto del 50avo aniversario de la masacre de M\u00fanich ocurrida el d\u00eda 5 de septiembre de 1972, perpetrada por la organizaci\u00f3n Septiembre Negro perteneciente a Fatah y en la que fueron asesinados 11 atletas ol\u00edmpicos israel\u00edes y el 21avo aniversario de los ataques del 11 de septiembre del a\u00f1o 2001, el periodista liban\u00e9s Samir &#8216;Atallah escribi\u00f3 en su columna en el diario saudita Al-Sharq Al-Awsat que estos fueron dos eventos que conmocionaron al mundo y no hicieron nada para promover la causa palestina. &#8216;Atallah conden\u00f3 a las organizaciones terroristas \u00e1rabes que en el pasado unieron fuerzas con grupos terroristas internacionales a los que llam\u00f3 \u00ablun\u00e1ticos asesinos\u00bb y agreg\u00f3 que la violencia \u00e1rabe y sus l\u00edderes, tales como bin Laden, Al-Zawahiri, George Habbash y Yasser Arafat, no solo fracasaron en promover la causa palestina sino s\u00f3lo la impidieron empa\u00f1ando la reputaci\u00f3n de los \u00e1rabes y palestinos.<\/em><\/p>\n<figure style=\"width: 455px\" class=\"wp-caption alignnone\"><img loading=\"lazy\" decoding=\"async\" src=\"https:\/\/www.memri.org\/sites\/default\/files\/2022\/SD10223.jpg\" alt=\"Samir 'Atallah (Fuente: Elaph.com)\" width=\"455\" height=\"583\" \/><figcaption class=\"wp-caption-text\">Samir &#8216;Atallah (Fuente: Elaph.com)<\/figcaption><\/figure>\n<p><em>Lo siguiente son extractos traducidos de su columna:<\/em><a href=\"#_edn1\" name=\"_ednref1\">[1]<\/a><\/p>\n<p>\u00abSi el mundo \u00e1rabe hubiese estado en condiciones normales, sus l\u00edderes ahora se hubiesen reunido para estudiar las ramificaciones de la masacre de M\u00fanich del a\u00f1o 1972, en el 50avo aniversario de dicho evento y las ramificaciones de los ataques del mes septiembre del a\u00f1o 2001 en Nueva York, en el 21avo aniversario de tal evento. Estos fueron dos sucesos que conmocionaron al planeta, sembraron miedo en los corazones de la gente y provocaron una inolvidable tormenta de debates sobre el tema palestino. Ambos eventos pusieron de manifiesto la notable cooperaci\u00f3n entre los grupos revolucionarios \u00e1rabes y los movimientos clandestinos internacionales de Jap\u00f3n, Italia y Alemania. Ambos hechos dominaron las pantallas y diarios de todo el mundo. El nombre del terrorista venezolano Carlos (quien militaba en el Frente Popular para la Liberaci\u00f3n de Palestina)<a href=\"#_edn2\" name=\"_ednref2\">[2]<\/a> y el t\u00e9rmino &#8216;Septiembre Negro&#8217; se volvieron tan aterradores como la &#8216;mano negra&#8217; de la \u00e9poca medieval. Y todo ello \u00bfpara qu\u00e9? \u00a1Para nada! Solo para asociar a la sagrada causa palestina con lun\u00e1ticos asesinos tales como las Brigadas Rojas,<a href=\"#_edn3\" name=\"_ednref3\">[3]<\/a> la pandilla Baadr-Meinhof <a href=\"#_edn4\" name=\"_ednref4\">[4]<\/a> y los violentos adolescentes japoneses. Osama bin Laden se regocij\u00f3 por las p\u00e9rdidas financieras que este caus\u00f3 en Nueva York, que no equivalen a las p\u00e9rdidas de un mal d\u00eda en los mercados burs\u00e1tiles. Luego lo asesinaron como si fuese la escena de una pel\u00edcula, mientras que Carlos termin\u00f3 en una prisi\u00f3n de Par\u00eds con la bendici\u00f3n del ex-presidente sudan\u00e9s &#8216;Omar Al-Bashir quien lo extradit\u00f3 a Francia. Luego, Al-Zawahiri fue asesinado en su balc\u00f3n en Afganist\u00e1n, luego de que uno de sus camaradas informara sobre su persona, tal como de costumbre.<\/p>\n<p>\u00ab\u00bfY todo esto para qu\u00e9? \u00bfQu\u00e9 logr\u00f3 la era de la violencia \u00e1rabe? \u00bfQu\u00e9 logr\u00f3 el 11 de septiembre? \u00bfQu\u00e9 logr\u00f3 el hombre llamado Edward Said en los Estados Unidos? \u00bfQu\u00e9 lograron George Habbas y Yasser Arafat en esta larga campa\u00f1a de violencia? \u00bfCu\u00e1nto retras\u00f3 la masacre de M\u00fanich la resoluci\u00f3n del problema palestino y cu\u00e1l fue su efecto en la reputaci\u00f3n de los palestinos, que acababan de salir del per\u00edodo de los enfrentamientos de Septiembre Negro en Amman, que tambi\u00e9n produjo nada m\u00e1s que cat\u00e1strofes y tragedias?<\/p>\n<p>\u201cEl d\u00eda 5 de septiembre de 1972 y el 11 de septiembre del 2001 fueron d\u00edas de un horrible derramamiento de sangre. El intento de vengar a Jerusal\u00e9n al atacar los Juegos Ol\u00edmpicos de M\u00fanich y el World Trade Center (las Torres Gemelas) en Nueva York fue un fracaso predecible y dichos ataques no tuvieron m\u00e1s impacto que los de alg\u00fan film. Estos fueron como las guerras que los \u00e1rabes libraban entre ellos con el pretexto de combatir a Israel. Esta es una tragedia continua de una adolescencia nacional en una lucha existencial. Siempre est\u00e1 Ham\u00e1s, que forma parte de la Palestina reh\u00e9n con el pretexto de defenderla y siempre hay alguien de Teher\u00e1n, California o Siberia que desea devolvernos Jerusal\u00e9n. Y ah\u00ed yace nuestro fracaso a nivel dom\u00e9stico. En camino a Jerusal\u00e9n, Teher\u00e1n ocupa cuatro capitales \u00e1rabes basados en sus propias consideraciones y el l\u00edder de Ham\u00e1s Isma&#8217;il Haniya amenaza desde los campos de refugiados en el L\u00edbano. Pueda Al\u00e1 ayudar a Abu Iyyad (uno de los que planificaron la masacre de M\u00fanich, quien sol\u00eda decir que el camino a Jerusal\u00e9n pasa por Junieh (una ciudad cristiana en el L\u00edbano, al norte de Beirut)\u00bb.<\/p>\n<hr \/>\n<p><a href=\"#_ednref1\" name=\"_edn1\">[1]<\/a> <em>Al-Sharq Al-Awsat<\/em> (Londres), 15 de septiembre, 2022.<\/p>\n<p><a href=\"#_ednref2\" name=\"_edn2\">[2]<\/a> Ilich Ram\u00edrez S\u00e1nchez, alias Carlos el Chacal, es un terrorista a nivel global venezolano que durante d\u00e9cadas estuvo en las listas de los m\u00e1s buscados de las fuerzas policiales y de los servicios de inteligencia en todo el mundo. En 1970 se uni\u00f3 al Frente Popular para la Liberaci\u00f3n de Palestina (FPLP) en Jordania y durante los acontecimientos de Septiembre Negro luch\u00f3 con este movimiento contra las fuerzas de seguridad jordanas. Posteriormente se vio involucrado en ataques contra objetivos israel\u00edes y jud\u00edos, hasta que en 1994 fue capturado por los servicios de inteligencia sudanesa y extraditado a Francia, donde actualmente cumple cadena perpet\u00faa.<\/p>\n<p><a href=\"#_ednref3\" name=\"_edn3\">[3]<\/a> Las Brigadas Rojas fue un grupo terrorista marxista italiano fundado en 1970, que se cree es responsable de unos 14.000 incidentes violentos en las d\u00e9cadas de los a\u00f1os 1970 y 1980, incluyendo el asesinato del primer ministro italiano Aldo Moro. Hoy solo lo integran varias decenas de miembros.<\/p>\n<p><a href=\"#_ednref4\" name=\"_edn4\">[4]<\/a> La facci\u00f3n del Ej\u00e9rcito Rojo, tambi\u00e9n conocida como la Pandilla Baadr-Meinhof, fue una organizaci\u00f3n terrorista alemana de extrema izquierda fundada en 1970, que estuvo muy activa hasta el a\u00f1o de 1998.<\/p>\n","protected":false},"excerpt":{"rendered":"<p>Ante el contexto del 50avo aniversario de la masacre de M\u00fanich ocurrida el d\u00eda 5 de septiembre de 1972, perpetrada por la organizaci\u00f3n Septiembre Negro perteneciente a Fatah y en la que fueron asesinados 11 atletas ol\u00edmpicos israel\u00edes y el 21avo aniversario de los ataques del 11 de septiembre del a\u00f1o 2001, el periodista liban\u00e9s [&hellip;]<\/p>\n","protected":false},"author":1,"featured_media":61668,"comment_status":"open","ping_status":"open","sticky":false,"template":"","format":"standard","meta":{"footnotes":""},"categories":[4,6,18,2,27],"tags":[],"class_list":["post-61667","post","type-post","status-publish","format-standard","has-post-thumbnail","hentry","category-archivos","category-comunicados-especiales","category-paises","category-featured","category-libano"],"_links":{"self":[{"href":"https:\/\/www2.memri.org\/espanol\/wp-json\/wp\/v2\/posts\/61667","targetHints":{"allow":["GET"]}}],"collection":[{"href":"https:\/\/www2.memri.org\/espanol\/wp-json\/wp\/v2\/posts"}],"about":[{"href":"https:\/\/www2.memri.org\/espanol\/wp-json\/wp\/v2\/types\/post"}],"author":[{"embeddable":true,"href":"https:\/\/www2.memri.org\/espanol\/wp-json\/wp\/v2\/users\/1"}],"replies":[{"embeddable":true,"href":"https:\/\/www2.memri.org\/espanol\/wp-json\/wp\/v2\/comments?post=61667"}],"version-history":[{"count":0,"href":"https:\/\/www2.memri.org\/espanol\/wp-json\/wp\/v2\/posts\/61667\/revisions"}],"wp:featuredmedia":[{"embeddable":true,"href":"https:\/\/www2.memri.org\/espanol\/wp-json\/wp\/v2\/media\/61668"}],"wp:attachment":[{"href":"https:\/\/www2.memri.org\/espanol\/wp-json\/wp\/v2\/media?parent=61667"}],"wp:term":[{"taxonomy":"category","embeddable":true,"href":"https:\/\/www2.memri.org\/espanol\/wp-json\/wp\/v2\/categories?post=61667"},{"taxonomy":"post_tag","embeddable":true,"href":"https:\/\/www2.memri.org\/espanol\/wp-json\/wp\/v2\/tags?post=61667"}],"curies":[{"name":"wp","href":"https:\/\/api.w.org\/{rel}","templated":true}]}}