{"id":61663,"date":"2022-09-21T16:05:07","date_gmt":"2022-09-21T20:05:07","guid":{"rendered":"https:\/\/www2.memri.org\/espanol\/?p=61663"},"modified":"2022-09-22T16:08:36","modified_gmt":"2022-09-22T20:08:36","slug":"islamistas-y-musulmanes-conservadores-lanzan-intensa-campana-en-las-redes-sociales-contra-aprobacion-de-la-ley-de-derechos-del-nino-en-jordania-acusandola-de-violar-las-leyes-islamicas-y-promover-los","status":"publish","type":"post","link":"https:\/\/www2.memri.org\/espanol\/islamistas-y-musulmanes-conservadores-lanzan-intensa-campana-en-las-redes-sociales-contra-aprobacion-de-la-ley-de-derechos-del-nino-en-jordania-acusandola-de-violar-las-leyes-islamicas-y-promover-los\/61663","title":{"rendered":"Islamistas y musulmanes conservadores lanzan intensa campa\u00f1a en las redes sociales contra aprobaci\u00f3n de la ley de derechos del ni\u00f1o en Jordania, acus\u00e1ndola de violar las leyes isl\u00e1micas y promover los valores occidentales"},"content":{"rendered":"<p><em>Durante el pasado mes de abril del presente a\u00f1o 2022, el gabinete jordano aprob\u00f3 una propuesta de Ley sobre derechos al ni\u00f1o. En julio del 2022, el proyecto de ley fue discutido en el Parlamento y fue remitido a un comit\u00e9 parlamentario conjunto que inclu\u00eda al Comit\u00e9 de asuntos legales y el Comit\u00e9 de la mujer y la familia para de esta manera garantizar su compatibilidad con la ley isl\u00e1mica y la tradici\u00f3n jordana. El proyecto de ley, cuyos defensores creen que brinda la protecci\u00f3n legal necesaria para los m\u00e1s chicos, ha sido fuertemente rechazado por islamistas y conservadores que lanzaron en su contra una intensa campa\u00f1a en las redes sociales. En su campa\u00f1a, estos calificaron el proyecto de ley de \u00abt\u00f3xico\u00bb y enfatizaron que aprobarlo ser\u00eda una total \u00abverg\u00fcenza\u00bb. El proyecto de ley tambi\u00e9n fue acusado de promover los valores occidentales, de alentar a los chicos a rebelarse en contra de sus padres, participar en relaciones sexuales prematrimoniales y permitirles cambiar de religi\u00f3n.<\/em><\/p>\n<p>La campa\u00f1a contra el proyecto de ley tiene como encabezado al prol\u00edfico predicador islamista jordano Dr. Eyad Qunaibi, salafista jordano-palestino nacido en Kuwait en 1975 y que ha publicado varios videos en YouTube y cientos de publicaciones en Facebook y Twitter describiendo el proyecto de ley como algo \u00abmuy peligroso\u00bb y si este llegase a ser aprobado, tendr\u00e1 un impacto sobre \u00abnosotros, nuestros hijos, la religi\u00f3n y los valores de moral\u00bb.<a href=\"#_edn1\" name=\"_ednref1\">[1]<\/a> Qunaibi, quien posee 1.490.000 suscriptores en YouTube y casi 500.000 seguidores en Twitter, llam\u00f3 a su campa\u00f1a \u00abLa ley de menores es t\u00f3xica\u00bb, un nombre convertido en hashtag fue tendencia en Jordania en agosto del 2022. Los partidarios de su campa\u00f1a lanzaron varios otros hashtags, entre ellos: \u00ab#Aprobar la ley ser\u00eda una verg\u00fcenza\u00bb; \u00ab#el proyecto de ley revisado es t\u00f3xico\u00bb; \u00ab#jordan_against_child_law\u00bb; y \u00abLa #LeyDeLaInfancia es una amenaza para el ni\u00f1o y la familia\u00bb.<\/p>\n<p>Utilizando estos hashtags, Qunaibi y otros islamistas y conservadores rechazan en\u00e9rgicamente el proyecto de ley porque, seg\u00fan ellos, se ajusta a la Convenci\u00f3n de las Naciones Unidas sobre los derechos del ni\u00f1o (UNCRC\/siglas en ingl\u00e9s), va en contra de las ense\u00f1anzas del islam, promueve los valores occidentales y alienta a los chicos a cambiar de religi\u00f3n.<\/p>\n<p><img decoding=\"async\" class=\"half-size-image\" src=\"https:\/\/www.memri.org\/sites\/default\/files\/2022\/SD10215.jpg\" alt=\"\" \/><\/p>\n<p>Al profundizar sobre las razones tras su objeci\u00f3n a este proyecto de ley y su postura desde las Naciones Unidas, Qunaibi escribi\u00f3 en ingl\u00e9s: \u00abNuestro problema no es solo con las desastrosas consecuencias de esta ley, sino con la mera idea de que las organizaciones internacionales intervienen en nuestras vidas como si fu\u00e9semos un mont\u00f3n de gente sin religi\u00f3n, legado, valores o civilizaci\u00f3n. Nos est\u00e1n imponiendo sus creencias y nos est\u00e1n dictando nuestros derechos y responsabilidades. Esta intervenci\u00f3n es inaceptable y debe ser devuelta en el acto ante quienes est\u00e1n detr\u00e1s, sin mencionar que hemos aclarado el estado de estas organizaciones y las hemos desmantelado, mostrando el c\u00f3mo esclavizan as personas bajo el pretexto de promover los derechos humanos\u00bb.<a href=\"#_edn2\" name=\"_ednref2\">[2]<\/a> Acusando a las Naciones Unidas de destrozar familias y propagar la corrupci\u00f3n, Qunaibi escribi\u00f3 lo siguiente: \u00ab\u00bfAlguna vez encuentran ustedes organizaciones internacionales y sus t\u00edteres, que plantean la falsa consigna de &#8216;los derechos de la mujer y el ni\u00f1o&#8217; &#8211; que apoyan el matrimonio legal o la educaci\u00f3n familiar sobre derechos y responsabilidades; manteniendo la estabilidad, el afecto y el intercambio de misericordia en la familia? Definitivamente que no. \u00a1Su papel es solo destrozar familias y propagar la corrupci\u00f3n!\u00bb<a href=\"#_edn3\" name=\"_ednref3\">[3]<\/a><\/p>\n<p><img decoding=\"async\" class=\"half-size-image\" src=\"https:\/\/www.memri.org\/sites\/default\/files\/2022\/SD102151.jpg\" alt=\"\" \/><\/p>\n<p>Qunaibi afirm\u00f3 que la UNCRC va en contra de las ense\u00f1anzas del islam. En un video publicado en su canal YouTube el d\u00eda 7 de agosto, 2022 este dijo lo siguiente: \u00abLa UNCRC no reconoce el Cor\u00e1n como fuente de legislaci\u00f3n respecto a los m\u00e1s chicos, tampoco sus derechos y deberes y tiene como base dejar de lado las religiones y sus reglamentos y crear sus propias legislaciones a pesar del hecho de que Al\u00e1 dijo &#8216;Suya es la creaci\u00f3n y Suyo es la comanda&#8217; Cor\u00e1n 7:54 y tal como \u00e9l nos cre\u00f3, tiene derecho de reordenar y prohibir. La convenci\u00f3n contradice nuestra religi\u00f3n comenzando con su definici\u00f3n de chicos, que se definen como aquellos que no han alcanzado la edad de los 18 a\u00f1os, pero el sharia de Al\u00e1 define a los chicos como aquellos que no han alcanzado la pubertad&#8230;\u00bb<a href=\"#_edn4\" name=\"_ednref4\">[4]<\/a><\/p>\n<p><img decoding=\"async\" class=\"half-size-image\" src=\"https:\/\/www.memri.org\/sites\/default\/files\/2022\/SD102152.jpg\" alt=\"\" \/><\/p>\n<p>Quienes rechazaron el proyecto de ley argumentaron que esta no le conviene al pueblo jordano. Por ejemplo, el abogado jordano Mo&#8217;tasim Abu Rumman, quien posee cerca de 9000 seguidores en Twitter, comparti\u00f3 un breve video el 5 de septiembre, 2022 bajo los hashtags de la campa\u00f1a, que le\u00eda: \u00abEl propuesto proyecto de ley ante los derechos de los chicos provino de pa\u00edses en los que el 60% de sus hijos nacieron fuera del matrimonio y el 40% de cuyos hijos han sufrido acoso sexual dentro de la familia. Esta oscura realidad no se aplica a Jordania por la gracia de Al\u00e1. El proyecto de ley y sus art\u00edculos no nos convienen. La ley de los chicos es t\u00f3xica. Esta ley amenaza a los m\u00e1s chicos junto a sus familias\u00bb.<a href=\"#_edn5\" name=\"_ednref5\">[5]<\/a><\/p>\n<p><img decoding=\"async\" class=\"half-size-image\" src=\"https:\/\/www.memri.org\/sites\/default\/files\/2022\/SD102153.jpg\" alt=\"\" \/><\/p>\n<p><em>Para ver el resto del despacho en ingl\u00e9s junto a las im\u00e1genes copie por favor el siguiente enlace en su ordenador<\/em>: https:\/\/www.memri.org\/reports\/islamists-conservative-muslims-launch-intense-social-media-campaign-against-passing<\/p>\n<p>&lt;<\/p>\n<hr \/>\n<p>a href=\u00bb#_ednref1&#8243; name=\u00bb_edn1&#8243;&gt;[1] Youtube.com\/watch?v=S8AUfOji-OI&amp;t=1686s, 30 de julio, 2022.<\/p>\n<p><a href=\"#_ednref2\" name=\"_edn2\">[2]<\/a> Twitter.com\/EyadQunaibi1\/status\/1564985685718847489, 31 de agosto, 2022.<\/p>\n<p><a href=\"#_ednref3\" name=\"_edn3\">[3]<\/a> Twitter.com\/EyadQunaibi1\/status\/1567851681030832129, 8 de septiembre, 2022.<\/p>\n<p><a href=\"#_ednref4\" name=\"_edn4\">[4]<\/a> Youtube.com\/watch?v=zA9p2HihqpA&amp;t=73s, 7 de agosto, 2022.<\/p>\n<p><a href=\"#_ednref5\" name=\"_edn5\">[5]<\/a> Twitter.com\/mutasemissa\/status\/1566853831320915969, 5 de septiembre, 2022<\/p>\n","protected":false},"excerpt":{"rendered":"<p>Durante el pasado mes de abril del presente a\u00f1o 2022, el gabinete jordano aprob\u00f3 una propuesta de Ley sobre derechos al ni\u00f1o. En julio del 2022, el proyecto de ley fue discutido en el Parlamento y fue remitido a un comit\u00e9 parlamentario conjunto que inclu\u00eda al Comit\u00e9 de asuntos legales y el Comit\u00e9 de la [&hellip;]<\/p>\n","protected":false},"author":1,"featured_media":61664,"comment_status":"open","ping_status":"open","sticky":false,"template":"","format":"standard","meta":{"footnotes":""},"categories":[4,6,18,22,2],"tags":[],"class_list":["post-61663","post","type-post","status-publish","format-standard","has-post-thumbnail","hentry","category-archivos","category-comunicados-especiales","category-paises","category-jordania","category-featured"],"_links":{"self":[{"href":"https:\/\/www2.memri.org\/espanol\/wp-json\/wp\/v2\/posts\/61663","targetHints":{"allow":["GET"]}}],"collection":[{"href":"https:\/\/www2.memri.org\/espanol\/wp-json\/wp\/v2\/posts"}],"about":[{"href":"https:\/\/www2.memri.org\/espanol\/wp-json\/wp\/v2\/types\/post"}],"author":[{"embeddable":true,"href":"https:\/\/www2.memri.org\/espanol\/wp-json\/wp\/v2\/users\/1"}],"replies":[{"embeddable":true,"href":"https:\/\/www2.memri.org\/espanol\/wp-json\/wp\/v2\/comments?post=61663"}],"version-history":[{"count":0,"href":"https:\/\/www2.memri.org\/espanol\/wp-json\/wp\/v2\/posts\/61663\/revisions"}],"wp:featuredmedia":[{"embeddable":true,"href":"https:\/\/www2.memri.org\/espanol\/wp-json\/wp\/v2\/media\/61664"}],"wp:attachment":[{"href":"https:\/\/www2.memri.org\/espanol\/wp-json\/wp\/v2\/media?parent=61663"}],"wp:term":[{"taxonomy":"category","embeddable":true,"href":"https:\/\/www2.memri.org\/espanol\/wp-json\/wp\/v2\/categories?post=61663"},{"taxonomy":"post_tag","embeddable":true,"href":"https:\/\/www2.memri.org\/espanol\/wp-json\/wp\/v2\/tags?post=61663"}],"curies":[{"name":"wp","href":"https:\/\/api.w.org\/{rel}","templated":true}]}}