{"id":61661,"date":"2022-09-21T15:59:45","date_gmt":"2022-09-21T19:59:45","guid":{"rendered":"https:\/\/www2.memri.org\/espanol\/?p=61661"},"modified":"2022-09-22T16:04:34","modified_gmt":"2022-09-22T20:04:34","slug":"asi-que-qatar-se-libero-de-la-hermandad-musulmana-en-serio","status":"publish","type":"post","link":"https:\/\/www2.memri.org\/espanol\/asi-que-qatar-se-libero-de-la-hermandad-musulmana-en-serio\/61661","title":{"rendered":"\u00bfAs\u00ed que Qatar se liber\u00f3 de la Hermandad Musulmana? \u00bfEn serio?"},"content":{"rendered":"<p>Uno de los principales objetivos en fundar MEMRI hace 25 a\u00f1os fue presentar voces y narrativas en sus idiomas de origen, traducidas al ingl\u00e9s para una audiencia m\u00e1s amplia. Esa sigue siendo parte clave de la misi\u00f3n y funci\u00f3n altamente valiosa. De hecho, mucho de lo que se dice en alg\u00fan idioma de origen, sea este \u00e1rabe, farsi o chino, se diluye o edita para as\u00ed poder llegarle a audiencias externas.<\/p>\n<figure style=\"width: 1200px\" class=\"wp-caption alignnone\"><img loading=\"lazy\" decoding=\"async\" class=\"half-size-image\" src=\"https:\/\/www.memri.org\/sites\/default\/files\/2022\/09\/mdb412.jpg\" alt=\"Fotograf\u00edas de la entrevista del jeque Tamim con Le Point (Cortes\u00eda de Qatari Amiri Diwan)\" width=\"1200\" height=\"800\" \/><figcaption class=\"wp-caption-text\">Fotograf\u00edas de la entrevista del jeque Tamim con Le Point (Cortes\u00eda de Qatari Amiri Diwan)<\/figcaption><\/figure>\n<p>Pero a veces el contenido m\u00e1s impactante no es dif\u00edcil de hallar y este se encuentra disponible en idiomas de Occidente. As\u00ed sucedi\u00f3 tambi\u00e9n con una entrevista realizada por el importante semanario franc\u00e9s Le Point con el actual emir del Estado de Qatar jeque Tamim bin Hamad Al-Thani la cual fue publicada el 14 de septiembre.<a href=\"#_edn1\" name=\"_ednref1\">[1]<\/a> Aqu\u00ed el contenido m\u00e1s llamativo fue la declaraci\u00f3n del emir qatar\u00ed de que Qatar no tiene ning\u00fan tipo de relaci\u00f3n con la Hermandad Musulmana, la organizaci\u00f3n islamista internacional que se ha convertido en anatema para otros gobiernos de la regi\u00f3n, tales como Egipto, Arabia Saudita y los Emiratos \u00c1rabes Unidos. A este se le cita diciendo: \u00abEsta relaci\u00f3n no existe y no hay miembros activos de la Hermandad Musulmana ni ning\u00fan grupo relacionado con ello en territorio qatar\u00ed&#8230; Somos un pa\u00eds abierto y un gran n\u00famero de personas con opiniones diferentes y por este pasan ideas, pero somos un pa\u00eds y no un partido y tratamos con pa\u00edses y sus gobiernos leg\u00edtimos, m\u00e1s no con organizaciones pol\u00edticas\u201d.<a href=\"#_edn2\" name=\"_ednref2\">[2]<\/a><\/p>\n<p>Algo que aprend\u00ed en mis d\u00e9cadas de servicio en el gobierno es que hay muchas maneras en que funcionarios del gobierno, todos ellos, incluyendo los occidentales, mienten cuando eluden la falsedad absoluta de alguna forma t\u00e9cnica mientras encubren una realidad inconveniente. Tales sofismas pueden ir desde lo pol\u00edtico hasta lo corrupto, como las notorias tergiversaciones de Bill Clinton sobre lo que constituye sexo y qu\u00e9 significa exactamente la palabra \u00abes\u00bb en una frase. Los pol\u00edticos y los gobiernos mienten todo el tiempo, por buenas y malas razones.<\/p>\n<p>Bien puede ser que el jeque Tamim tenga toda la raz\u00f3n en cuanto a que en un momento preciso de sus comentarios, no hab\u00eda ning\u00fan miembro de la Hermandad Musulmana hospedado en Doha, nadie que estuviese esperando un cheque o una bolsa de dinero de Qatar o cuyo trabajo estaba siendo facilitado de alguna manera por el estado de Qatar. Los comentarios tienen por supuesto, un gran vac\u00edo legal porque los dos gobiernos al estilo Hermandad Musulmana o an\u00e1logos en el mundo, los que est\u00e1n en el poder en Ankara y Gaza, reciben en gran medida miles de millones en apoyo a Qatar. As\u00ed que ello cubre al partido AKP y a Ham\u00e1s. Tambi\u00e9n hubiese cubierto a otro favorito de Qatar, el partido islamista Nahda de T\u00fanez, que ocup\u00f3 el poder hasta hace poco en ese pa\u00eds.<a href=\"#_edn3\" name=\"_ednref3\">[3]<\/a><\/p>\n<p>Los comentarios de Tamim tambi\u00e9n poseen significado para su mentor el jeque Yusuf Al-Qaradawi, l\u00edder de la Hermandad Musulmana egipcia quien desde hace muchos a\u00f1os es ciudadano qatar\u00ed y est\u00e1 conectado a organizaciones islamistas creadas para \u00e9l y financiadas por Qatar, como por ejemplo la Uni\u00f3n International de Estudiosos Musulmanes (UIMS). Y mientras que la red de televisi\u00f3n \u00e1rabe Al-Jazeera financiada por Qatar en Doha est\u00e1 repleta de islamistas, \u00bfqui\u00e9n puede decir si son o no miembros \u00abactivos\u00bb de la Hermandad Musulmana, tal vez solo inactivos que piensan exactamente como ellos? El ver Al-Jazeera en \u00e1rabe es mirar a trav\u00e9s del espejo donde la mayor\u00eda de los temas se ven a trav\u00e9s de una lente islamista (a veces tambi\u00e9n no-islamista pero a\u00fan as\u00ed anti-imperialista o anti-colonialista cuando se trata, por ejemplo, de pa\u00edses como Venezuela). Y hay que decir que Al-Jazeera es a menudo cat\u00f3lica en sus gustos, siempre pro-Hermandad Musulmana sin lugar a dudas, pero tambi\u00e9n dando espacio a los salafistas e incluso a los salafistas yihadistas. Mi viejo conocido, el jordano Yaser Abu Hilaleh, quien fue director gerente de Al-Jazeera en \u00e1rabe desde los a\u00f1os 2014 al 2018, es ciertamente islamista, pero Tamim quer\u00eda hablar sobre el futuro en lugar del muy reciente pasado.<a href=\"#_edn4\" name=\"_ednref4\">[4]<\/a><\/p>\n<p><img decoding=\"async\" class=\"half-size-image\" src=\"https:\/\/www.memri.org\/sites\/default\/files\/2022\/09\/mdb412a.jpg\" alt=\"\" \/><\/p>\n<p>Qatar tambi\u00e9n provey\u00f3 solo un breve refugio a los l\u00edderes de la Hermandad Musulmana egipcia tras el golpe de estado egipcio del a\u00f1o 2013 que los sac\u00f3 del poder y llev\u00f3 al general Abdel Fattah Al-Sisi a la presidencia. La mayor\u00eda de esos l\u00edderes fueron enviados a Turqu\u00eda, donde pudieron establecerse y durante algunos a\u00f1os administraron canales de televisi\u00f3n opositores que transmit\u00edan contenido amargo e incendiario contra Egipto y Arabia Saudita. El reciente entusiasmo de Turqu\u00eda y de Qatar por enmendar relaciones con Egipto ha significado que dichos canales, algunos de los cuales estaban alojados en el propio servidor de sat\u00e9lite de Qatar, hayan desaparecido o se redujeron.<a href=\"#_edn5\" name=\"_ednref5\">[5]<\/a> El presidente Al-Sisi visit\u00f3 Qatar por primera vez en ocho a\u00f1os la semana pasada, por lo que enterrar el \u00e1ngulo de Qatar sobre la Hermandad Musulmana fue una medida extremadamente oportuna.<a href=\"#_edn6\" name=\"_ednref6\">[6]<\/a><\/p>\n<p>Curiosamente, un lugar donde parece que uno no vio las palabras destacadas del emir acerca de la Hermandad Musulmana fue en Al-Jazeera. Un art\u00edculo de noticias en \u00e1rabe sobre la entrevista de Le Point en Al-Jazeera fue titulado \u00abEmir de Qatar: La pol\u00edtica exterior en Doha tiene como objetivo acercar opiniones\u00bb. El art\u00edculo no inclu\u00eda ninguna menci\u00f3n sobre ninguno de los comentarios Ikhwan de Tamim.<a href=\"#_edn7\" name=\"_ednref7\">[7]<\/a> Un segundo art\u00edculo de Al-Jazeera tampoco mencion\u00f3 dicho intercambio, pero s\u00ed detall\u00f3 el compromiso de Qatar de ayudar a los chicos en la escuela y a aquellos desempleados en el mundo \u00e1rabe.<a href=\"#_edn8\" name=\"_ednref8\">[8]<\/a><\/p>\n<p><img decoding=\"async\" class=\"half-size-image\" src=\"https:\/\/www.memri.org\/sites\/default\/files\/2022\/09\/mdb412b.jpg\" alt=\"\" \/><\/p>\n<p>Emir Tamim ciertamente deseaba presentar una cara positiva por Qatar ante una audiencia franc\u00f3fona solo unos meses antes de la Copa del Mundo.<a href=\"#_edn9\" name=\"_ednref9\">[9]<\/a> Es muy probable que \u00e9l (o sus asesores) sepan que, a diferencia de a\u00f1os anteriores, la Hermandad Musulmana se ha convertido en un tema t\u00f3xico para la poblaci\u00f3n occidental. La alianza de islamistas con izquierdistas en Occidente se ha vuelto cada vez m\u00e1s un tema de pol\u00edtica interna partidista en algunos pa\u00edses occidentales. El antisemitismo en Occidente es a menudo el fruto de esta alianza izquierdista\/islamista \u00abroja-verde\u00bb. Y muchos en Occidente ahora est\u00e1n muy familiarizados con la figura clich\u00e9 del \u00abrefugiado\u00bb islamista o migrante que encuentra refugio en Occidente mientras utiliza esa misma libertad occidental para maldecir arrogantemente a Occidente y pedir su destrucci\u00f3n.<\/p>\n<p>Quiz\u00e1s el pobre Tamim merece algo de misericordia. Su disimulo ante las d\u00e9cadas de apoyo por parte de Qatar al islam pol\u00edtico, \u00abno hablemos del pasado\u00bb, no es el mayor enga\u00f1o pol\u00edtico que existe. Por eso, posiblemente, el m\u00e1s reciente y mayor campe\u00f3n ol\u00edmpico o Nobel de la mentira es el presidente de Turqu\u00eda Erdogan, un aliado cercano de Qatar, quien se presenta ante las Naciones Unidas para predicar la paz mientras se le ve involucrado en amenazas o en una guerra abierta contra Grecia, Chipre, Libia, Armenia, Siria e Irak (as\u00ed como tambi\u00e9n ante oponentes dentro de su propio pa\u00eds). Los propagandistas pro-Erdogan en Twitter en realidad impulsaron el hashtag #ErdoganforWorldPeace exagerando su mediaci\u00f3n entre Rusia y Ucrania.<a href=\"#_edn10\" name=\"_ednref10\">[10]<\/a> Comparado a esto, la de Tamim es solo una peque\u00f1a mentira piadosa sobre algo que todos ya conocen y que de todos maneras nadie se lo creer\u00e1.<\/p>\n<p><em>*Alberto M. Fern\u00e1ndez es vicepresidente de MEMRI.<\/em><\/p>\n<hr \/>\n<p><a href=\"#_ednref1\" name=\"_edn1\">[1]<\/a> Lepoint.fr\/monde\/exclusif-le-grand-entretien-avec-l-emir-du-qatar-14-09-2022-2489997_24.php, 14 de septiembre, 2022.<\/p>\n<p><a href=\"#_ednref2\" name=\"_edn2\">[2]<\/a> Egyptindependent.com\/emir-of-qatar-denies-links-to-muslim-brotherhood, 16 de septiembre, 2022<\/p>\n<p><a href=\"#_ednref3\" name=\"_edn3\">[3]<\/a> V\u00e9ase la serie de MEMRI Informe Diario No. 330 &#8211; La farsa de la &#8216;democracia&#8217; en Qatar, 25 de octubre, 2021.<\/p>\n<p><a href=\"#_ednref4\" name=\"_edn4\">[4]<\/a> V\u00e9ase la serie de MEMRI Investigaci\u00f3n y An\u00e1lisis No. 1527 &#8211; Al-Jazeera desenmascarado: El islam pol\u00edtico como brazo medi\u00e1tico del estado de Qatar, 12 de agosto, 2020.<\/p>\n<p><a href=\"#_ednref5\" name=\"_edn5\">[5]<\/a> Serie de MEMRI Informe Diario No. 222 &#8211; La guerra propagandistica \u00e1rabe desde Estambul, 17 de julio, 2020.<\/p>\n<p><a href=\"#_ednref6\" name=\"_edn6\">[6]<\/a> Youtube.com\/watch?v=SfR9e5PBt2E, 13 de septiembre, 2022.<\/p>\n<p><a href=\"#_ednref7\" name=\"_edn7\">[7]<\/a> Aljazeera.net\/news\/2022\/9\/14\/%d8%b9%d8%a7%d8%ac%d9%84-%d8%a3%d9%85%d9%8a%d8%b1-% d9%82%d8%b7%d8%b1-%d9%84%d9%85%d8%ac%d9%84%d8%a9-%d9%84%d9%88%d8%a8%d9%88% d8%a7%d9%86-%d8%a7%d9%84%d9%81%d8%b1%d9%86%d8%b3%d9%8a%d8%a9, 14 de septiembre, 2022.<\/p>\n<p><a href=\"#_ednref8\" name=\"_edn8\">[8]<\/a> Mubasher.aljazeera.net\/news\/politics\/2022\/9\/15\/%d8%a3%d9%85%d9%8a%d8%b1-%d9%82%d8%b7%d8%b1-% d9%81%d9%8a-%d8%ad%d9%88%d8%a7%d8%b1-%d9%85%d8%b9-%d9%84%d9%88-%d8%a8%d9% 88%d8%a7%d9%86-%d8%a7%d9%84%d9%81%d8%b1%d9%86%d8%b3%d9%8a%d8%a9, 15 de septiembre, 2022.<\/p>\n<p><a href=\"#_ednref9\" name=\"_edn9\">[9]<\/a> Youtube.com\/watch?v=dJxvtZs76yA, 17 de septiembre, 2022.<\/p>\n<p><a href=\"#_ednref10\" name=\"_edn10\">[10]<\/a> Twitter.com\/search?q=%23ErdoganforWorldPeace&amp;src=typeahead_click, consultado el 21 de septiembre, 2022.<\/p>\n","protected":false},"excerpt":{"rendered":"<p>Uno de los principales objetivos en fundar MEMRI hace 25 a\u00f1os fue presentar voces y narrativas en sus idiomas de origen, traducidas al ingl\u00e9s para una audiencia m\u00e1s amplia. Esa sigue siendo parte clave de la misi\u00f3n y funci\u00f3n altamente valiosa. De hecho, mucho de lo que se dice en alg\u00fan idioma de origen, sea [&hellip;]<\/p>\n","protected":false},"author":1,"featured_media":61662,"comment_status":"open","ping_status":"open","sticky":false,"template":"","format":"standard","meta":{"footnotes":""},"categories":[4,18,8,2,24],"tags":[],"class_list":["post-61661","post","type-post","status-publish","format-standard","has-post-thumbnail","hentry","category-archivos","category-paises","category-alertas-especiales","category-featured","category-golfo-persico"],"_links":{"self":[{"href":"https:\/\/www2.memri.org\/espanol\/wp-json\/wp\/v2\/posts\/61661","targetHints":{"allow":["GET"]}}],"collection":[{"href":"https:\/\/www2.memri.org\/espanol\/wp-json\/wp\/v2\/posts"}],"about":[{"href":"https:\/\/www2.memri.org\/espanol\/wp-json\/wp\/v2\/types\/post"}],"author":[{"embeddable":true,"href":"https:\/\/www2.memri.org\/espanol\/wp-json\/wp\/v2\/users\/1"}],"replies":[{"embeddable":true,"href":"https:\/\/www2.memri.org\/espanol\/wp-json\/wp\/v2\/comments?post=61661"}],"version-history":[{"count":0,"href":"https:\/\/www2.memri.org\/espanol\/wp-json\/wp\/v2\/posts\/61661\/revisions"}],"wp:featuredmedia":[{"embeddable":true,"href":"https:\/\/www2.memri.org\/espanol\/wp-json\/wp\/v2\/media\/61662"}],"wp:attachment":[{"href":"https:\/\/www2.memri.org\/espanol\/wp-json\/wp\/v2\/media?parent=61661"}],"wp:term":[{"taxonomy":"category","embeddable":true,"href":"https:\/\/www2.memri.org\/espanol\/wp-json\/wp\/v2\/categories?post=61661"},{"taxonomy":"post_tag","embeddable":true,"href":"https:\/\/www2.memri.org\/espanol\/wp-json\/wp\/v2\/tags?post=61661"}],"curies":[{"name":"wp","href":"https:\/\/api.w.org\/{rel}","templated":true}]}}