{"id":61629,"date":"2022-09-13T18:40:08","date_gmt":"2022-09-13T22:40:08","guid":{"rendered":"https:\/\/www2.memri.org\/espanol\/?p=61629"},"modified":"2022-09-14T18:58:00","modified_gmt":"2022-09-14T22:58:00","slug":"intelectuales-arabes-se-ven-polarizados-por-argelia-al-ser-designado-anfitrion-de-la-proxima-cumbre-de-la-liga-arabe","status":"publish","type":"post","link":"https:\/\/www2.memri.org\/espanol\/intelectuales-arabes-se-ven-polarizados-por-argelia-al-ser-designado-anfitrion-de-la-proxima-cumbre-de-la-liga-arabe\/61629","title":{"rendered":"Intelectuales \u00e1rabes se ven polarizados por Argelia al ser designado anfitri\u00f3n de la pr\u00f3xima cumbre de la Liga \u00c1rabe"},"content":{"rendered":"<p><em>En reacci\u00f3n a la preparaci\u00f3n de Argelia para albergar la pr\u00f3xima cumbre de la Liga \u00c1rabe a comienzos del mes de noviembre del presente a\u00f1o 2022, los intelectuales \u00e1rabes se encuentran profundamente divididos respecto a las posturas sobre el tema en pol\u00edtica exterior de Argelia. Mientras algunos han elogiado a Argelia por su apoyo al tema palestino, otros la condenaron por ser hostil a su vecino Marruecos, por aliarse con Ir\u00e1n contra los \u00e1rabes y ponerse del lado de Etiop\u00eda en su disputa con Egipto.<\/em><\/p>\n<p><img loading=\"lazy\" decoding=\"async\" class=\"alignnone wp-image-61630\" src=\"https:\/\/www2.memri.org\/espanol\/wp-content\/uploads\/2022\/09\/10203_SD_thumb_550.jpg\" alt=\"\" width=\"715\" height=\"416\" srcset=\"https:\/\/www2.memri.org\/espanol\/wp-content\/uploads\/2022\/09\/10203_SD_thumb_550.jpg 550w, https:\/\/www2.memri.org\/espanol\/wp-content\/uploads\/2022\/09\/10203_SD_thumb_550-300x175.jpg 300w\" sizes=\"auto, (max-width: 715px) 100vw, 715px\" \/><\/p>\n<p>Mof\u00e1ndose de Argelia por planear organizar la cumbre de la liga \u00e1rabe mientras se al\u00eda con Ir\u00e1n y es hostil a Marruecos, el presentador de televisi\u00f3n de la red Al-Jazeera, el ciudadano sirio Faisal Al-Qassem (con m\u00e1s de seis millones de seguidores en Twitter) public\u00f3 un tuit<a href=\"#_edn1\" name=\"_ednref1\">[1]<\/a> el d\u00eda 2 de septiembre, 2022 escribiendo lo siguiente: \u00abUn r\u00e9gimen que conspira con Etiop\u00eda ante Egipto, se al\u00eda con Ir\u00e1n en contra de los \u00e1rabes, es hostil hacia su vecino \u00e1rabe Marruecos y luego afirma que busca unir a los \u00e1rabes en una cumbre \u00e1rabe\u00bb. Al-Qassem tambi\u00e9n cuestion\u00f3 la postura pro-palestina de Argelia, diciendo: \u00ab\u00bfSer\u00eda posible ser agente de Francia y partidario de Palestina?\u00bb y \u201casesinan a su propio pueblo, los torturan sin piedad y les niegan sus derechos humanos m\u00e1s b\u00e1sicos y luego ponen en alto la consigna de: Estamos con Palestina jajajajaja\u201d.<\/p>\n<p><img decoding=\"async\" class=\"half-size-image\" src=\"https:\/\/www.memri.org\/sites\/default\/files\/2022\/SD102031_0.jpg\" alt=\"\" \/><\/p>\n<p>En respuesta al tuit de Al-Qassem, Hafid Derradji, comentarista deportivo del BeIN argelino que, al igual que Al-Jazeera es propiedad de Qatar, tuite\u00f3 lo siguiente: \u00abLo m\u00e1s importante es que nosotros no traicionamos ni vendemos nuestro pa\u00eds ni nuestros problemas y honor. No expresamos ning\u00fan tipo de orgullo en destruir nuestro pa\u00eds con el fin de derrocar a nuestro presidente. Argelia no dijo que unir\u00e1 a los \u00e1rabes porque estos no estar\u00e1n unidos mientras las m\u00e1s peligrosas drogas y p\u00edldoras alucin\u00f3genas est\u00e1n siendo esparcidas y el nivel de normalizaci\u00f3n de relaciones con una entidad que busca cancelar e impedir que la cumbre se celebre en Argelia utilizando a sus agentes es cada vez mayor\u00bb.<a href=\"#_edn2\" name=\"_ednref2\">[2]<\/a><\/p>\n<p><img decoding=\"async\" class=\"half-size-image\" src=\"https:\/\/www.memri.org\/sites\/default\/files\/2022\/SD102032_0.jpg\" alt=\"\" \/><\/p>\n<p>Una respuesta indirecta al tuit de Al-Qassem provino de su colega palestino en Al-Jazeera Jamal Rayyan, quien elogi\u00f3 a Argelia en un tuit que le\u00eda: \u00abEste es un modelo a seguir, pueda Al\u00e1 preservarlo y le conceda determinaci\u00f3n para mantener sus posturas honorables respecto a los temas \u00e1rabes y muy en particular, el tema sobre Palestina\u00bb.<a href=\"#_edn3\" name=\"_ednref3\">[3]<\/a><\/p>\n<p><img decoding=\"async\" class=\"half-size-image\" src=\"https:\/\/www.memri.org\/sites\/default\/files\/2022\/SD102033_0.jpg\" alt=\"\" \/><\/p>\n<p>Gran parte de las cr\u00edticas que ha recibido Argelia estuvieron basadas en sus relaciones con el r\u00e9gimen sirio de Bashar Al-Assad y su intenci\u00f3n de discutir el restablecimiento de la membrec\u00eda de Siria en la liga \u00e1rabe, un tema propuesto en la agenda que el gobierno sirio solicit\u00f3 no incluir \u00abpor el bien de la unidad \u00e1rabe\u00bb.<\/p>\n<p>El activista pro-revolucionario sirio Omar Madaniah public\u00f3 varios tuits en los que acusaba al r\u00e9gimen argelino de ser el principal partidario del \u00abasesino de los sirios Bashar Al-Assad y el que clama d\u00eda y noche reincorporar al criminal Bashar en la liga \u00e1rabe\u00bb. Las almas de estos chicos perseguir\u00e1n a estos criminales y a quienes los apoyen\u201d.<a href=\"#_edn4\" name=\"_ednref4\">[4]<\/a> En otro tuit, este escribi\u00f3: \u201cSolo los cerdos creen que reincorporar al criminal Bashar Al-Assad en la liga \u00e1rabe significar\u00e1 unir a los \u00e1rabes\u201d.<a href=\"#_edn5\" name=\"_ednref5\">[5]<\/a><\/p>\n<p><img decoding=\"async\" class=\"half-size-image\" src=\"https:\/\/www.memri.org\/sites\/default\/files\/2022\/SD102034.jpg\" alt=\"\" \/><\/p>\n<p>Al cuestionar el motivo de Argelia para organizar la cumbre de la liga \u00e1rabe mientras se \u00abaliaba\u00bb con Ir\u00e1n, \u00abse colocaba de parte\u00bb de Etiop\u00eda y apoyaba al Frente Polisario, el periodista iraqu\u00ed Sufian Samarrai escribi\u00f3 un tuit el d\u00eda 5 de septiembre, 2022 sugiriendo que la cumbre deber\u00eda trasladarse a Marruecos. \u00abfomentar una postura \u00e1rabe unificada respecto a temas cruciales que amenazan nuestra seguridad en esta tormentosa situaci\u00f3n global\u00bb.<a href=\"#_edn6\" name=\"_ednref6\">[6]<\/a><\/p>\n<p><img decoding=\"async\" class=\"half-size-image\" src=\"https:\/\/www.memri.org\/sites\/default\/files\/2022\/SD102035.jpg\" alt=\"\" \/><\/p>\n<p>Adem\u00e1s de Derradji, otros intelectuales \u00e1rabes se apresuraron a defender a Argelia y sus esfuerzos por albergar la pr\u00f3xima cumbre de la liga \u00e1rabe. El analista pol\u00edtico oman\u00ed Dr. Haydar Al-Lawati public\u00f3 un tuit el d\u00eda 7 de septiembre, 2022 diciendo lo siguiente: \u00abExiste una campa\u00f1a \u00e1rabe contra Argelia mientras este se prepara para ser anfitri\u00f3n de la cumbre \u00e1rabe. Argelia busca reintegrar a Siria en la liga y le gustar\u00eda presentar a discusi\u00f3n el tema palestino y hay gente a la que le molesta que se mencione Palestina y ver\u00eda bien enterrar este tema y hay quienes se sienten decepcionados ante la posibilidad de que Siria pueda volver a integrar la liga y esta es la raz\u00f3n detr\u00e1s de la campa\u00f1a. Yo saludo a Argelia y sus notables posturas\u00bb.<a href=\"#_edn7\" name=\"_ednref7\">[7]<\/a><\/p>\n<p><img decoding=\"async\" class=\"half-size-image\" src=\"https:\/\/www.memri.org\/sites\/default\/files\/2022\/SD102036.jpg\" alt=\"\" \/><\/p>\n<p>Muchos pa\u00edses \u00e1rabes tienen sus reservas y dudas sobre la importancia de la pr\u00f3xima cumbre en Argelia, la cual fue pospuesta en los a\u00f1os 2020 y 2021 por causa de la pandemia. Seg\u00fan el diario londinense <em>Al-Quds Al-Arabi<\/em>, hasta finales de agosto se realizaron discusiones sobre el aplazamiento de la cumbre principalmente por la falta de acuerdos sobre la agenda y las posturas tomadas por Argelia sobre varios temas sensibles. Al analizar la renuencia y falta de entusiasmo de los pa\u00edses \u00e1rabes respecto a la cumbre en Argelia, Rabah Lounici, profesora de ciencias pol\u00edticas en la Universidad de Or\u00e1n (Wahrane) en Argelia, se\u00f1al\u00f3 que Egipto \u00abcree que Argelia no busca una soluci\u00f3n justa al problema palestino y solo busca ser mediador a fin de restaurar su papel diplom\u00e1tico. Egipto cree que Argelia apoya a Etiop\u00eda para as\u00ed poner presi\u00f3n sobre Egipto&#8230; y no deber\u00edamos olvidar la disputa entre Egipto y Argelia sobre el tema Libia\u00bb.<a href=\"#_edn8\" name=\"_ednref8\">[8]<\/a> Lounici tambi\u00e9n se\u00f1al\u00f3 la desaprobaci\u00f3n de los estados del Golfo ante las relaciones de Argelia con Ir\u00e1n y subray\u00f3 que el factor m\u00e1s importante es \u00abla influencia de la alianza entre Marruecos y los sionistas en muchos pa\u00edses, especialmente los estados del Golfo, con el objetivo de debilitar la cumbre \u00e1rabe para que Argelia no pueda retornar al escenario internacional y regional y no desempe\u00f1e un papel en la resoluci\u00f3n de disputas entre los \u00e1rabes, lo cual no sirve a los intereses de Israel, particularmente porque a Argelia le gustar\u00eda que la cumbre fuese una donde las facciones palestinas se reconciliaran y eso no servir\u00eda a los intereses de la entidad sionista\u00bb.<\/p>\n<p>A pesar de toda reserva y dudas, Argelia parece decidida a albergar la pr\u00f3xima cumbre. El d\u00eda 6 de septiembre, 2022 el canciller de Argelia Ramtane Lamamra se\u00f1al\u00f3 que la propuesta de agenda de la cumbre fue aprobada durante la 158ava sesi\u00f3n ordinaria del Consejo de la Liga \u00c1rabe a nivel ministerial la cual tuvo lugar en El Cairo, Egipto. Lamamra tambi\u00e9n enfatiz\u00f3 que \u00ablas diferentes situaciones globales actuales requieren redoblar esfuerzos para hacer desviar la regi\u00f3n \u00e1rabe de estas tensiones junto a los diversos desaf\u00edos que resulten de estas\u00bb.<a href=\"#_edn9\" name=\"_ednref9\">[9]<\/a><\/p>\n<hr \/>\n<p><a href=\"#_ednref1\" name=\"_edn1\">[1]<\/a> Twitter.com\/kasimf\/status\/1565801551851126784, 2 de septiembre, 2022<\/p>\n<p><a href=\"#_ednref2\" name=\"_edn2\">[2]<\/a> Twitter.com\/derradjihafid\/status\/1565977776284471299, 3 de septiembre, 2022<\/p>\n<p><a href=\"#_ednref3\" name=\"_edn3\">[3]<\/a> Twitter.com\/ShashwBd\/status\/1566183028245889027\/photo\/1, 3 de septiembre, 202<\/p>\n<p><a href=\"#_ednref4\" name=\"_edn4\">[4]<\/a> Twitter.com\/Omar_Madaniah\/status\/1566130746804289543, 3 de septiembre, 2022<\/p>\n<p><a href=\"#_ednref5\" name=\"_edn5\">[5]<\/a> Twitter.com\/Omar_Madaniah\/status\/1566130746804289543, 4 de septiembre, 2022<\/p>\n<p><a href=\"#_ednref6\" name=\"_edn6\">[6]<\/a> Twitter.com\/SufianSamarrai\/status\/1566846648545955842, 5 de septiembre, 2022<\/p>\n<p><a href=\"#_ednref7\" name=\"_edn7\">[7]<\/a> Twitter.com\/DrAl_Lawati\/status\/1567040330519674881, 7 de septiembre, 2022<\/p>\n<p><a href=\"#_ednref8\" name=\"_edn8\">[8]<\/a> Alquds.co.uk\/%d8%a7%d8%b3%d8%aa%d9%8a%d8%a7%d8%a1-%d9%81%d9%8a-<\/p>\n<p>%d8%a7%d9% 84%d8%ac%d8%b2%d8%a7%d8%a6%d8%b1-%d9%85%d9%86-%d8%ad%d8%af%d9%8a%d8%ab-%d9 %85%d8%b5%d8%b1%d9%8a-%d8%b9%d9%86-%d8%aa%d8%a3%d8%ac%d9%8a%d9%84\/, 4 de septiembre, 2022<\/p>\n<p><a href=\"#_ednref9\" name=\"_edn9\">[9]<\/a> Elbalad.news\/5429620, 6 de septiembre, 2022<\/p>\n","protected":false},"excerpt":{"rendered":"<p>En reacci\u00f3n a la preparaci\u00f3n de Argelia para albergar la pr\u00f3xima cumbre de la Liga \u00c1rabe a comienzos del mes de noviembre del presente a\u00f1o 2022, los intelectuales \u00e1rabes se encuentran profundamente divididos respecto a las posturas sobre el tema en pol\u00edtica exterior de Argelia. Mientras algunos han elogiado a Argelia por su apoyo al [&hellip;]<\/p>\n","protected":false},"author":1,"featured_media":61630,"comment_status":"open","ping_status":"open","sticky":false,"template":"","format":"standard","meta":{"footnotes":""},"categories":[4,6,18,2,29],"tags":[],"class_list":["post-61629","post","type-post","status-publish","format-standard","has-post-thumbnail","hentry","category-archivos","category-comunicados-especiales","category-paises","category-featured","category-africa-del-norte"],"_links":{"self":[{"href":"https:\/\/www2.memri.org\/espanol\/wp-json\/wp\/v2\/posts\/61629","targetHints":{"allow":["GET"]}}],"collection":[{"href":"https:\/\/www2.memri.org\/espanol\/wp-json\/wp\/v2\/posts"}],"about":[{"href":"https:\/\/www2.memri.org\/espanol\/wp-json\/wp\/v2\/types\/post"}],"author":[{"embeddable":true,"href":"https:\/\/www2.memri.org\/espanol\/wp-json\/wp\/v2\/users\/1"}],"replies":[{"embeddable":true,"href":"https:\/\/www2.memri.org\/espanol\/wp-json\/wp\/v2\/comments?post=61629"}],"version-history":[{"count":0,"href":"https:\/\/www2.memri.org\/espanol\/wp-json\/wp\/v2\/posts\/61629\/revisions"}],"wp:featuredmedia":[{"embeddable":true,"href":"https:\/\/www2.memri.org\/espanol\/wp-json\/wp\/v2\/media\/61630"}],"wp:attachment":[{"href":"https:\/\/www2.memri.org\/espanol\/wp-json\/wp\/v2\/media?parent=61629"}],"wp:term":[{"taxonomy":"category","embeddable":true,"href":"https:\/\/www2.memri.org\/espanol\/wp-json\/wp\/v2\/categories?post=61629"},{"taxonomy":"post_tag","embeddable":true,"href":"https:\/\/www2.memri.org\/espanol\/wp-json\/wp\/v2\/tags?post=61629"}],"curies":[{"name":"wp","href":"https:\/\/api.w.org\/{rel}","templated":true}]}}