{"id":61589,"date":"2022-09-02T13:28:52","date_gmt":"2022-09-02T17:28:52","guid":{"rendered":"https:\/\/www2.memri.org\/espanol\/?p=61589"},"modified":"2022-09-06T13:33:54","modified_gmt":"2022-09-06T17:33:54","slug":"en-entrevista-con-al-jazeera-el-vocero-del-buro-politico-de-los-talibanes-dr-muhammad-naeem-wardak-niega-descartar-entablar-relaciones-con-israel-que-problema-tenemos-nosotros-con-israel-es","status":"publish","type":"post","link":"https:\/\/www2.memri.org\/espanol\/en-entrevista-con-al-jazeera-el-vocero-del-buro-politico-de-los-talibanes-dr-muhammad-naeem-wardak-niega-descartar-entablar-relaciones-con-israel-que-problema-tenemos-nosotros-con-israel-es\/61589","title":{"rendered":"En entrevista con Al-Jazeera, el vocero del bur\u00f3 pol\u00edtico de los talibanes Dr. Muhammad Naeem Wardak niega descartar entablar relaciones con Israel: \u00bfQu\u00e9 problema tenemos nosotros con Israel? Es extra\u00f1o que me pregunten sobre temas que no tienen nada que ver con nosotros"},"content":{"rendered":"<p><em>El d\u00eda 31 de agosto del presente a\u00f1o 2022, la red Al-Jazeera en Qatar transmiti\u00f3 una entrevista realizada con el vocero del bur\u00f3 pol\u00edtico de los talibanes Dr. Muhammad Naeem Wardak. En respuesta a una pregunta sobre la posibilidad de un di\u00e1logo entre los talibanes e Israel, el vocero respondi\u00f3 lo siguiente: \u00ab\u00bfQu\u00e9 problema tenemos nosotros con Israel? Lo que a alguien se le ocurrir\u00e1 preguntar\u00e1 luego es si estamos dispuestos a dialogar con Marte\u00bb. Cuando el entrevistador lo presion\u00f3 sobre si los talibanes tienen intenci\u00f3n de reconocer a Israel y establecer relaciones con este, Wardak respondi\u00f3 que no es razonable hacer preguntas sobre el c\u00f3mo resolver problemas con determinado bando cuando esa bando \u00abno tiene ning\u00fan problema con nosotros\u00bb. Wardak tambi\u00e9n critic\u00f3 a los medios de comunicaci\u00f3n diciendo: \u00abUstedes se traen cosas del fin del mundo y nos las arrojan frente a nuestra realidad aqu\u00ed\u00bb. Para m\u00e1s informaci\u00f3n sobre el Dr. Muhammad Naeem Wardak, v\u00e9anse los videos del portal MEMRI TV Nos. <a href=\"https:\/\/www.memri.org\/tv\/taliban-spox-mohammad-naeem-justifies-2001-refusal-hand-over-bin-laden-americans-no-proof-nineeleven\"><i>9063<\/i><\/a><i>,\u00a0<\/i><a href=\"https:\/\/www.memri.org\/tv\/iran-tv-berates-taliban-spokesman-mohammad-naeem-recod-abuse-women-minorities-hang-from-planes-america\"><i>9048<\/i><\/a><i>, y <\/i><a href=\"https:\/\/www.memri.org\/tv\/taliban-spokesman-mohammad-naeem-unreasonable-froeign-countries-deny-aid-afghanistan-sharia\"><i>9026<\/i><\/a><i>.<\/i><\/em><\/p>\n<p><strong>Para ver el video del vocero del bur\u00f3 pol\u00edtico de los talibanes Dr. Muhammad Naeem Wardak <a href=\"https:\/\/www.memri.org\/tv\/taliban-politbureau-spokesman-naeem-jazeera-interview-questions-about-israel-no-problem\">pulse aqu\u00ed<\/a> o debajo:<\/strong><\/p>\n<p><iframe src=\"https:\/\/www.memri.org\/player\/clip\/57905\/780,440\/1\" width=\"780\" height=\"440\" frameborder=\"0\"><\/iframe><\/p>\n<p><strong>\u00abNuestra pol\u00edtica es resolver los problemas a trav\u00e9s del di\u00e1logo y el entendimiento mutuo, con todos&#8230; \u00bfQu\u00e9 problema tenemos nosotros con Israel?\u00bb<\/strong><\/p>\n<p><strong>Muhammad Naeem<\/strong>: \u00abNuestra pol\u00edtica es resolver los problemas a trav\u00e9s del di\u00e1logo y el mutuo entendimiento. Con todos. Cualquiera que tenga un problema y quiera resolverlo &#8211; estamos perfectamente preparados para ello.<\/p>\n<p><img decoding=\"async\" class=\"three-quarter-size-image\" src=\"https:\/\/www.memri.org\/sites\/default\/files\/2022\/MTV9793.jpg\" alt=\"\" \/><\/p>\n<p><img decoding=\"async\" class=\"three-quarter-size-image\" src=\"https:\/\/www.memri.org\/sites\/default\/files\/2022\/MTV97931.jpg\" alt=\"\" \/><\/p>\n<p><img decoding=\"async\" class=\"three-quarter-size-image\" src=\"https:\/\/www.memri.org\/sites\/default\/files\/2022\/MTV97932.jpg\" alt=\"\" \/><\/p>\n<p>[&#8230;]<\/p>\n<p><strong>Entrevistador<\/strong>: \u00ab\u00bfDi\u00e1logo con todos sin excepci\u00f3n? \u00bfIncluso con Israel?\u00bb<\/p>\n<p><img decoding=\"async\" class=\"three-quarter-size-image\" src=\"https:\/\/www.memri.org\/sites\/default\/files\/2022\/MTV97933.jpg\" alt=\"\" \/><\/p>\n<p><strong>Naeem<\/strong>: \u00ab\u00bfQu\u00e9 problema tenemos nosotros con Israel? Lo siguiente que a alguien se le ocurrir\u00e1 preguntar es si estamos dispuestos a dialogar con Marte\u00bb.<\/p>\n<p><img decoding=\"async\" class=\"three-quarter-size-image\" src=\"https:\/\/www.memri.org\/sites\/default\/files\/2022\/MTV97934.jpg\" alt=\"\" \/><\/p>\n<p><strong>Entrevistador<\/strong>: \u00abIsrael es un pa\u00eds. Algunos dicen que el camino hacia el coraz\u00f3n de Estados Unidos pasa por Israel\u00bb.<\/p>\n<p><strong>Naeem<\/strong>: \u00abSi tienen alg\u00fan problema con alguien, ustedes pueden resolverlo. Queremos resolver los problemas que otros tienen con nosotros. \u00bfCon qui\u00e9n tenemos problemas all\u00ed?\u00bb<\/p>\n<p><img decoding=\"async\" class=\"three-quarter-size-image\" src=\"https:\/\/www.memri.org\/sites\/default\/files\/2022\/MTV97935.jpg\" alt=\"\" \/><\/p>\n<p><strong>Preguntar por Israel es como \u00abtraer cosas del fin del mundo y arrojarlas ante nuestra realidad aqu\u00ed\u00bb; no tenemos nada que ver con Israel<\/strong><\/p>\n<p><strong>Entrevistador<\/strong>: \u00ab\u00bfAs\u00ed que ahora no tienen ning\u00fan problema con Israel?\u00bb<\/p>\n<p><strong>Naeem<\/strong>: \u00abNo lo s\u00e9&#8230; As\u00ed son los medios de comunicaci\u00f3n para ustedes&#8230; traen cosas del fin del mundo y las arrojan ante nuestra realidad aqu\u00ed. Todo esto es muy extra\u00f1o\u00bb.<\/p>\n<p><strong>Entrevistador<\/strong>: \u00abEsto en realidad no es tan descabellado&#8230; Israel es un pa\u00eds reconocido por la mayor\u00eda&#8230; \u00bfReconocer\u00e1 usted a Israel y establecer\u00e1 relaciones con este, ya que ustedes han cambiado, en comparaci\u00f3n a lo que fueron hace 20 a\u00f1os? Esa fue mi pregunta. El primer ministro dijo: &#8216;Estamos abiertos a todos'\u00bb.<\/p>\n<p><strong>Naeem<\/strong>: \u00abYo tambi\u00e9n dije esto, pero de hecho estamos hablando de gente que tiene problemas con nosotros. Si cierto pa\u00eds o alguien no tiene ning\u00fan problema con nosotros, \u00bfpueden al menos preguntarle si estamos dispuestos a resolver los problemas con aquellos con los cuales no tenemos nada que ver? Creo que no tiene ning\u00fan sentido preguntar tal cosa\u00bb.2<\/p>\n<p><img decoding=\"async\" class=\"three-quarter-size-image\" src=\"https:\/\/www.memri.org\/sites\/default\/files\/2022\/MTV97937.jpg\" alt=\"\" \/><\/p>\n<p><img decoding=\"async\" class=\"three-quarter-size-image\" src=\"https:\/\/www.memri.org\/sites\/default\/files\/2022\/MTV97938.jpg\" alt=\"\" \/><\/p>\n<p><img decoding=\"async\" class=\"three-quarter-size-image\" src=\"https:\/\/www.memri.org\/sites\/default\/files\/2022\/MTV97939.jpg\" alt=\"\" \/><\/p>\n","protected":false},"excerpt":{"rendered":"<p>El d\u00eda 31 de agosto del presente a\u00f1o 2022, la red Al-Jazeera en Qatar transmiti\u00f3 una entrevista realizada con el vocero del bur\u00f3 pol\u00edtico de los talibanes Dr. Muhammad Naeem Wardak. En respuesta a una pregunta sobre la posibilidad de un di\u00e1logo entre los talibanes e Israel, el vocero respondi\u00f3 lo siguiente: \u00ab\u00bfQu\u00e9 problema tenemos [&hellip;]<\/p>\n","protected":false},"author":1,"featured_media":61590,"comment_status":"open","ping_status":"open","sticky":false,"template":"","format":"standard","meta":{"footnotes":""},"categories":[4,6,2],"tags":[],"class_list":["post-61589","post","type-post","status-publish","format-standard","has-post-thumbnail","hentry","category-archivos","category-comunicados-especiales","category-featured"],"_links":{"self":[{"href":"https:\/\/www2.memri.org\/espanol\/wp-json\/wp\/v2\/posts\/61589","targetHints":{"allow":["GET"]}}],"collection":[{"href":"https:\/\/www2.memri.org\/espanol\/wp-json\/wp\/v2\/posts"}],"about":[{"href":"https:\/\/www2.memri.org\/espanol\/wp-json\/wp\/v2\/types\/post"}],"author":[{"embeddable":true,"href":"https:\/\/www2.memri.org\/espanol\/wp-json\/wp\/v2\/users\/1"}],"replies":[{"embeddable":true,"href":"https:\/\/www2.memri.org\/espanol\/wp-json\/wp\/v2\/comments?post=61589"}],"version-history":[{"count":0,"href":"https:\/\/www2.memri.org\/espanol\/wp-json\/wp\/v2\/posts\/61589\/revisions"}],"wp:featuredmedia":[{"embeddable":true,"href":"https:\/\/www2.memri.org\/espanol\/wp-json\/wp\/v2\/media\/61590"}],"wp:attachment":[{"href":"https:\/\/www2.memri.org\/espanol\/wp-json\/wp\/v2\/media?parent=61589"}],"wp:term":[{"taxonomy":"category","embeddable":true,"href":"https:\/\/www2.memri.org\/espanol\/wp-json\/wp\/v2\/categories?post=61589"},{"taxonomy":"post_tag","embeddable":true,"href":"https:\/\/www2.memri.org\/espanol\/wp-json\/wp\/v2\/tags?post=61589"}],"curies":[{"name":"wp","href":"https:\/\/api.w.org\/{rel}","templated":true}]}}