{"id":61587,"date":"2022-09-02T13:16:12","date_gmt":"2022-09-02T17:16:12","guid":{"rendered":"https:\/\/www2.memri.org\/espanol\/?p=61587"},"modified":"2022-09-06T13:27:37","modified_gmt":"2022-09-06T17:27:37","slug":"resumen-del-fin-de-semana-del-proyecto-supervision-a-la-amenaza-terrorista-y-yihad-psaty-semana-del-27-de-agosto-al-3-de-septiembre-2022","status":"publish","type":"post","link":"https:\/\/www2.memri.org\/espanol\/resumen-del-fin-de-semana-del-proyecto-supervision-a-la-amenaza-terrorista-y-yihad-psaty-semana-del-27-de-agosto-al-3-de-septiembre-2022\/61587","title":{"rendered":"Resumen del fin de semana del Proyecto Supervisi\u00f3n a la Amenaza Terrorista y Yihad (PSATY) &#8211; Semana del 27 de agosto al 3 de septiembre, 2022"},"content":{"rendered":"<p><em>Lo siguiente son algunos de los informes de esta semana del Proyecto Supervisi\u00f3n a la Amenaza Terrorista y Yihad (PSATY) en MEMRI, que traduce y analiza el contenido de fuentes, las cuales son monitoreadas y supervisadas las 24 horas del d\u00eda, 7 d\u00edas a la semana, entre estos, los portales y blogs yihadistas m\u00e1s importantes. (Para ver estos informes en su totalidad, usted debe ser miembro del PSATY; para obtener informaci\u00f3n sobre el c\u00f3mo obtener membrec\u00eda, env\u00ede un correo electr\u00f3nico a la siguiente direcci\u00f3n <a href=\"mailto:jttmsubs@memri.org\">jttmsubs@memri.org<\/a> junto al texto \u00abMembership &#8211; Membrec\u00eda\u00bb en la l\u00ednea tema &#8216;asunto&#8217;).<\/em><\/p>\n<p><strong><em>Nota a los medios de comunicaci\u00f3n y del gobierno: Para obtener una copia completa de estos informes, env\u00ede un correo electr\u00f3nico con el t\u00edtulo del informe en la l\u00ednea tema &#8216;asunto&#8217; a la siguiente direcci\u00f3n: <a href=\"mailto:jttmsubs@memri.org\">media@memri.org<\/a>. Por favor incluya su nombre, t\u00edtulo y organizaci\u00f3n a la que pertenece en su correo electr\u00f3nico.<\/em><\/strong><\/p>\n<p><strong>EXCLUSIVO: Posible candidato para cubrir el cargo de l\u00edder de Al-Qaeda Sayf Al-&#8216;Adl es visto junto a veteranos de Al-Qaeda asesinados en Teher\u00e1n en una fotograf\u00eda de archivo supuestamente autentificada que circula en la red<\/strong><\/p>\n<p><img decoding=\"async\" class=\"half-size-image\" src=\"https:\/\/www.memri.org\/sites\/default\/files\/2022\/09\/jw9021.png\" alt=\"\" \/><\/p>\n<p>El 31 de agosto, 2022 un periodista an\u00f3nimo pro-Al-Qaeda tuite\u00f3 lo que fue descrito como una muy \u00abrara\u00bb fotograf\u00eda de Sayf &#8216;Al-Adl, alto miembro veterano del consejo de liderazgo superior de Al-Qaeda y jefe del comit\u00e9 militar de la organizaci\u00f3n, quien es el candidato m\u00e1s probable para liderar a Al-Qaeda tras la muerte de Ayman Al-Zawahiri en un ataque con drones estadounidenses ocurrido en Kabul el 31 de julio.<\/p>\n<p><strong>EXCLUSIVO: Partidario del EIIS fue arrestado en Nuevo M\u00e9xico; este describi\u00f3 una base de la fuerza a\u00e9rea como objetivo potencial<\/strong><\/p>\n<p><img decoding=\"async\" class=\"half-size-image\" src=\"https:\/\/www.memri.org\/sites\/default\/files\/2022\/jttmweekly090322.jpg\" alt=\"\" \/><\/p>\n<p>Un individuo converso al islam oriundo de Nuevo M\u00e9xico fue arrestado el d\u00eda 26 de agosto, 2022 por intentar brindarle apoyo material al EIIS.<\/p>\n<p><strong>EXCLUSIVO: Descripci\u00f3n general de las actividades del grupo Provincia Asia Oriental del Estado Isl\u00e1mico (ISEAP) en Filipinas desde el mes de agosto, 2021 &#8211; 5ta parte: Liderazgo y evaluaci\u00f3n a la trayectoria del grupo ISEAP<\/strong><\/p>\n<p>Por Y. Kerman<\/p>\n<p><img decoding=\"async\" class=\"half-size-image\" src=\"https:\/\/www.memri.org\/sites\/default\/files\/2022\/jttmweekly0903221.jpg\" alt=\"\" \/><\/p>\n<p>A continuaci\u00f3n se puede leer la parte final de un informe que consta de cinco partes el cual se centra en las actividades del grupo Provincia Asia Oriental del Estado Isl\u00e1mico (ISEAP\/siglas en ingl\u00e9s) en Filipinas durante el a\u00f1o pasado, desde el mes de agosto, 2021. Utilizando los datos disponibles, este sugiere el c\u00f3mo pudiera desarrollarse la filial del EIIS en Filipinas y que nos pueden decir los medios de comunicaci\u00f3n oficiales y no-oficiales sobre su trayectoria.<\/p>\n<p><strong>EXCLUSIVO: Predicador pro-Estado Isl\u00e1mico (EIIS) radicado en los Estados Unidos es mostrado dando una conferencia a chiquillos de un jard\u00edn de infantes<\/strong><\/p>\n<p><img decoding=\"async\" class=\"half-size-image\" src=\"https:\/\/www.memri.org\/sites\/default\/files\/2022\/jttmweekly0902222.jpg\" alt=\"\" \/><\/p>\n<p>El d\u00eda 31 de agosto, 2022 una cuenta no-oficial en Twitter afiliada a un predicador pro-Estado Isl\u00e1mico (EIIS) en los Estados Unidos comparti\u00f3 un afiche virtual.<\/p>\n<p><strong>EXCLUSIVO: Revista de Al-Qaeda predice que Al-Shabab se apoderar\u00e1 de Somalia, al igual que los talibanes se apoderaron de Afganist\u00e1n<\/strong><\/p>\n<p><img decoding=\"async\" class=\"half-size-image\" src=\"https:\/\/www.memri.org\/sites\/default\/files\/2022\/jttmweekly0902223_0.jpg\" alt=\"\" \/><\/p>\n<p><strong><em>El siguiente informe es ahora complemento sin costo alguno del Proyecto Supervisi\u00f3n a la Amenaza Terrorista y Yihad de MEMRI (PSATY). Para informaci\u00f3n sobre como suscribirse al PSATY, <a href=\"https:\/\/www.memri.org\/subscribe-now\">pulse aqu\u00ed<\/a>.<\/em><\/strong><\/p>\n<p>El d\u00eda 26 de agosto, 2022 el brazo medi\u00e1tico oficial de Al-Qaeda dio a conocer la s\u00e9ptima edici\u00f3n de su revista. El art\u00edculo principal de la edici\u00f3n pronostic\u00f3 que la filial de Al-Qaeda en Somalia Al-Shabab, muy pronto tomar\u00e1 el control del pa\u00eds en \u00c1frica oriental al igual que los talibanes tomaron el control de Afganist\u00e1n en el mes de agosto, 2021.<\/p>\n<p><strong>EXCLUSIVO: Serie de afiches de grupo medi\u00e1tico pro-Al-Qaeda presenta a l\u00edderes vivos y fallecidos junto a cl\u00e9rigos asociados a la organizaci\u00f3n, incluyendo a Sayf Al-&#8216;Adl<\/strong><\/p>\n<p><img decoding=\"async\" class=\"half-size-image\" src=\"https:\/\/www.memri.org\/sites\/default\/files\/2022\/jttmweekly0902224%20%282%29.jpg\" alt=\"\" \/><\/p>\n<p>Durante el mes de noviembre, 2020 un medio de comunicaci\u00f3n pro-Al-Qaeda ya desaparecido, public\u00f3 una serie de 16 afiches virtuales titulados \u00abJeques del ummah (naci\u00f3n isl\u00e1mica)\u00bb, los cuales representan a varios l\u00edderes, comandantes y cl\u00e9rigos asociados a Al-Qaeda, algunos de ellos cuando estaban vivos para ese momento y algunos que ya hab\u00edan fallecido.<\/p>\n<p><strong>Partidarios de un predicador yihadista pro-EIIS radicado en Estados Unidos afirman que las redadas del FBI a la residencia de Trump son represalia divina por la persecuci\u00f3n de Trump contra su persona<\/strong><\/p>\n<p><img decoding=\"async\" class=\"half-size-image\" src=\"https:\/\/www.memri.org\/sites\/default\/files\/2022\/jttmweekly0902225_0.jpg\" alt=\"\" \/><\/p>\n<p>El 28 de agosto, 2022 una cuenta Twitter afiliada a un predicador pro-EIIS radicado en Estados Unidos dio a conocer un publicado en el que afirmaba que la reciente redada realizada por el FBI a la residencia de Donald Trump fue en \u00abrepresalia de Al\u00e1\u00bb por el trato que Trump le dio a este en el a\u00f1o 2017.<\/p>\n<p><strong>El grupo Provincia \u00c1frica Occidental del Estado Isl\u00e1mico (ISWAP) confirma haber capturado un veh\u00edculo de la Cruz Roja en N\u00edger<\/strong><\/p>\n<p><img decoding=\"async\" class=\"half-size-image\" src=\"https:\/\/www.memri.org\/sites\/default\/files\/2022\/jttmweekly0902226_0.jpg\" alt=\"\" \/><\/p>\n<p>El d\u00eda 29 de agosto, 2022 el grupo Provincia \u00c1frica Occidental del Estado Isl\u00e1mico (ISWAP\/siglas en ingl\u00e9s) inform\u00f3 lo siguiente: \u00abCon el \u00e9xito concedido por Al\u00e1, soldados del califato lograron capturar ayer un veh\u00edculo perteneciente a la organizaci\u00f3n de la Cruz Roja en la regi\u00f3n de Diffa\u00bb.<\/p>\n<p><strong>Editorial en semanario del EIIS critica a Turqu\u00eda de oportunista y afirma que la &#8216;deshonrada&#8217; oposici\u00f3n siria se reconciliar\u00e1 con el r\u00e9gimen declarando: El EIIS es la cura para los dolores de la naci\u00f3n isl\u00e1mica<\/strong><\/p>\n<p><img decoding=\"async\" class=\"half-size-image\" src=\"https:\/\/www.memri.org\/sites\/default\/files\/2022\/jttmweekly0902227_0.jpg\" alt=\"\" \/><\/p>\n<p>El 25 de agosto, 2022 el Estado Isl\u00e1mico (EIIS) public\u00f3 la edici\u00f3n No. 353 de su bolet\u00edn semanal <em>Al-Naba&#8217;<\/em>, que incluy\u00f3 un editorial titulado \u00abTurqu\u00eda y la marcha de los intereses\u00bb, despreciando las pol\u00edticas \u00abinteresadas\u00bb del gobierno turco y denigrando a las facciones rebeldes sirias por combatir en nombre de los intereses de Turqu\u00eda adem\u00e1s de perseguir objetivos \u00abilusorios\u00bb.<\/p>\n<p><strong>Art\u00edculo en la edici\u00f3n No. 12 de la revista EIIS-K <em>&#8216;Voz de Joras\u00e1n&#8217;<\/em> titulado &#8216;Lo que piensan nuestros enemigos&#8217;, eval\u00faa la perspectiva occidental ante la amenaza del Estado Isl\u00e1mico<\/strong><\/p>\n<p><img decoding=\"async\" class=\"half-size-image\" src=\"https:\/\/www.memri.org\/sites\/default\/files\/2022\/jttmweekly0902228_0.jpg\" alt=\"\" \/><\/p>\n<p>Un art\u00edculo, titulado \u00abLo que piensan nuestros enemigos\u00bb, en la edici\u00f3n No. 12 de \u00ab<em>Voz de Joras\u00e1n<\/em>\u00ab, el cual es publicado por el brazo de medios de comunicaci\u00f3n del grupo Provincia Joras\u00e1n del Estado Isl\u00e1mico (EIIS-K), cita a l\u00edderes militares, expertos y grupos think tank en Occidente sobre su evaluaci\u00f3n ante las amenazas del Estado Isl\u00e1mico.<\/p>\n<p><strong>Edici\u00f3n No. 7 de la revista en pashtu del EIIS-K <em>&#8216;Khurasan Ghag&#8217;<\/em> critica el acuerdo Doha entre Estados Unidos y los talibanes afganos y afirma que el l\u00edder de Al-Qaeda Ayman Al-Zawahiri fue asesinado con ayuda de los talibanes y por orden del servicio interno de inteligencia pakistan\u00ed<\/strong><\/p>\n<p><img decoding=\"async\" class=\"half-size-image\" src=\"https:\/\/www.memri.org\/sites\/default\/files\/2022\/jttmweekly0902229_0.jpg\" alt=\"\" \/><\/p>\n<p>Un art\u00edculo publicado en la edici\u00f3n No. siete de \u00ab<em>Khurasan Ghag<\/em>\u00ab, la revista en pashtu publicada por el grupo Provincia Joras\u00e1n del Estado Isl\u00e1mico (EIIS-K), dice que el asesinado l\u00edder de Al-Qaeda Ayman Al-Zawahiri hab\u00eda sido trasladado de Pakist\u00e1n a Kabul, donde muri\u00f3 en un ataque perpetrado con aviones no-tripulados estadounidense con la ayuda de los talibanes afganos y por orden del servicio interno de inteligencia del ej\u00e9rcito paquistan\u00ed, el cual es conocido como principal partidario del Emirato Isl\u00e1mico de Afganist\u00e1n (la gobernante organizaci\u00f3n yihadista de los talibanes), en especialmente su red Haqqani.<\/p>\n<p><strong>Art\u00edculo en la edici\u00f3n No. 11 de la revista EIIS-K <em>&#8216;Voz de Joras\u00e1n&#8217;<\/em> elogia al combatiente yihadista afgano Abdul Hadi, quien ascendi\u00f3 en las filas del EIIS, dice lo siguiente: &#8216;Cuando los servicios de inteligencia pakistan\u00edes se infiltraron&#8230; en la red Haqqani, se le pidi\u00f3 a Abdul Hadi que tuviese en la mira solo al gobierno afgano&#8217;<\/strong><\/p>\n<p><img decoding=\"async\" class=\"half-size-image\" src=\"https:\/\/www.memri.org\/sites\/default\/files\/2022\/jttmweekly09022210.jpg\" alt=\"\" \/><\/p>\n<p>Un art\u00edculo en la \u00faltima edici\u00f3n de la revista \u00ab<em>Voz de Joras\u00e1n<\/em>\u00ab, la cual es publicada por el grupo Provincia Joras\u00e1n del Estado Isl\u00e1mico (EIIS-K) &#8211; elogia a un combatiente afgano que ascendi\u00f3 en las filas del EIIS para convertirse en un destacado comandante de varias ciudades.<\/p>\n<p><strong>Art\u00edculo en la edici\u00f3n No. 12 de la revista del EIIS-K <em>&#8216;Voz de Joras\u00e1n&#8217;<\/em> narra el viaje de un cristiano hind\u00fa convertido al islam que rechaz\u00f3 casarse para unirse al EIIS y convertirse en un terrorista suicida en Libia<\/strong><\/p>\n<p><img decoding=\"async\" class=\"half-size-image\" src=\"https:\/\/www.memri.org\/sites\/default\/files\/2022\/jttmweekly09022211.jpg\" alt=\"\" \/><\/p>\n<p>Un art\u00edculo en la \u00faltima edici\u00f3n de la revista \u00ab<em>Voz de Joras\u00e1n<\/em>\u00ab, publicada por el grupo Provincia Joras\u00e1n del Estado Isl\u00e1mico (EIIS-K), dio a conocer el perfil de un cristiano hind\u00fa quien se convirti\u00f3 al islam en alg\u00fan lugar del Golfo y luego llev\u00f3 a cabo una operaci\u00f3n martirio en Libia.<\/p>\n<p><strong>Art\u00edculo en la edici\u00f3n No. 11 de la revista del EIIS-K <em>&#8216;Voz de Joras\u00e1n&#8217;<\/em>: &#8216;Los polite\u00edstas en Meca no negaron el divino se\u00f1or\u00edo de Al\u00e1&#8230; sin embargo, se convirtieron en polite\u00edstas al adorar a \u00eddolos distintos de Al\u00e1&#8217;<\/strong><\/p>\n<p><img decoding=\"async\" class=\"half-size-image\" src=\"https:\/\/www.memri.org\/sites\/default\/files\/2022\/jttmweekly09022212.jpg\" alt=\"\" \/><\/p>\n<p>Un art\u00edculo en la \u00faltima edici\u00f3n de la revista \u00ab<em>Voz de Joras\u00e1n<\/em>\u00ab, publicada por el grupo Provincia Joras\u00e1n del Estado Isl\u00e1mico (EIIS-K), que explica el concepto isl\u00e1mico del <em>Tawhid Ar-Rububiyyah<\/em> (es decir, la unidad del se\u00f1or\u00edo de Al\u00e1) a los seguidores del Estado Isl\u00e1mico.<\/p>\n<p><strong>En declaraci\u00f3n, Al-Qaeda condena la cumbre Jeda y promete la segunda primavera de la revoluci\u00f3n &#8216;isl\u00e1mica&#8217; absteni\u00e9ndose de comentar sobre la muerte de Al-Zawahiri<\/strong><\/p>\n<p><img decoding=\"async\" class=\"half-size-image\" src=\"https:\/\/www.memri.org\/sites\/default\/files\/2022\/jttmweekly09022213.jpg\" alt=\"\" \/><\/p>\n<p>El d\u00eda 25 de agosto, 2022 el medio de comunicaci\u00f3n oficial de Al-Qaeda emiti\u00f3 un comunicado condenando la cumbre Jeda celebrada el 27 de julio, a la que asistieron el presidente Biden, los l\u00edderes del Consejo de Cooperaci\u00f3n del Golfo, Egipto, Jordania e Irak, como esquema \u00abcruzado-sionista\u00bb destinado a erradicar el islam de la Pen\u00ednsula Ar\u00e1biga.<\/p>\n<p><strong>Al-Qaeda en el Magreb Isl\u00e1mico (AQMI) publica serie de videos para promover el yihad con el fin de implementar el sharia y contrarrestar la &#8216;grave amenaza que se cierne ante la fe musulmana&#8217;<\/strong><\/p>\n<p><img decoding=\"async\" class=\"half-size-image\" src=\"https:\/\/www.memri.org\/sites\/default\/files\/2022\/jttmweekly09022214.jpg\" alt=\"\" \/><\/p>\n<p>El d\u00eda 28 de agosto, 2022 Al-Qaeda en el Magreb Isl\u00e1mico (AQMI) public\u00f3 un video titulado \u00abInformaci\u00f3n esclarecedora sobre la apostas\u00eda de los gobernantes argelinos\u00bb, el cual presenta un mensaje de audio de un alto agente de AQMI quien afirma que los musulmanes en Argelia deben apoyar a los yihadistas para de esta manera combatir contra la \u00abtirana\u00bb \u00e9lite gobernante en el pa\u00eds.<\/p>\n<p><strong>Filial de Al-Qaeda en el Sahel llev\u00f3 a cabo m\u00faltiples ataques contra el grupo Wagner respaldado por Rusia y las fuerzas de seguridad malienses en las regiones de Mopti y Macina<\/strong><\/p>\n<p><img decoding=\"async\" class=\"half-size-image\" src=\"https:\/\/www.memri.org\/sites\/default\/files\/2022\/jttmweekly09022215.jpg\" alt=\"\" \/><\/p>\n<p>El 25 de agosto el brazo medi\u00e1tico de la filial de Al-Qaeda en Mal\u00ed Jama&#8217;at Nasr al-Islam wal Muslimin (JNIM), o el Grupo de apoyo al islam y los musulmanes (GAIM), se responsabiliz\u00f3 en \u00e1rabe y franc\u00e9s por las \u00abm\u00faltiples operaciones\u00bb realizadas contra el grupo Wagner el cual ha estado respaldado por Rusia y el ej\u00e9rcito de Mal\u00ed en los \u00faltimos d\u00edas, resultando en varias bajas.<\/p>\n<p><strong>Partidarios de Al-Qaeda rechazan &#8216;consejo&#8217; del cl\u00e9rigo de Hay&#8217;at Tahrir Al-Sham (HTS) para disolver Al-Qaeda y argumentan que Al-Qaeda es todo un \u00e9xito, Occidente es una amenaza mucho mayor que Ir\u00e1n<\/strong><\/p>\n<p><img decoding=\"async\" class=\"half-size-image\" src=\"https:\/\/www.memri.org\/sites\/default\/files\/2022\/jttmweekly09022216.jpg\" alt=\"\" \/><\/p>\n<p>Luego de un publicado dado a conocer el d\u00eda 15 de agosto de un alto funcionario religioso nacido en Irak en el grupo yihadista sede en Idlib Hay&#8217;at Tahrir Al-Sham (HTS) &#8211; quien rompi\u00f3 sus lazos con Al-Qaeda en el a\u00f1o 2016 &#8211; en el que asesoraba a las filiales de Al-Qaeda para que disuelva a la organizaci\u00f3n, reconsidere su agenda yihadista y se centre en combatir contra Ir\u00e1n, dos partidarios desconocidos de Al-Qaeda dieron a conocer publicados criticando el consejo dado por el cl\u00e9rigo.<\/p>\n<p><strong>Comandante de Al-Qaeda en la Pen\u00ednsula Ar\u00e1biga (AQPA) insta a los yemen\u00edes a repudiar la coalici\u00f3n saud\u00ed-emirat\u00ed e independientemente libren el yihad en contra de los houties<\/strong><\/p>\n<p><img decoding=\"async\" class=\"half-size-image\" src=\"https:\/\/www.memri.org\/sites\/default\/files\/2022\/jttmweekly09022217.jpg\" alt=\"\" \/><\/p>\n<p>El 27 de agosto, 2022 el medio de comunicaci\u00f3n oficial de Al-Qaeda en la Pen\u00ednsula Ar\u00e1biga (AQPA) public\u00f3 un video de 26 minutos de duraci\u00f3n el cual conten\u00eda un mensaje de audio titulado \u00abA nuestro pueblo en Yemen\u00bb, en el que aparece un comandante discutiendo los recientes eventos en la gobernaci\u00f3n Shabwah del pa\u00eds. A principios de agosto, el gobernador provincial destituy\u00f3 a un alto funcionario perteneciente al partido Al-Islah, alineado con la Hermandad Musulmana, provocando as\u00ed sangrientos enfrentamientos entre los partidarios del partido y las fuerzas respaldadas por los Emiratos \u00c1rabes Unidos.<\/p>\n<p><strong>Revista <em>&#8216;Un solo ummah&#8217;<\/em> de Al-Qaeda insta a los musulmanes de todo el mundo a ayudar a los &#8216;hermanos oprimidos&#8217; en India y apoyen el yihad en Cachemira<\/strong><\/p>\n<p><img decoding=\"async\" class=\"half-size-image\" src=\"https:\/\/www.memri.org\/sites\/default\/files\/2022\/jttmweekly09022218.jpg\" alt=\"\" \/><\/p>\n<p>El d\u00eda 26 de agosto, 2022 el brazo oficial de medios de comunicaci\u00f3n del comando central de Al-Qaeda public\u00f3 la s\u00e9ptima edici\u00f3n de su revista.<\/p>\n<p><strong>Portada de la edici\u00f3n marzo-abril, 2022 de la revista de Al-Qaeda <em>&#8216;Nawa-i-Ghazwa-e-Hind&#8217;<\/em> declara guerra global: &#8216;De Aqsa a Cachemira &#8211; un solo ummah, una sola guerra&#8217;<\/strong><\/p>\n<p><img decoding=\"async\" class=\"half-size-image\" src=\"https:\/\/www.memri.org\/sites\/default\/files\/2022\/jttmweekly09022219.jpg\" alt=\"\" \/><\/p>\n<p><strong><em>El siguiente informe es ahora complemento sin costo alguno del Proyecto Supervisi\u00f3n a la Amenaza Terrorista y Yihad de MEMRI (PSATY). Para informaci\u00f3n sobre como suscribirse al PSATY, <a href=\"https:\/\/www.memri.org\/subscribe-now\">pulse aqu\u00ed<\/a>.<\/em><\/strong><\/p>\n<p>La edici\u00f3n marzo-abril, 2022 de una revista de Al-Qaeda en idioma urdu se enfoca en un tema articulado como lo es \u00abde Aqsa a Cachemira &#8211; un solo ummah, una sola guerra\u00bb, el cual busca proyectar los conflictos yihadistas desde la mezquita Al-Aqsa en Jerusal\u00e9n hasta el valle de Cachemira como una sola guerra global contra el mundo no-isl\u00e1mico.<\/p>\n<p><strong>Autor de Al-Qaeda pide a los &#8216;leones&#8217; de Al-Qaeda en Egipto que asesinen a quienes ofenden el islam, incluyendo al presentador de televisi\u00f3n egipcio Ibrahim Eissa: No deber\u00edan morir de forma natural como el escritor Nawal El-Saadawi<\/strong><\/p>\n<p><img decoding=\"async\" class=\"half-size-image\" src=\"https:\/\/www.memri.org\/sites\/default\/files\/2022\/jttmweekly09022220.jpg\" alt=\"\" \/><\/p>\n<p>El 26 de agosto, 2022 el brazo medi\u00e1tico de Al-Qaeda central public\u00f3 la s\u00e9ptima edici\u00f3n de su revista, que incluy\u00f3 la segunda entrega de una serie titulada \u00abRestringiendo a aquellos viles de los medios de comunicaci\u00f3n\u00bb.<\/p>\n<p><strong>Al-Shabab confirma al menos 19 bajas en m\u00faltiples ataques ocurridos en Somalia<\/strong><\/p>\n<p><img decoding=\"async\" class=\"half-size-image\" src=\"https:\/\/www.memri.org\/sites\/default\/files\/2022\/jttmweekly09022221.jpg\" alt=\"\" \/><\/p>\n<p>Entre los d\u00edas 25 y 29 de agosto, 2022 la agencia de noticias Shahada, el medio de comunicaci\u00f3n oficial de la filial de Al-Qaeda en Somalia Harakat Al-Shabab Al-Mujahideen (Al-Shabab), inform\u00f3 sobre 9 nuevas denuncias de ataques por parte de agentes de Al-Shabab contra objetivos policiales y militares somal\u00edes en varias provincias.<\/p>\n<p><strong>Al-Shabab publica un tercer y cuarto video en el que se destaca la distribuci\u00f3n de raciones a los somal\u00edes afectados por la sequ\u00eda<\/strong><\/p>\n<p><img decoding=\"async\" class=\"half-size-image\" src=\"https:\/\/www.memri.org\/sites\/default\/files\/2022\/jttmweekly09022222.jpg\" alt=\"\" \/><\/p>\n<p>El d\u00eda 26 de agosto, 2022 la Fundaci\u00f3n Al-Kata&#8217;ib, el brazo medi\u00e1tico de la filial somal\u00ed de Al-Qaeda Al-Shabab, public\u00f3 un video de 12 minutos de duraci\u00f3n en somal\u00ed titulado \u00abCampa\u00f1a de ayuda para los afectados por la sequ\u00eda en los estados isl\u00e1micos &#8211; tercera parte\u00bb.<\/p>\n<p><strong>Al-Shabab publica segundo video en el que destaca la distribuci\u00f3n de raciones a los lugare\u00f1os somal\u00edes afectados por la sequ\u00eda<\/strong><\/p>\n<p><img decoding=\"async\" class=\"half-size-image\" src=\"https:\/\/www.memri.org\/sites\/default\/files\/2022\/jttmweekly09022223.jpg\" alt=\"\" \/><\/p>\n<p>El 24 de agosto, 2022 la Fundaci\u00f3n Al-Kata&#8217;ib, el brazo medi\u00e1tico de la filial somal\u00ed de Al-Qaeda Al-Shabab, public\u00f3 un video en somal\u00ed titulado \u00abCampa\u00f1a de ayuda para los afectados por la sequ\u00eda en los estados isl\u00e1micos &#8211; segunda parte\u00bb.<\/p>\n<p><strong>El movimiento Al-Shabab lanza proyecto de reconstrucci\u00f3n de hospitales y provee informaci\u00f3n sobre cuentas bancarias para donantes<\/strong><\/p>\n<p><img decoding=\"async\" class=\"half-size-image\" src=\"https:\/\/www.memri.org\/sites\/default\/files\/2022\/jttmweekly09022224.jpg\" alt=\"\" \/><\/p>\n<p>El d\u00eda 24 de agosto, 2022 un medio de comunicaci\u00f3n pro-Al-Shabab public\u00f3 un informe en somal\u00ed que cubr\u00eda una reuni\u00f3n celebrada por Al-Shabab con residentes locales para anunciar la reconstrucci\u00f3n del hospital en la ciudad de Kunyo Barrow en la provincia de Lower Shabelle. El informe inclu\u00eda los n\u00fameros de tel\u00e9fono y cuentas bancarias donde los donantes pueden enviar sus contribuciones.<\/p>\n<p><strong>Al-Shabab amenaza al nuevo gobierno de Kenia con realizar ataques dentro de Kenia si no retira sus tropas de Somalia<\/strong><\/p>\n<p><img decoding=\"async\" class=\"half-size-image\" src=\"https:\/\/www.memri.org\/sites\/default\/files\/2022\/jttmweekly09022225_0.jpg\" alt=\"\" \/><\/p>\n<p>El d\u00eda 27 de agosto, 2022 la filial del brazo medi\u00e1tico de Al-Qaeda en Somalia Al-Shabab public\u00f3 un comunicado de prensa de dos p\u00e1ginas sobre las recientes elecciones ocurridas en Kenia, titulado \u00abKenia en una encrucijada\u00bb, en el que ped\u00eda a los kenianos musulmanes que presionen al nuevo gobierno para que retire su misi\u00f3n militar en Somalia y amenacen con realizar nuevos ataques contra las fuerzas kenianas en Somalia y dentro de Kenia.<\/p>\n<p><strong>Medio de comunicaci\u00f3n anti-EIIS filtra &#8216;guion&#8217; del video del EIIS-Yemen del a\u00f1o 2017 y afirma que las producciones &#8216;hollywoodenses&#8217; del EIIS apuntan a atraer sunitas y &#8216;demonizar&#8217; a sus rivales yihadistas<\/strong><\/p>\n<p><img decoding=\"async\" class=\"half-size-image\" src=\"https:\/\/www.memri.org\/sites\/default\/files\/2022\/jttmweekly09022226_0.jpg\" alt=\"\" \/><\/p>\n<p>El d\u00eda 30 de agosto, 2022 un canal anti-Estado Isl\u00e1mico (EIIS) en el servidor Rocket.Chat operado por Al-Qaeda public\u00f3 lo que dijo era el gui\u00f3n de un video producido por el EIIS del a\u00f1o 2017 llamado \u00abej\u00e9rcito de refuerzos\u00bb, el cual fue dado a conocer por la filial del EIIS en Yemen.<\/p>\n<p><strong>Fuentes \u00e1rabes en el Golfo y la oposici\u00f3n siria: Ir\u00e1n profundiza su control sobre el sur de Siria, desplegando las fuerzas de la brigada afgana Fatemiyoun a lo largo de la frontera con Jordania<\/strong><\/p>\n<p><img decoding=\"async\" class=\"half-size-image\" src=\"https:\/\/www.memri.org\/sites\/default\/files\/2022\/jttmweekly09022227_0.jpg\" alt=\"\" \/><\/p>\n<p><strong><em>El siguiente informe es ahora complemento sin costo alguno del Proyecto Supervisi\u00f3n a la Amenaza Terrorista y Yihad de MEMRI (PSATY). Para informaci\u00f3n sobre como suscribirse al PSATY, <a href=\"https:\/\/www.memri.org\/subscribe-now\">pulse aqu\u00ed<\/a>.<\/em><\/strong><\/p>\n<p>El diario kuwait\u00ed <em>Al-Qabas<\/em> y el portal de la oposici\u00f3n siria Horan Free League publicaron recientemente extensos art\u00edculos que describen la \u00abcreciente tensi\u00f3n al sur de Siria\u00bb, ante las acciones de Ir\u00e1n para aprovechar la preocupaci\u00f3n de Rusia con la guerra en Ucrania, a fin de afianzar su control sobre la gobernaci\u00f3n Daraa en Siria mediante el despliegue de fuerzas de las milicias que esta apoya, encabezadas por la brigada afgana Fatemiyoun, a lo largo de la frontera con Jordania.<\/p>\n<p><strong>Diario afgano examina ideolog\u00eda del grupo Hizbut Tahrir: \u00abA pesar de la presencia de&#8230; los talibanes, Al-Qaeda y el EIIS, el partido ha sido capaz de reclutar a miles de j\u00f3venes, en particular de la etnia tayika dentro de sus filas\u00bb<\/strong><\/p>\n<p><img decoding=\"async\" class=\"half-size-image\" src=\"https:\/\/www.memri.org\/sites\/default\/files\/2022\/jttmweekly09022228_0.jpg\" alt=\"\" \/><\/p>\n<p><strong><em>El siguiente informe es ahora complemento sin costo alguno del Proyecto Supervisi\u00f3n a la Amenaza Terrorista y Yihad de MEMRI (PSATY). Para informaci\u00f3n sobre como suscribirse al PSATY, <a href=\"http:\/\/memri.convio.net\/site\/R?i=_bJ3vqPE-oDtjXEjsXjR3Q\">pulse aqu\u00ed<\/a>.<\/em><\/strong><\/p>\n<p>En un reciente editorial, el diario afgano <em>Hasht-e-Subh<\/em> examin\u00f3 la ideolog\u00eda del grupo Hizbut Tahrir y se\u00f1al\u00f3 que \u00abdurante la revoluci\u00f3n de Ir\u00e1n, este se refiri\u00f3 y sugiri\u00f3 que el imam Jomeini asumiese el liderazgo del califato isl\u00e1mico. Al mismo tiempo, el diario se refiri\u00f3 al Muammar de Libia, Mohammad Gadafi para que declarara el califato isl\u00e1mico; y dos d\u00e9cadas despu\u00e9s de ello, entr\u00f3 en negociaciones para un acuerdo sobre la declaraci\u00f3n del califato con el fundador de los talibanes afganos el mul\u00e1 Mohammad Omar\u00bb.<\/p>\n<p><strong>Grupo yihadista kurdo en Siria Ansar Al-Islam publica video en el que promete seguir combatiendo contra las fuerzas del r\u00e9gimen sirio, instando a aquellos sirios que han abandonado el yihad a que regresen<\/strong><\/p>\n<p><img decoding=\"async\" class=\"half-size-image\" src=\"https:\/\/www.memri.org\/sites\/default\/files\/2022\/jttmweekly09022229_0.jpg\" alt=\"\" \/><\/p>\n<p>El 30 de agosto, el bot oficial de la aplicaci\u00f3n Telegram de un grupo militante salafista-yihadista predominantemente kurdo que opera al norte de Irak y Siria public\u00f3 un segmento de video de cuatro minutos de duraci\u00f3n sobre el continuo y constante conflicto entre el grupo y el r\u00e9gimen de Assad.<\/p>\n<p><strong>Grupo yihadista alban\u00e9s en Idlib promueve el uso de armas en Twitter<\/strong><\/p>\n<p><img decoding=\"async\" class=\"half-size-image\" src=\"https:\/\/www.memri.org\/sites\/default\/files\/2022\/jttmweekly09022230.jpg\" alt=\"\" \/><\/p>\n<p>Un grupo militante yihadista compuesto por personas de etnia albanesa que opera en la ciudad siria de Idlib y sus alrededores public\u00f3 una variedad de contenido promocional en la aplicaci\u00f3n Telegram que documenta las actividades de sus combatientes.<\/p>\n<p><strong>Diario afiliado a Hezbol\u00e1: Se anticipa una escalada en los ataques contra las fuerzas estadounidenses en Siria; brigadas de Hezbol\u00e1: Si los estadounidenses nos atacan, &#8216;ser\u00e1 todo un desastre para ellos&#8217;<\/strong><\/p>\n<p><img decoding=\"async\" class=\"half-size-image\" src=\"https:\/\/www.memri.org\/sites\/default\/files\/2022\/jttmweekly09022231.jpg\" alt=\"\" \/><\/p>\n<p><strong><em>El siguiente informe es ahora complemento sin costo alguno del Proyecto Supervisi\u00f3n a la Amenaza Terrorista y Yihad de MEMRI (PSATY). Para informaci\u00f3n sobre como suscribirse al PSATY, <a href=\"http:\/\/memri.convio.net\/site\/R?i=_bJ3vqPE-oDtjXEjsXjR3Q\">pulse aqu\u00ed<\/a>.<\/em><\/strong><\/p>\n<p>Entre los d\u00edas 23 y 25 de agosto, 2022 se produjo una nueva escalada de tensiones entre las fuerzas estadounidenses y las fuerzas respaldadas por Ir\u00e1n en Siria. Seg\u00fan el subsecretario de Defensa de los Estados Unidos Dr. Colin Kahl, el d\u00eda 23 de agosto, aviones estadounidenses bombardearon \u00abvarias instalaciones utilizadas por los grupos de milicianos afiliados al Cuerpo de la Guardia Revolucionaria Isl\u00e1mica de Ir\u00e1n (CGRI)\u00bb.<\/p>\n<p><strong>Equipos de piratas cibern\u00e9ticos iraqu\u00edes pro-Sadr confirman ataques a portales del Hezbol\u00e1 liban\u00e9s y contra las milicias respaldadas por Ir\u00e1n en Irak adem\u00e1s del gobierno iraqu\u00ed y los partidos pol\u00edticos<\/strong><\/p>\n<p><img decoding=\"async\" class=\"half-size-image\" src=\"https:\/\/www.memri.org\/sites\/default\/files\/2022\/jttmweekly09022232.jpg\" alt=\"\" \/><\/p>\n<p>El d\u00eda 26 de agosto, 2022 un medio de comunicaci\u00f3n afiliado al cl\u00e9rigo chiita iraqu\u00ed Muqtada Al-Sadr comparti\u00f3 una declaraci\u00f3n emitida por un equipo de piratas cibern\u00e9ticos pro-Sadr que se responsabilizo de una serie de ataques cibern\u00e9ticos contra portales pertenecientes a varias milicias respaldadas por Ir\u00e1n en Irak y en el L\u00edbano.<\/p>\n<p><strong>Portal del ministerio de Defensa del movimiento de los houties Ansar Al\u00e1 en Yemen niega informes sobre un ataque israel\u00ed en Yemen y advierte que responder\u00e1 a tal ataque propinando &#8216;ataques mucho m\u00e1s duros y dolorosos&#8217;<\/strong><\/p>\n<p><img decoding=\"async\" class=\"half-size-image\" src=\"https:\/\/www.memri.org\/sites\/default\/files\/2022\/jttmweekly09022233.jpg\" alt=\"\" \/><\/p>\n<p>El d\u00eda 29 de agosto, 2022 el portal oficial del ministerio de Defensa del movimiento de los houties Ansar Al\u00e1 en Yemen public\u00f3 un editorial en su revista semanal advirti\u00e9ndole a Israel que no d\u00e9 \u00abun paso tonto\u00bb y ataque a los houties en Yemen, afirmando que si lo hace Yemen \u00abno vacilar\u00e1 en infligir ataques muy duros y dolorosos\u00bb.<\/p>\n<p><strong>Video del grupo Tehreek-e-Taliban Pakistan (TTP) forma parte de la serie &#8216;Preparados para librar el yihad&#8217;, muestra a combatientes del TTP entren\u00e1ndose en r\u00edos, monta\u00f1as cubiertas de nieve, utilizando armas pesadas y rifles al estilo francotirador<\/strong><\/p>\n<p><img decoding=\"async\" class=\"half-size-image\" src=\"https:\/\/www.memri.org\/sites\/default\/files\/2022\/jttmweekly09022234.jpg\" alt=\"\" \/><\/p>\n<p>El grupo Tehreek-e-Taliban Pakistan (TTP o el Movimiento de los talibanes pakistan\u00edes) ha publicado un nuevo video que muestra a sus combatientes recibiendo entrenamiento militar en alg\u00fan lugar a lo largo de la an\u00e1rquica frontera entre Pakist\u00e1n y Afganist\u00e1n.<\/p>\n<p><strong>En entrevista con un portal hind\u00fa, el emir muft\u00ed Noor Wali Mehsud del grupo Tehreek-e-Taliban Pakistan (TTP) dice que el sistema pol\u00edtico de Pakist\u00e1n es inaceptable y endurece su postura sobre las conversaciones entre el TTP y Pakist\u00e1n: \u00abNo habr\u00e1 rendici\u00f3n\u00bb<\/strong><\/p>\n<p><img decoding=\"async\" class=\"half-size-image\" src=\"https:\/\/www.memri.org\/sites\/default\/files\/2022\/jttmweekly09022235.jpg\" alt=\"\" \/><\/p>\n<p>En una entrevista concedida a un portal hind\u00fa, el muft\u00ed Noor Wali Mehsud, emir de la organizaci\u00f3n yihadista pakistan\u00ed Tehreek-e-Taliban Pakistan (TTP), ha rechazado la posibilidad de que el TTP entregue sus armas o se una al sistema pol\u00edtico de Pakist\u00e1n a ra\u00edz de la conversaciones realizadas TTP-Pakist\u00e1n en Afganist\u00e1n bajo mediaci\u00f3n de los talibanes afganos.<\/p>\n<p><strong>Editoriales en los principales diarios paquistan\u00edes cuestionan las negociaciones del estado paquistan\u00ed con el grupo Tehreek-e-Taliban Pakistan (TTP)<\/strong><\/p>\n<p><img decoding=\"async\" class=\"half-size-image\" src=\"https:\/\/www.memri.org\/sites\/default\/files\/2022\/jttmweekly09022236.jpg\" alt=\"\" \/><\/p>\n<p>Dos importantes diarios paquistan\u00edes publicaron recientemente editoriales que expresaban su preocupaci\u00f3n por las negociaciones realizadas por Pakist\u00e1n con el grupo Tehreek-e-Taliban Pakistan (TTP) y el incremento de la violencia en los distritos Swat y Dir en la provincia pakistan\u00ed de Khyber Pakhtunkhwa, donde el partido islamista paquistan\u00ed Tehreek-i-Insaf (TTP) tiene el poder<\/p>\n<p><strong>Ministro de Defensa de los talibanes afganos Mawlavi Mohammad Yaqoob Mujahid le exige a Pakist\u00e1n que no permita que su espacio a\u00e9reo sea utilizado contra Afganist\u00e1n: &#8216;Drones estadounidenses entran en Afganist\u00e1n a trav\u00e9s de Pakist\u00e1n y utilizan el espacio a\u00e9reo de Pakist\u00e1n&#8217;; &#8216;esto es una agresi\u00f3n abierta de los estadounidenses en contra de Afganist\u00e1n&#8217;<\/strong><\/p>\n<p><img decoding=\"async\" class=\"half-size-image\" src=\"https:\/\/www.memri.org\/sites\/default\/files\/2022\/jttmweekly09022237.jpg\" alt=\"\" \/><\/p>\n<p>Luego de ocurrir el asesinato del l\u00edder de Al-Qaeda Ayman Al-Zawahiri en un ataque con drones perpetrado por los estadounidenses el d\u00eda 31 de julio en Kabul, el ministro de Defensa de los talibanes afganos Mawlavi Mohammad Yaqoob Mujahid, acus\u00f3 a Pakist\u00e1n en una conferencia de prensa realizada en Kabul el 28 de agosto, 2022 por permitirle a Estados Unidos utilizar su espacio a\u00e9reo con aviones no-tripulados para as\u00ed entrar en Afganist\u00e1n.<\/p>\n","protected":false},"excerpt":{"rendered":"<p>Lo siguiente son algunos de los informes de esta semana del Proyecto Supervisi\u00f3n a la Amenaza Terrorista y Yihad (PSATY) en MEMRI, que traduce y analiza el contenido de fuentes, las cuales son monitoreadas y supervisadas las 24 horas del d\u00eda, 7 d\u00edas a la semana, entre estos, los portales y blogs yihadistas m\u00e1s importantes. [&hellip;]<\/p>\n","protected":false},"author":1,"featured_media":61588,"comment_status":"open","ping_status":"open","sticky":false,"template":"","format":"standard","meta":{"footnotes":""},"categories":[4,10,9,7,2],"tags":[],"class_list":["post-61587","post","type-post","status-publish","format-standard","has-post-thumbnail","hentry","category-archivos","category-estudios-sobre-terrorismo-y-yihad","category-temas","category-reportes-especiales","category-featured"],"_links":{"self":[{"href":"https:\/\/www2.memri.org\/espanol\/wp-json\/wp\/v2\/posts\/61587","targetHints":{"allow":["GET"]}}],"collection":[{"href":"https:\/\/www2.memri.org\/espanol\/wp-json\/wp\/v2\/posts"}],"about":[{"href":"https:\/\/www2.memri.org\/espanol\/wp-json\/wp\/v2\/types\/post"}],"author":[{"embeddable":true,"href":"https:\/\/www2.memri.org\/espanol\/wp-json\/wp\/v2\/users\/1"}],"replies":[{"embeddable":true,"href":"https:\/\/www2.memri.org\/espanol\/wp-json\/wp\/v2\/comments?post=61587"}],"version-history":[{"count":0,"href":"https:\/\/www2.memri.org\/espanol\/wp-json\/wp\/v2\/posts\/61587\/revisions"}],"wp:featuredmedia":[{"embeddable":true,"href":"https:\/\/www2.memri.org\/espanol\/wp-json\/wp\/v2\/media\/61588"}],"wp:attachment":[{"href":"https:\/\/www2.memri.org\/espanol\/wp-json\/wp\/v2\/media?parent=61587"}],"wp:term":[{"taxonomy":"category","embeddable":true,"href":"https:\/\/www2.memri.org\/espanol\/wp-json\/wp\/v2\/categories?post=61587"},{"taxonomy":"post_tag","embeddable":true,"href":"https:\/\/www2.memri.org\/espanol\/wp-json\/wp\/v2\/tags?post=61587"}],"curies":[{"name":"wp","href":"https:\/\/api.w.org\/{rel}","templated":true}]}}