{"id":61518,"date":"2022-08-17T16:55:38","date_gmt":"2022-08-17T20:55:38","guid":{"rendered":"https:\/\/www2.memri.org\/espanol\/?p=61518"},"modified":"2022-08-18T16:59:13","modified_gmt":"2022-08-18T20:59:13","slug":"funcionario-de-fatah-el-presidente-palestino-abbas-estuvo-en-lo-cierto-al-decir-que-israel-ha-perpetrado-50-holocaustos","status":"publish","type":"post","link":"https:\/\/www2.memri.org\/espanol\/funcionario-de-fatah-el-presidente-palestino-abbas-estuvo-en-lo-cierto-al-decir-que-israel-ha-perpetrado-50-holocaustos\/61518","title":{"rendered":"Funcionario de Fatah: El presidente palestino &#8216;Abbas estuvo en lo cierto al decir que Israel ha perpetrado &#8217;50 holocaustos&#8217;"},"content":{"rendered":"<p><em>El d\u00eda 16 de agosto del presente a\u00f1o 2022, el presidente de la Autoridad Palestina y l\u00edder de Fatah Mahmoud &#8216;Abbas, se reuni\u00f3 en Berl\u00edn con el canciller alem\u00e1n Olaf Scholz como parte de una visita oficial realizada a Alemania. Al cierre de la conferencia de prensa conjunta de los dos l\u00edderes, se le pregunt\u00f3 a &#8216;Abbas si se disculpar\u00eda con Israel por el ataque terrorista perpetrado contra los atletas israel\u00edes durante los Juegos Ol\u00edmpicos de M\u00fanich del a\u00f1o 1972, en el que 11 miembros de la delegaci\u00f3n ol\u00edmpica israel\u00ed fueron asesinados por la organizaci\u00f3n terrorista de Fatah Septiembre Negro.<\/em><a href=\"#_edn1\" name=\"_ednref1\">[1]<\/a><em> &#8216;Abbas se abstuvo de condenar este ataque y dijo que, desde 1947, Israel ha cometido \u00ab50 masacres\u00bb y \u00ab50 holocaustos\u00bb contra el pueblo palestino,<\/em><a href=\"#_edn2\" name=\"_ednref2\">[2]<\/a><em> una declaraci\u00f3n que provoc\u00f3 indignaci\u00f3n en Alemania, Israel y en todo el mundo.<\/em><a href=\"#_edn3\" name=\"_ednref3\">[3]<\/a><\/p>\n<p><em>Para ver el segmento de video de las declaraciones de &#8216;Abbas en el portal MEMRI TV, <a href=\"https:\/\/www.memri.org\/tv\/pa-president-abbas-press-conference-germany-israel-commits-fifty-holocausts\">pulse aqu\u00ed<\/a> o debajo:<\/em><\/p>\n<p><iframe src=\"https:\/\/www.memri.org\/player\/clip\/57707\/780,440\/1\" width=\"780\" height=\"440\" frameborder=\"0\"><\/iframe><\/p>\n<p><em>&#8216;Abbas ha negado previamente el rango de envergadura del Holocausto. En la introducci\u00f3n a su libro publicado en 1984 El otro lado: La relaci\u00f3n secreta entre el nazismo y el sionismo, del cual basa su disertaci\u00f3n doctoral, escribi\u00f3 que \u00abel n\u00famero de v\u00edctimas jud\u00edas del Holocausto pudiera ser de seis millones, pero tambi\u00e9n pudiera ser mucho m\u00e1s peque\u00f1o, incluso menos de un mill\u00f3n\u00bb. Citando al negador del Holocausto Robert Faurisson, este tambi\u00e9n cuestion\u00f3 si las c\u00e1maras de gas fueron utilizadas para asesinar a jud\u00edos y escribi\u00f3 lo siguiente: \u00abEn lo que respecta a las c\u00e1maras de gas, que supuestamente fueron dise\u00f1adas para asesinar a jud\u00edos vivos: un estudio cient\u00edfico publicado por el profesor Robert Faurisson en Francia niega que las c\u00e1maras de gas eran para asesinar a seres humanos y afirma que solo eran para incinerar cuerpos, debido a la preocupaci\u00f3n habida por la propagaci\u00f3n de enfermedades e infecciones en la regi\u00f3n\u00bb.<a href=\"#_edn4\" name=\"_ednref4\"><strong>[4]<\/strong><\/a><\/em><\/p>\n<p><em>En un discurso pronunciado ante el Consejo Nacional Palestino en Ramala en el a\u00f1o 2018, &#8216;Abbas dijo que las masacres a las que los jud\u00edos europeos hab\u00edan sido sometidos desde el siglo 11 hasta el Holocausto no se debieron a que fueran solamente jud\u00edos, sino \u00abpor causa de su funci\u00f3n en la sociedad, la cual tuvo que ver con la usura, los bancos, etc.\u201d.<a href=\"#_edn5\" name=\"_ednref5\"><strong>[5]<\/strong><\/a> Adem\u00e1s, \u2018Abbas le ha otorgado medallas de honor a individuos que publicaron art\u00edculos que conten\u00edan diatribas antisemitas y negaci\u00f3n del Holocausto.<\/em><\/p>\n<p><em>Tras las indignaciones causadas por las declaraciones de &#8216;Abbas en Alemania, Bakr Abu Bakr, ex-miembro del Consejo Revolucionario de Fatah y ex-columnista del diario de la Autoridad Palestina Al-Hayat Al-Jadida, public\u00f3 un art\u00edculo en el diario en la red alwatanvoice.com y en su cuenta personal Facebook en la que justific\u00f3 los comentarios de &#8216;Abbas. Este escribi\u00f3 que el Nakba fue de hecho el holocausto palestino y que, desde ese entonces, Israel ha perpetrado masacres adicionales que pueden llamarse \u00abholocaustos\u00bb. Las cr\u00edticas contra &#8216;Abbas, agreg\u00f3, no son m\u00e1s que propaganda de las fuerzas sionistas y pro-sionistas que aprovechan el sufrimiento de las v\u00edctimas del Holocausto y desean que el mundo ignore el holocausto palestino.<\/em><\/p>\n<p><em>Lo siguiente son extractos traducidos del art\u00edculo de Abu Baker.<\/em><\/p>\n<p>\u201cEl aparato oportunista que se beneficia del sufrimiento del mundo y del sufrimiento de los inocentes jud\u00edos europeos sac\u00f3 sus armas y las apunt\u00f3 contra el presidente Mahmoud \u2018Abbas, Abu Mazen, cuando\u2026 este evoc\u00f3 la necesidad de tratar a todas las v\u00edctimas por igual y dijo que la v\u00edctima \u00e1rabe-musulmana no es diferente a la de las v\u00edctimas de la masacre y el Holocausto que el criminal Hitler perpetr\u00f3 contra los jud\u00edos alemanes y contra otros durante la guerra europea llamada la Segunda Guerra Mundial.<\/p>\n<p>\u201c\u00a1Los medios de comunicaci\u00f3n sionistas y pro-sionistas enloquecieron tratando de presentar la sangre de los jud\u00edos de todas las nacionalidades como excepcionalmente noble y sagrada! La idea de que toda la sangre humana es igual no es de su agrado. Cuando se trata de la continua matanza de palestinos, su enfoque es ignorarlo, desviar la atenci\u00f3n e incluso apoyarlo, especialmente cuando los asesinatos y masacres son de hecho perpetrados por los israel\u00edes que ocupan en estos momentos Palestina.<\/p>\n<p>\u00abLa maquinar\u00eda de propaganda sionista, calumnias y mentiras, la &#8216;industria del Holocausto&#8217; &#8211; desea que el mundo ignore el holocausto palestino, es decir, las masacres perpetradas contra los palestinos, que suman ya m\u00e1s de 50, tal como se\u00f1al\u00f3 Abu Mazen. Este estaba indignado por la flagrante discriminaci\u00f3n contra los palestinos cuando dijo que hubo &#8217;50 masacres, 50 holocaustos&#8217;. \u00a1El prop\u00f3sito de esta propaganda sionista es convencer al mundo de que los \u00e1rabes palestinos no tienen derecho a describir el Nakba y las masacres contra ellos como holocausto!&#8230;<\/p>\n<p>\u00ab\u00a1Es una verg\u00fcenza que, seg\u00fan la percepci\u00f3n del sionismo global, est\u00e9 permitido derramar sangre palestina! Es una verg\u00fcenza que se considere como permitido derramar sangre \u00e1rabe y musulmana&#8230; Nuestro hermano presidente Abu Mazen ten\u00eda raz\u00f3n cuando, durante su visita a Alemania, se enfrent\u00f3 al mundo pro-sionista, que se describe as\u00ed mismo de &#8216;libre&#8217; y dijo &#8216;basta&#8217; cuando se le pidi\u00f3 que condenara la operaci\u00f3n en M\u00fanich perpetrada en el a\u00f1o 1972. Ten\u00eda raz\u00f3n al decir que, desde el Nakba del a\u00f1o 1948 \u2013 el holocausto palestino \u2013 los israel\u00edes han perpetrado varios holocaustos adicionales en la forma de masacres repetidas. Queriendo pasar a hacer las paces, este se\u00f1al\u00f3 que el r\u00e9gimen sionista es un r\u00e9gimen de discriminaci\u00f3n racista y de apartheid.<\/p>\n<p>\u201cEl hermano Abu Mazen ten\u00eda raz\u00f3n. Solo existe un tipo de asesinato y un solo tipo de sangre. La percepci\u00f3n mutua de la gente debe tener como base la igualdad y no tener como base la discriminaci\u00f3n, independientemente de su color de piel, nacionalidad o religi\u00f3n. Un asesino es un asesino. \u00abLas masacres y los holocaustos son iguales en todas partes, independientemente de la nacionalidad contra la que estos se dirijan. Las voces sionistas extremistas que se han vuelto adictas a chantajear al mundo son el resultado de una ideolog\u00eda de discriminaci\u00f3n racista y religiosa. Esta ideolog\u00eda est\u00e1 fijada en el enga\u00f1o del &#8216;pueblo elegido jud\u00edo&#8217;, una idea; que presenta a Al\u00e1 como un agente inmobiliario racista que celosamente favorece a algunas de sus criaturas por encima de otras \u2013 una descripci\u00f3n que, por supuesto, no le conviene al creador del universo.<\/p>\n<p>\u00abEl famoso y decente escritor jud\u00edo-estadounidense Norman Finkelstein escribi\u00f3 el libro <em>The Holocaust Industry: &#8216;Reflections on the Exploitation of Jewish Suffering&#8217; &#8211; &#8216;La industria del Holocausto: Reflexiones sobre el aprovechamiento del sufrimiento jud\u00edo&#8217;<\/em> en el a\u00f1o 2000. En t\u00e9rminos generales, Finkelstein, en sus controvertidos ensayos, se enfoc\u00f3 en la masacre nazi perpetrada contra los jud\u00edos &#8211; el Holocausto &#8211; y acus\u00f3 a los historiadores y acad\u00e9micos en Occidente de fabricar hechos hist\u00f3ricos para defender la pol\u00edtica y acciones de la ocupaci\u00f3n sionista. El libro provoc\u00f3 gran esc\u00e1ndalo al afirmar que Israel utiliza el Holocausto para obtener para s\u00ed mismo beneficios materiales&#8230;<\/p>\n<p>\u00abFinkelstein sostuvo con raz\u00f3n que el historial de derechos humanos de Israel es incomparablemente atroz&#8230; El verdadero mundo libre est\u00e1 de acuerdo con esta postura y esto es tambi\u00e9n lo que expres\u00f3 Abu Mazen en sus declaraciones hechas el 16 de agosto, 2022 en Berl\u00edn, cuando expres\u00f3 su enojo por la discriminaci\u00f3n contra los \u00e1rabes y palestinos y por la idea de que solo la sangre jud\u00eda es sagrada.<\/p>\n<p>\u201cLos israel\u00edes estaban furiosos con el hermano Abu Mazen y sus justificados comentarios sobre la igualdad de sangre y dirigieron sus extensas injurias en su contra, calificando sus declaraciones de &#8216;vergonzosas&#8217;, &#8216;condenables&#8217;, infames&#8217;, etc. Lo hicieron incluso siendo \u00e9l el l\u00edder palestino que hizo m\u00e1s propuestas pac\u00edficas hacia ellos que cualquier otro &#8211; al punto de obligar a todas las organizaciones palestinas a adoptar la resistencia popular pac\u00edfica como el \u00fanico medio y m\u00e9todo para librar la resistencia. Entonces, \u00bfc\u00f3mo pueden estos racistas extremistas radicales, que desde los albores de la historia han santificado la sangre azul jud\u00eda sobre la sangre roja de los no-jud\u00edos, comprender el hecho de que toda sangre humana es una sola?\u00bb<\/p>\n<hr \/>\n<p><a href=\"#_ednref1\" name=\"_edn1\">[1]<\/a> Cabe se\u00f1alar que el funcionario de Fatah Muhammad &#8216;Odeh, tambi\u00e9n conocido como Abu Daoud, escribi\u00f3 en su autobiograf\u00eda que &#8216;Abbas estuvo a cargo de obtener los fondos para el ataque, una afirmaci\u00f3n que &#8216;Abbas ha negado rotundamente.<\/p>\n<p><a href=\"#_ednref2\" name=\"_edn2\">[2]<\/a> Dw.com\/ar, 16 de agosto, 2022.<\/p>\n<p><a href=\"#_ednref3\" name=\"_edn3\">[3]<\/a> En respuesta a las cr\u00edticas, &#8216;Abbas emiti\u00f3 una aclaraci\u00f3n, en la que dijo que el Holocausto es el crimen m\u00e1s atroz de la historia moderna y que no pretend\u00eda negar su singularidad, pero a\u00f1adi\u00f3 que desde que sucedi\u00f3 el Nakba, las fuerzas israel\u00edes han seguido perpetrando masacres contra el pueblo palestino. Wafa.ps, 17 de agosto. 2022.<\/p>\n<p><a href=\"#_ednref4\" name=\"_edn4\">[4]<\/a> V\u00e9ase el informe de MEMRI &#8211; L\u00edder palestino: El n\u00famero de v\u00edctimas jud\u00edas en el Holocausto pudiera ser &#8216;incluso menos de un mill\u00f3n&#8230;&#8217; El movimiento sionista colabor\u00f3 ??con los nazis para &#8216;expandir el exterminio masivo&#8217; de jud\u00edos, 31 de mayo, 2002. La televisi\u00f3n palestina transmiti\u00f3 incluso un programa sobre la tesis doctoral y el libro de &#8216;Abbas. V\u00e9ase el video del portal MEMRI TV No. 6688 &#8211; Televisi\u00f3n de la Autoridad Palestina elogia la tesis de doctorado en negaci\u00f3n del Holocausto del presidente Abbas y los ataques terroristas lanzados desde el L\u00edbano, 20 de julio, 2018.<\/p>\n<p><a href=\"#_ednref5\" name=\"_edn5\">[5]<\/a> V\u00e9ase el segmento de video del portal\u00a0 MEMRI TV No. 9551 &#8211; Presidente de la Autoridad Palestina Mahmoud Abbas: El Holocausto y las masacres de los jud\u00edos europeos fue por su funci\u00f3n en la sociedad de usureros; Hitler lleg\u00f3 a un acuerdo con los jud\u00edos, 2 de mayo, 2018.<\/p>\n","protected":false},"excerpt":{"rendered":"<p>El d\u00eda 16 de agosto del presente a\u00f1o 2022, el presidente de la Autoridad Palestina y l\u00edder de Fatah Mahmoud &#8216;Abbas, se reuni\u00f3 en Berl\u00edn con el canciller alem\u00e1n Olaf Scholz como parte de una visita oficial realizada a Alemania. Al cierre de la conferencia de prensa conjunta de los dos l\u00edderes, se le pregunt\u00f3 [&hellip;]<\/p>\n","protected":false},"author":1,"featured_media":61519,"comment_status":"open","ping_status":"open","sticky":false,"template":"","format":"standard","meta":{"footnotes":""},"categories":[18,2,23],"tags":[],"class_list":["post-61518","post","type-post","status-publish","format-standard","has-post-thumbnail","hentry","category-paises","category-featured","category-autoridad-palestina"],"_links":{"self":[{"href":"https:\/\/www2.memri.org\/espanol\/wp-json\/wp\/v2\/posts\/61518","targetHints":{"allow":["GET"]}}],"collection":[{"href":"https:\/\/www2.memri.org\/espanol\/wp-json\/wp\/v2\/posts"}],"about":[{"href":"https:\/\/www2.memri.org\/espanol\/wp-json\/wp\/v2\/types\/post"}],"author":[{"embeddable":true,"href":"https:\/\/www2.memri.org\/espanol\/wp-json\/wp\/v2\/users\/1"}],"replies":[{"embeddable":true,"href":"https:\/\/www2.memri.org\/espanol\/wp-json\/wp\/v2\/comments?post=61518"}],"version-history":[{"count":0,"href":"https:\/\/www2.memri.org\/espanol\/wp-json\/wp\/v2\/posts\/61518\/revisions"}],"wp:featuredmedia":[{"embeddable":true,"href":"https:\/\/www2.memri.org\/espanol\/wp-json\/wp\/v2\/media\/61519"}],"wp:attachment":[{"href":"https:\/\/www2.memri.org\/espanol\/wp-json\/wp\/v2\/media?parent=61518"}],"wp:term":[{"taxonomy":"category","embeddable":true,"href":"https:\/\/www2.memri.org\/espanol\/wp-json\/wp\/v2\/categories?post=61518"},{"taxonomy":"post_tag","embeddable":true,"href":"https:\/\/www2.memri.org\/espanol\/wp-json\/wp\/v2\/tags?post=61518"}],"curies":[{"name":"wp","href":"https:\/\/api.w.org\/{rel}","templated":true}]}}