{"id":61491,"date":"2022-08-10T10:00:28","date_gmt":"2022-08-10T14:00:28","guid":{"rendered":"https:\/\/www2.memri.org\/espanol\/?p=61491"},"modified":"2022-08-11T12:51:56","modified_gmt":"2022-08-11T16:51:56","slug":"secretario-general-de-hezbola-hassan-nasrallah-ala-me-designo-para-defender-al-pueblo-libanes-estamos-listos-para-sacrificar-nuestras-almas-e-hijos-por-el-bien-de-nuestro-pais","status":"publish","type":"post","link":"https:\/\/www2.memri.org\/espanol\/secretario-general-de-hezbola-hassan-nasrallah-ala-me-designo-para-defender-al-pueblo-libanes-estamos-listos-para-sacrificar-nuestras-almas-e-hijos-por-el-bien-de-nuestro-pais\/61491","title":{"rendered":"Secretario general de Hezbol\u00e1 Hassan Nasrallah: Al\u00e1 me design\u00f3 para defender al pueblo liban\u00e9s; estamos listos para sacrificar nuestras almas e hijos por el bien de nuestro pa\u00eds"},"content":{"rendered":"<p><em>El secretario general de Hezbol\u00e1 Hassan Nasrallah dijo que fue designado por Al\u00e1 para as\u00ed defender al pueblo liban\u00e9s en un video que fue publicado en Fasl Al-Khitab en YouTube el d\u00eda 31 de julio, 2022. Nasrallah dijo lo siguiente: \u00abSomos gente que fueron designadas por Al\u00e1 porque le tememos al D\u00eda del juicio final\u00bb. Nasrallah tambi\u00e9n dijo que su pueblo est\u00e1 dispuesto a \u00absacrificar nuestras almas, a nuestros hijos y a todos los que nos son m\u00e1s queridos\u00bb por el bien del L\u00edbano y su pueblo e incluso por aquellos \u00abcuya postura es incorrecta e inapropiada\u00bb.<\/em><\/p>\n<p><strong>Para ver el video del secretario general del Hezbol\u00e1 Nasrallah, <a href=\"https:\/\/www.memri.org\/tv\/hassan-nasrallah-hizbullah-sec-gen-allah-appointed-me-to-defend-lebanon-people-sacrifice-children\">pulse aqu\u00ed<\/a> o debajo:<\/strong><\/p>\n<p><iframe src=\"https:\/\/www.memri.org\/player\/clip\/57590\/1\/1\" width=\"960\" height=\"540\" frameborder=\"0\" scrolling=\"NO\" allowfullscreen=\"allowfullscreen\"><\/iframe><\/p>\n<p><strong>\u00abDurante 40 a\u00f1os, siempre hemos estado listos&#8230; para sacrificar nuestras almas, a nuestros hijos y a todos los que nos son m\u00e1s queridos y apreciados por el bien de nuestro pa\u00eds\u00bb<\/strong><\/p>\n<p><strong>Hassan Nasrallah<\/strong>: \u00abDurante 40 a\u00f1os, siempre hemos estado listos y esta noche digo que, como siempre, estamos listos para sacrificar nuestras almas, sacrificar a nuestros hijos y a todos los que nos son queridos por el bien de nuestro pa\u00eds y nuestro pueblo liban\u00e9s en su totalidad, incluso por el bien de aquellos cuya postura es indecorosa e inapropiada. Estamos dispuestos a hacer este tremendo sacrificio.<\/p>\n<p><img loading=\"lazy\" decoding=\"async\" class=\"three-quarter-\" src=\"https:\/\/www.memri.org\/sites\/default\/files\/2022\/08\/m9737.jpg\" alt=\"\" width=\"775\" height=\"436\" \/><\/p>\n<p><img loading=\"lazy\" decoding=\"async\" class=\"three-quarter-\" src=\"https:\/\/www.memri.org\/sites\/default\/files\/2022\/08\/m9737a.png\" alt=\"\" width=\"775\" height=\"435\" \/><\/p>\n<p><img loading=\"lazy\" decoding=\"async\" class=\"three-quarter-\" src=\"https:\/\/www.memri.org\/sites\/default\/files\/2022\/08\/m9737b.png\" alt=\"\" width=\"763\" height=\"425\" \/><\/p>\n<p><img loading=\"lazy\" decoding=\"async\" class=\"three-quarter-\" src=\"https:\/\/www.memri.org\/sites\/default\/files\/2022\/08\/m9737c.png\" alt=\"\" width=\"809\" height=\"452\" \/><\/p>\n<p><strong>\u00ab\u00bfQui\u00e9n me nombr\u00f3? Al\u00e1 lo hizo&#8230; somos aquellos quienes fuimos designados por Al\u00e1\u00bb<\/strong><\/p>\n<p>\u00ab\u00bfQui\u00e9n me nombr\u00f3, preguntan? Basta. \u00bfTe llamas a ti mismo ser humano? \u00bfQui\u00e9n me nombr\u00f3? Al\u00e1 lo hizo. \u00bfQui\u00e9n te nombr\u00f3 a ti? Al\u00e1 me design\u00f3 a m\u00ed. Somos gente designada por Al\u00e1, porque le tememos al D\u00eda del juicio final\u00bb. Le tememos a Al\u00e1 en el D\u00eda del juicio final. Creemos que en el D\u00eda del juicio final, Al\u00e1 no solo nos preguntar\u00e1 si rezamos, ayunamos, peregrinamos, le\u00edmos el Cor\u00e1n, cargamos con nosotros el rosario de masbaha, etc.<\/p>\n<p><img loading=\"lazy\" decoding=\"async\" class=\"three-quarter-\" src=\"https:\/\/www.memri.org\/sites\/default\/files\/2022\/08\/m9737d.png\" alt=\"\" width=\"774\" height=\"434\" \/><\/p>\n<p><img loading=\"lazy\" decoding=\"async\" class=\"three-quarter-\" src=\"https:\/\/www.memri.org\/sites\/default\/files\/2022\/08\/m9737e.png\" alt=\"\" width=\"793\" height=\"446\" \/><\/p>\n<p>\u201c\u00c9l nos preguntar\u00e1 sobre la gente, su honor, su vida, su defensa, su seguridad y muchas otras cosas. \u00c9l solo nos preguntar\u00e1 sobre las cosas que estaban al alcance de nuestras posibilidades, porque hay gente en el L\u00edbano que desea que hagamos cosas que est\u00e1n m\u00e1s all\u00e1 de nuestras capacidades. Al\u00e1 cre\u00f3 a sus siervos y no les pidi\u00f3 que hicieran cosas que no pueden hacer\u00bb.<\/p>\n","protected":false},"excerpt":{"rendered":"<p>El secretario general de Hezbol\u00e1 Hassan Nasrallah dijo que fue designado por Al\u00e1 para as\u00ed defender al pueblo liban\u00e9s en un video que fue publicado en Fasl Al-Khitab en YouTube el d\u00eda 31 de julio, 2022. Nasrallah dijo lo siguiente: \u00abSomos gente que fueron designadas por Al\u00e1 porque le tememos al D\u00eda del juicio final\u00bb. [&hellip;]<\/p>\n","protected":false},"author":1,"featured_media":61493,"comment_status":"open","ping_status":"open","sticky":false,"template":"","format":"standard","meta":{"footnotes":""},"categories":[4,6,18,2,27],"tags":[],"class_list":["post-61491","post","type-post","status-publish","format-standard","has-post-thumbnail","hentry","category-archivos","category-comunicados-especiales","category-paises","category-featured","category-libano"],"_links":{"self":[{"href":"https:\/\/www2.memri.org\/espanol\/wp-json\/wp\/v2\/posts\/61491","targetHints":{"allow":["GET"]}}],"collection":[{"href":"https:\/\/www2.memri.org\/espanol\/wp-json\/wp\/v2\/posts"}],"about":[{"href":"https:\/\/www2.memri.org\/espanol\/wp-json\/wp\/v2\/types\/post"}],"author":[{"embeddable":true,"href":"https:\/\/www2.memri.org\/espanol\/wp-json\/wp\/v2\/users\/1"}],"replies":[{"embeddable":true,"href":"https:\/\/www2.memri.org\/espanol\/wp-json\/wp\/v2\/comments?post=61491"}],"version-history":[{"count":0,"href":"https:\/\/www2.memri.org\/espanol\/wp-json\/wp\/v2\/posts\/61491\/revisions"}],"wp:featuredmedia":[{"embeddable":true,"href":"https:\/\/www2.memri.org\/espanol\/wp-json\/wp\/v2\/media\/61493"}],"wp:attachment":[{"href":"https:\/\/www2.memri.org\/espanol\/wp-json\/wp\/v2\/media?parent=61491"}],"wp:term":[{"taxonomy":"category","embeddable":true,"href":"https:\/\/www2.memri.org\/espanol\/wp-json\/wp\/v2\/categories?post=61491"},{"taxonomy":"post_tag","embeddable":true,"href":"https:\/\/www2.memri.org\/espanol\/wp-json\/wp\/v2\/tags?post=61491"}],"curies":[{"name":"wp","href":"https:\/\/api.w.org\/{rel}","templated":true}]}}