{"id":61475,"date":"2022-08-04T12:55:41","date_gmt":"2022-08-04T16:55:41","guid":{"rendered":"https:\/\/www2.memri.org\/espanol\/?p=61475"},"modified":"2022-08-08T19:34:05","modified_gmt":"2022-08-08T23:34:05","slug":"sermon-de-los-viernes-en-la-gran-mezquita-de-meca-dado-por-el-imam-saleh-bin-al-humayd-oh-ala-aniquila-a-los-judios-nos-refugiamos-en-ala-ante-su-maldad","status":"publish","type":"post","link":"https:\/\/www2.memri.org\/espanol\/sermon-de-los-viernes-en-la-gran-mezquita-de-meca-dado-por-el-imam-saleh-bin-al-humayd-oh-ala-aniquila-a-los-judios-nos-refugiamos-en-ala-ante-su-maldad\/61475","title":{"rendered":"Serm\u00f3n de los viernes en la gran mezquita de Meca dado por el imam Saleh bin Al-Humayd: Oh Al\u00e1, aniquila a los jud\u00edos; nos refugiamos en Al\u00e1 ante su maldad"},"content":{"rendered":"<p><em>En un serm\u00f3n de los viernes pronunciado en la gran mezquita de Meca, el imam Saleh bin Al-Humayd le rez\u00f3 a Al\u00e1 para que \u00abtraiga la aniquilaci\u00f3n de los saqueadores y ocupantes jud\u00edos\u00bb y proteja a los musulmanes de su maldad. El video del serm\u00f3n fue publicado en el canal YouTube Al-Kalam Al-Tayyib el d\u00eda 29 de julio del presente a\u00f1o 2022. Cabe se\u00f1alar que recientemente, un periodista jud\u00edo israel\u00ed desafi\u00f3 la prohibici\u00f3n que poseen los no-musulmanes para ingresar a La Meca y se col\u00f3 dentro de la ciudad, lo que provoc\u00f3 una verdadera controversia.<\/em><\/p>\n<p><strong>Para ver el video del serm\u00f3n en Meca pronunciado por el imam Saleh bin Al-Humayd, <a href=\"https:\/\/www.memri.org\/tv\/friday-sermon-grand-mosque-mecca-oh-allah-annihilate-evil-jews\">pulse aqu\u00ed<\/a> o debajo:<\/strong><\/p>\n<p><iframe src=\"https:\/\/www.memri.org\/player\/clip\/57499\/780,440\/1\" width=\"780\" height=\"440\" frameborder=\"0\"><\/iframe><\/p>\n<p><strong>\u00abOh Al\u00e1&#8230; Humilla al polite\u00edsmo y a los polite\u00edstas y dales la espalda a los tiranos, a los ateos y a todos los dem\u00e1s enemigos del islam\u00bb<\/strong><\/p>\n<p><strong>Imam Saleh bin Al-Humayd<\/strong>: \u00abOh, Al\u00e1, danos fuerza al islam y a los musulmanes, humilla al polite\u00edsmo y a los polite\u00edstas y dales la espalda a los tiranos, a los ateos y a todos los dem\u00e1s enemigos del islam.<\/p>\n<p><img decoding=\"async\" class=\"three-quarter-size-image\" src=\"https:\/\/www.memri.org\/sites\/default\/files\/2022\/MTV9721.jpg\" alt=\"\" \/><\/p>\n<p><img decoding=\"async\" class=\"three-quarter-size-image\" src=\"https:\/\/www.memri.org\/sites\/default\/files\/2022\/MTV97211.jpg\" alt=\"\" \/><\/p>\n<p><img decoding=\"async\" class=\"three-quarter-size-image\" src=\"https:\/\/www.memri.org\/sites\/default\/files\/2022\/MTV97212.jpg\" alt=\"\" \/><\/p>\n<p><strong>\u00abOh Al\u00e1, trae prontamente la aniquilaci\u00f3n sobre los saqueadores y ocupantes jud\u00edos\u00bb<\/strong><\/p>\n<p>\u00abOh Al\u00e1, trae prontamente la aniquilaci\u00f3n sobre los saqueadores y ocupantes jud\u00edos, porque no son rivales para Ti Oh Al\u00e1, trae sobre ellos Tu castigo, del cual los criminales no pueden escapar. Oh Al\u00e1, Te hacemos nuestro escudo en contra de ellos y nos refugiamos en ti ante su maldad\u00bb.<\/p>\n<p><img decoding=\"async\" class=\"three-quarter-size-image\" src=\"https:\/\/www.memri.org\/sites\/default\/files\/2022\/MTV97213.jpg\" alt=\"\" \/><\/p>\n","protected":false},"excerpt":{"rendered":"<p>En un serm\u00f3n de los viernes pronunciado en la gran mezquita de Meca, el imam Saleh bin Al-Humayd le rez\u00f3 a Al\u00e1 para que \u00abtraiga la aniquilaci\u00f3n de los saqueadores y ocupantes jud\u00edos\u00bb y proteja a los musulmanes de su maldad. El video del serm\u00f3n fue publicado en el canal YouTube Al-Kalam Al-Tayyib el d\u00eda [&hellip;]<\/p>\n","protected":false},"author":1,"featured_media":61481,"comment_status":"open","ping_status":"open","sticky":false,"template":"","format":"standard","meta":{"footnotes":""},"categories":[4,6,2],"tags":[],"class_list":["post-61475","post","type-post","status-publish","format-standard","has-post-thumbnail","hentry","category-archivos","category-comunicados-especiales","category-featured"],"_links":{"self":[{"href":"https:\/\/www2.memri.org\/espanol\/wp-json\/wp\/v2\/posts\/61475","targetHints":{"allow":["GET"]}}],"collection":[{"href":"https:\/\/www2.memri.org\/espanol\/wp-json\/wp\/v2\/posts"}],"about":[{"href":"https:\/\/www2.memri.org\/espanol\/wp-json\/wp\/v2\/types\/post"}],"author":[{"embeddable":true,"href":"https:\/\/www2.memri.org\/espanol\/wp-json\/wp\/v2\/users\/1"}],"replies":[{"embeddable":true,"href":"https:\/\/www2.memri.org\/espanol\/wp-json\/wp\/v2\/comments?post=61475"}],"version-history":[{"count":0,"href":"https:\/\/www2.memri.org\/espanol\/wp-json\/wp\/v2\/posts\/61475\/revisions"}],"wp:featuredmedia":[{"embeddable":true,"href":"https:\/\/www2.memri.org\/espanol\/wp-json\/wp\/v2\/media\/61481"}],"wp:attachment":[{"href":"https:\/\/www2.memri.org\/espanol\/wp-json\/wp\/v2\/media?parent=61475"}],"wp:term":[{"taxonomy":"category","embeddable":true,"href":"https:\/\/www2.memri.org\/espanol\/wp-json\/wp\/v2\/categories?post=61475"},{"taxonomy":"post_tag","embeddable":true,"href":"https:\/\/www2.memri.org\/espanol\/wp-json\/wp\/v2\/tags?post=61475"}],"curies":[{"name":"wp","href":"https:\/\/api.w.org\/{rel}","templated":true}]}}