{"id":61470,"date":"2022-08-03T12:47:48","date_gmt":"2022-08-03T16:47:48","guid":{"rendered":"https:\/\/www2.memri.org\/espanol\/?p=61470"},"modified":"2022-08-04T12:52:45","modified_gmt":"2022-08-04T16:52:45","slug":"editoriales-en-diarios-paquistanies-en-referencia-al-asesinato-del-lider-de-al-qaeda-ayman-al-zawahiri-podemos-entonces-esperar-una-politica-mas-persistente-de-ataques-estadounidenses-contra","status":"publish","type":"post","link":"https:\/\/www2.memri.org\/espanol\/editoriales-en-diarios-paquistanies-en-referencia-al-asesinato-del-lider-de-al-qaeda-ayman-al-zawahiri-podemos-entonces-esperar-una-politica-mas-persistente-de-ataques-estadounidenses-contra\/61470","title":{"rendered":"Editoriales en diarios paquistan\u00edes en referencia al asesinato del l\u00edder de Al-Qaeda Ayman Al-Zawahiri: &#8216;\u00bfPodemos entonces esperar una pol\u00edtica m\u00e1s persistente de ataques estadounidenses contra Afganist\u00e1n?&#8217;; &#8216;hasta que&#8230; se aborden los temas centrales en Cachemira y Palestina, seguir\u00e1n surgiendo muchos m\u00e1s zawahiris&#8217;"},"content":{"rendered":"<p><em>Tras ocurrir el asesinato del l\u00edder de Al-Qaeda Ayman Al-Zawahiri en un ataque estadounidense utilizando drones el 31 de julio del presente a\u00f1o 2022 en la ciudad de Kabul, los diarios pakistan\u00edes escribieron sus editoriales junto a reacciones mixtas por la eliminaci\u00f3n del cerebro del terrorismo yihadista.<\/em><a href=\"#_edn1\" name=\"_ednref1\">[1]<\/a> <em>Los editoriales titulados \u00abEl fin de Zawahiri\u00bb y \u00abEl final de Zawahiri\u00bb en los diarios en ingl\u00e9s The News y Dawn, respectivamente, se\u00f1alaron que el Emirato Isl\u00e1mico de Afganist\u00e1n (la organizaci\u00f3n yihadista de los talibanes afganos hoy d\u00eda en el poder) ha seguido albergando y protegiendo a Al-Qaeda, el cual amenaza a la regi\u00f3n.<\/em><\/p>\n<p><img decoding=\"async\" class=\"half-size-image\" src=\"https:\/\/www.memri.org\/sites\/default\/files\/2022\/SD101182.jpg\" alt=\"\" \/><\/p>\n<p><strong>\u00abEl terrorismo es una amenaza global, pero la presencia de los l\u00edderes de Al-Qaeda en Afganist\u00e1n tambi\u00e9n es una amenaza para la regi\u00f3n; Pakist\u00e1n deber\u00e1 ser cada vez m\u00e1s vigilante\u00bb<\/strong><\/p>\n<p><em>Lo siguiente son extractos del editorial en el diario The News:<\/em><\/p>\n<p>\u00abAhora est\u00e1 en el tapete el tema del impacto que tendr\u00e1 este ataque con drones en la regi\u00f3n. Los talibanes condenaron el ataque con drones y lo calificaron de &#8216;clara violaci\u00f3n&#8217; al acuerdo Doha por parte de las autoridades estadounidenses. Por otro lado, el secretario de Estado estadounidense Antony Blinken ha acusado a los talibanes de &#8216;acoger y albergar&#8217; a Al-Zawahiri en Afganist\u00e1n y de violar &#8216;groseramente&#8217; el acuerdo Doha.<\/p>\n<p>\u201cLos talibanes tambi\u00e9n han invocado los principios internacionales y han dicho que tales acciones van \u2018en contra de los intereses de los Estados Unidos, Afganist\u00e1n y de la regi\u00f3n\u2019. Durante mucho tiempo, los ataques con drones estadounidenses tambi\u00e9n han llevado a una mayor militancia en la regi\u00f3n. Estados Unidos dice que no hubo otras v\u00edctimas en el ataque que acab\u00f3 con la vida de Zawahiri&#8230;<\/p>\n<p>\u00abEl otro tema que surge es si eso significa que los talibanes en Afganist\u00e1n est\u00e1n protegiendo una vez m\u00e1s a los l\u00edderes de Al-Qaeda tal como lo hicieron durante su mandato anterior en el poder antes del a\u00f1o 2001. Si este es el caso, \u00bfpodemos esperar una pol\u00edtica mucho m\u00e1s persistente a los ataques de Estados Unidos en Afganist\u00e1n? \u00bfY tiene intenci\u00f3n Estados Unidos de participar en la &#8216;guerra contra el terrorismo&#8217; en Afganist\u00e1n luego de su retirada de los cielos? Por el momento, no sabemos si se han localizado otros objetivos de Al-Qaeda en Afganist\u00e1n y el c\u00f3mo Estados Unidos responder\u00e1 si estos se encuentran, o si la pol\u00edtica de ataques con drones se expande de alguna manera.<\/p>\n<p>\u00abEs desafortunado que un pa\u00eds que lucha contra la pobreza, la sequ\u00eda, el hambre y muchos otros problemas, est\u00e9 bajo un r\u00e9gimen que puede haber estado &#8216;albergando&#8217; a un terrorista buscado en su suelo cuando necesita que la comunidad internacional est\u00e9 de su lado para que pueda brind\u00e1rsele algo de alivio a su acosado pueblo. El terrorismo es una amenaza global, pero la presencia de los l\u00edderes de Al-Qaeda en Afganist\u00e1n tambi\u00e9n es una amenaza para la regi\u00f3n. Pakist\u00e1n deber\u00e1 estar cada vez m\u00e1s alerta y vigilante\u00bb.<\/p>\n<p><strong>\u00abEl asesinato de Zawahiri no deber\u00eda verse como una gran victoria contra el terrorismo, principalmente debido a la naturaleza en gran parte inactiva de Al-Qaeda\u00bb<\/strong><\/p>\n<p><em>Lo siguiente son extractos del editorial en el diario Dawn:<\/em><\/p>\n<p>\u00abAyman Al-Zawahiri&#8230; fue uno de los rostros m\u00e1s reconocibles en el mundo del yihadismo transnacional. Sin embargo, el Al-Qaeda de Zawahiri lider\u00f3 luego que el asesinato de su jefe Osama bin Laden, perdi\u00f3 gran parte de su impacto y fue reemplazado por incluso m\u00e1s preocupaciones sanguinarias, tales como el autodenominado grupo Estado Isl\u00e1mico (EIIS).<\/p>\n<p>\u00abSe cree que el supuesto m\u00e9dico egipcio convertido en terrorista fue uno de los ide\u00f3logos clave de Al-Qaeda. Por m\u00e1s significativo que sea, el asesinato de Zawahiri no debe verse como una gran victoria en contra del terrorismo, principalmente debido a la naturaleza en gran medida latente de Al-Qaeda, as\u00ed como tambi\u00e9n la presencia de grupos a\u00fan m\u00e1s violentos en Afganist\u00e1n.<\/p>\n<figure style=\"width: 752px\" class=\"wp-caption alignnone\"><img loading=\"lazy\" decoding=\"async\" class=\"half-size-image\" src=\"https:\/\/www.memri.org\/sites\/default\/files\/2022\/SD101183.jpg\" alt=\"La casa donde muri\u00f3 Ayman Al-Zawahiri en un ataque con drones estadounidenses\" width=\"752\" height=\"478\" \/><figcaption class=\"wp-caption-text\">La casa donde muri\u00f3 Ayman Al-Zawahiri en un ataque con drones estadounidenses<\/figcaption><\/figure>\n<p>\u201cEl asesinato tambi\u00e9n plantea interrogantes sobre el compromiso de los talibanes afganos a no-albergar a terroristas extranjeros, luego que Estados Unidos se retirara de Afganist\u00e1n el a\u00f1o pasado, los gobernantes talibanes afganos de facto en Kabul prometieron que su tierra no ser\u00eda usada contra otros. El hecho de que el jefe de Al Qaeda fuese encontrado y atacado en un hogar seguro en Kabul (informes de inteligencia anteriores indicaron que Zawahiri operaba en Afganist\u00e1n sin ning\u00fan tipo de obst\u00e1culos) expone la promesa vac\u00eda de los talibanes. Parece ser que los talibanes no han aprendido nada de la historia, ya que su anterior r\u00e9gimen tambi\u00e9n fue destituido por albergar a Al Qaeda.<\/p>\n<p>\u00abAdem\u00e1s, la presencia global de grupos a\u00fan m\u00e1s fan\u00e1ticos que Al-Qaeda muestra que las actuales pol\u00edticas anti-terroristas no est\u00e1n dando los resultados deseados. Si bien no existen dudas de que el contra-terrorismo tiene un aspecto militar y no se puede permitir que militantes violentos operen libremente, muchos de los temas subrayados anteriormente no han sido abordados. Estos incluyen la continua indecisi\u00f3n sobre los temas pertinentes a Cachemira y Palestina, la ocupaci\u00f3n de tierras musulmanas por parte de potencias extranjeras, as\u00ed como tambi\u00e9n los reg\u00edmenes autoritarios que dominan la mayor\u00eda de los estados musulmanes. En cuanto a algunas cuentas Zawahiri se dej\u00f3 llevar por al extremismo luego de ser torturado en las prisiones egipcias. Hasta que no se abordan estos temas fundamentales, seguir\u00e1n surgiendo much\u00edsimos m\u00e1s zawahiris\u00bb.<\/p>\n<hr \/>\n<p><a href=\"#_ednref1\" name=\"_edn1\">[1]<\/a> Dawn.com\/news\/1702999\/zawahiris-end, 3 de agosto, 2022; Thenews.com.pk\/print\/979138-end-of-zawahiri, 3 de agosto, 2022. El ingl\u00e9s en el escrito original de los editoriales ha sido editado ligeramente para mayor claridad y comprensi\u00f3n.<\/p>\n","protected":false},"excerpt":{"rendered":"<p>Tras ocurrir el asesinato del l\u00edder de Al-Qaeda Ayman Al-Zawahiri en un ataque estadounidense utilizando drones el 31 de julio del presente a\u00f1o 2022 en la ciudad de Kabul, los diarios pakistan\u00edes escribieron sus editoriales junto a reacciones mixtas por la eliminaci\u00f3n del cerebro del terrorismo yihadista.[1] Los editoriales titulados \u00abEl fin de Zawahiri\u00bb y [&hellip;]<\/p>\n","protected":false},"author":1,"featured_media":61472,"comment_status":"open","ping_status":"open","sticky":false,"template":"","format":"standard","meta":{"footnotes":""},"categories":[4,6,2],"tags":[],"class_list":["post-61470","post","type-post","status-publish","format-standard","has-post-thumbnail","hentry","category-archivos","category-comunicados-especiales","category-featured"],"_links":{"self":[{"href":"https:\/\/www2.memri.org\/espanol\/wp-json\/wp\/v2\/posts\/61470","targetHints":{"allow":["GET"]}}],"collection":[{"href":"https:\/\/www2.memri.org\/espanol\/wp-json\/wp\/v2\/posts"}],"about":[{"href":"https:\/\/www2.memri.org\/espanol\/wp-json\/wp\/v2\/types\/post"}],"author":[{"embeddable":true,"href":"https:\/\/www2.memri.org\/espanol\/wp-json\/wp\/v2\/users\/1"}],"replies":[{"embeddable":true,"href":"https:\/\/www2.memri.org\/espanol\/wp-json\/wp\/v2\/comments?post=61470"}],"version-history":[{"count":0,"href":"https:\/\/www2.memri.org\/espanol\/wp-json\/wp\/v2\/posts\/61470\/revisions"}],"wp:featuredmedia":[{"embeddable":true,"href":"https:\/\/www2.memri.org\/espanol\/wp-json\/wp\/v2\/media\/61472"}],"wp:attachment":[{"href":"https:\/\/www2.memri.org\/espanol\/wp-json\/wp\/v2\/media?parent=61470"}],"wp:term":[{"taxonomy":"category","embeddable":true,"href":"https:\/\/www2.memri.org\/espanol\/wp-json\/wp\/v2\/categories?post=61470"},{"taxonomy":"post_tag","embeddable":true,"href":"https:\/\/www2.memri.org\/espanol\/wp-json\/wp\/v2\/tags?post=61470"}],"curies":[{"name":"wp","href":"https:\/\/api.w.org\/{rel}","templated":true}]}}