{"id":61453,"date":"2022-08-01T15:56:45","date_gmt":"2022-08-01T19:56:45","guid":{"rendered":"https:\/\/www2.memri.org\/espanol\/?p=61453"},"modified":"2022-08-02T16:13:21","modified_gmt":"2022-08-02T20:13:21","slug":"video-afiliado-al-cgri-irani-en-la-red-cuando-despertaran-las-bombas-atomicas-de-iran-nosotros-podemos-hacer-realidad-la-pesadilla-de-israel-nuestros-misiles-pueden-convertir-la-ciudad-de-nue","status":"publish","type":"post","link":"https:\/\/www2.memri.org\/espanol\/video-afiliado-al-cgri-irani-en-la-red-cuando-despertaran-las-bombas-atomicas-de-iran-nosotros-podemos-hacer-realidad-la-pesadilla-de-israel-nuestros-misiles-pueden-convertir-la-ciudad-de-nue\/61453","title":{"rendered":"Video afiliado al CGRI iran\u00ed en la red: \u00bfCu\u00e1ndo despertar\u00e1n las bombas at\u00f3micas de Ir\u00e1n? Nosotros podemos hacer realidad la pesadilla de Israel, nuestros misiles pueden convertir la ciudad de Nueva York en un infernal mont\u00f3n de escombros"},"content":{"rendered":"<p><em>Seg\u00fan varios informes de noticias, el canal medi\u00e1tico Bisimchi en la aplicaci\u00f3n Telegram, que seg\u00fan informes en los medios de comunicaci\u00f3n se encuentra afiliado al Cuerpo de la Guardia Revolucionaria Isl\u00e1mica de Ir\u00e1n (CGRI), public\u00f3 un video titulado \u00ab\u00bfCu\u00e1ndo ser\u00e1 que despertar\u00e1n de su letargo las bombas at\u00f3micas de Ir\u00e1n?\u00bb el d\u00eda 29 de julio del presente a\u00f1o 2022. El video describe el \u00abProyecto Emad\u00bb, siendo este el plan de Ir\u00e1n para transformar su programa nuclear \u00abpac\u00edfico\u00bb en un \u00abprograma militar at\u00f3mico\u00bb en caso de ocurrir un ataque israel\u00ed o perpetrado por Occidente y describe la forma en que Ir\u00e1n har\u00eda realidad la \u00abpesadilla\u00bb de Israel y de Occidente en un abrir y cerrar de ojos. Adem\u00e1s, el video dice que si la instalaci\u00f3n nuclear en Natanz, la cual es vulnerable, es objeto de un ataque, entonces las instalaciones subterr\u00e1neas de Fordo estar\u00e1n listas para la batalla y r\u00e1pidamente comenzar\u00e1n a producir armas nucleares. Adem\u00e1s, el video advierte que en el caso de que los Estados Unidos implementen \u00abmedidas hostiles\u00bb, los misiles bal\u00edsticos intercontinentales de Ir\u00e1n convertir\u00e1n a Nueva York en un \u00abmont\u00f3n de escombros infernales\u00bb.<\/em><\/p>\n<p><strong><em>Para ver el video iran\u00ed, <a href=\"https:\/\/www.memri.org\/tv\/iran-nuclear-bombs-turn-nyc-to-heap-of-rubble\">pulse aqu\u00ed<\/a> o debajo:<\/em><\/strong><\/p>\n<p><iframe src=\"https:\/\/www.memri.org\/player\/clip\/57477\/780,440\/1\" width=\"780\" height=\"440\" frameborder=\"0\"><\/iframe><\/p>\n<p><strong>\u00abEn un abrir y cerrar de ojos\u00bb, Ir\u00e1n puede transformar su \u00abprograma nuclear pac\u00edfico en un programa militar at\u00f3mico y de hecho hacer realidad la pesadilla de Israel y Occidente\u00bb<\/strong><\/p>\n<p><strong>Narrador<\/strong>: \u00abEl comienzo del enriquecimiento de uranio en las instalaciones secretas en los desiertos de Fordo ha infundido miedo y horror en los corazones de los occidentales y del r\u00e9gimen sionista. Estas instalaciones han acercado a Ir\u00e1n a solo un paso de lograr un avance nuclear y unirse a los pa\u00edses que poseen armamento nuclear.<\/p>\n<p><img decoding=\"async\" class=\"three-quarter-size-image\" src=\"https:\/\/www.memri.org\/sites\/default\/files\/2022\/MTV9718.jpg\" alt=\"\" \/><\/p>\n<p><img decoding=\"async\" class=\"three-quarter-size-image\" src=\"https:\/\/www.memri.org\/sites\/default\/files\/2022\/MTV97181.jpg\" alt=\"\" \/><\/p>\n<p>\u00abSeg\u00fan la informaci\u00f3n transmitida por el Mossad y las agencias de inteligencia en Occidente a los encabezados del r\u00e9gimen sionista, la Rep\u00fablica Isl\u00e1mica de Ir\u00e1n ha activado una cascada de centr\u00edfugas avanzadas IR-6 en sus instalaciones subterr\u00e1neas de alto secreto en Fordo y puede, en un abrir y cerrar de ojos, transformar el programa nuclear pac\u00edfico de Ir\u00e1n en un programa militar at\u00f3mico y hacer realidad la pesadilla de Israel y de Occidente.<\/p>\n<p><img decoding=\"async\" class=\"three-quarter-size-image\" src=\"https:\/\/www.memri.org\/sites\/default\/files\/2022\/MTV97184.jpg\" alt=\"\" \/><\/p>\n<p><img decoding=\"async\" class=\"three-quarter-size-image\" src=\"https:\/\/www.memri.org\/sites\/default\/files\/2022\/MTV97185.jpg\" alt=\"\" \/><\/p>\n<p><img decoding=\"async\" class=\"three-quarter-size-image\" src=\"https:\/\/www.memri.org\/sites\/default\/files\/2022\/MTV97186.jpg\" alt=\"\" \/><\/p>\n<p><img decoding=\"async\" class=\"three-quarter-size-image\" src=\"https:\/\/www.memri.org\/sites\/default\/files\/2022\/MTV97187.jpg\" alt=\"\" \/><\/p>\n<p><img decoding=\"async\" class=\"three-quarter-size-image\" src=\"https:\/\/www.memri.org\/sites\/default\/files\/2022\/MTV97188.jpg\" alt=\"\" \/><\/p>\n<p><strong>\u00abLas instalaciones nucleares en Fordo est\u00e1n ubicadas en lo m\u00e1s profundo de las monta\u00f1a; pueden soportar el impacto de una bomba nuclear; este centro garantiza toda la energ\u00eda at\u00f3mica que necesita Ir\u00e1n\u00bb<\/strong><\/p>\n<p>\u201cSeg\u00fan los servicios de inteligencia entregados a Israel por la organizaci\u00f3n de espionaje en Inglaterra, Ir\u00e1n ha acumulado suficiente material como para ensamblar una bomba at\u00f3mica y en caso de que ocurra un ataque por parte de Occidente, la misi\u00f3n de ejecutar el avance nuclear, al cual se le denomina Proyecto Emad, fue asignada a las instalaciones secretas en Fordo. Las instalaciones nucleares en Fordo est\u00e1n ubicadas en lo profundo de las monta\u00f1as, en el centro de Ir\u00e1n y pueden resistir un ataque de una \u00abbomba destructora de b\u00fankeres\u00bb, o incluso el de una bomba nuclear. Este centro garantiza el poder at\u00f3mico de Ir\u00e1n y est\u00e1 equipado con toda la infraestructura necesaria para lograr un gran avance en materia nuclear.<\/p>\n<p><img decoding=\"async\" class=\"three-quarter-size-image\" src=\"https:\/\/www.memri.org\/sites\/default\/files\/2022\/MTV97189.jpg\" alt=\"\" \/><\/p>\n<p><img decoding=\"async\" class=\"three-quarter-size-image\" src=\"https:\/\/www.memri.org\/sites\/default\/files\/2022\/MTV971810.jpg\" alt=\"\" \/><\/p>\n<p><img decoding=\"async\" class=\"three-quarter-size-image\" src=\"https:\/\/www.memri.org\/sites\/default\/files\/2022\/MTV971811.jpg\" alt=\"\" \/><\/p>\n<p><img decoding=\"async\" class=\"three-quarter-size-image\" src=\"https:\/\/www.memri.org\/sites\/default\/files\/2022\/MTV971812.jpg\" alt=\"\" \/><\/p>\n<p>\u201cDe acuerdo a las \u00f3rdenes del Centro de comando de guerra de la Rep\u00fablica Isl\u00e1mica de Ir\u00e1n, las instalaciones en Natanz son altamente vulnerables a un posible ataque por parte de Israel y Occidente, pero si un solo misil impacta contra estas instalaciones, las instalaciones en Fordo estar\u00e1n listas para la batalla y ejecutar\u00e1n el proyecto de avance nuclear por su propia cuenta, en muy poco tiempo.<\/p>\n<p>\u00abOtro tema que hace ser cauteloso a los Estados Unidos en sus posturas hacia Ir\u00e1n son los misiles intercontinentales que posee Ir\u00e1n.<\/p>\n<p><img decoding=\"async\" class=\"three-quarter-size-image\" src=\"https:\/\/www.memri.org\/sites\/default\/files\/2022\/MTV971812a.jpg\" alt=\"\" \/><\/p>\n<p><img decoding=\"async\" class=\"three-quarter-size-image\" src=\"https:\/\/www.memri.org\/sites\/default\/files\/2022\/MTV971813a.jpg\" alt=\"\" \/><\/p>\n<p>Esta tecnolog\u00eda fue lograda con la ayuda del programa espacial y en caso de una medida hostil por parte de los Estados Unidos, este le otorga a Ir\u00e1n la capacidad de convertir a Nueva York en un mont\u00f3n de escombros infernales. Este video fue producido por el grupo de medios de comunicaci\u00f3n Bisimchi\u00bb.<\/p>\n<p><img decoding=\"async\" class=\"three-quarter-size-image\" src=\"https:\/\/www.memri.org\/sites\/default\/files\/2022\/MTV971813.jpg\" alt=\"\" \/><\/p>\n<p><img decoding=\"async\" class=\"three-quarter-size-image\" src=\"https:\/\/www.memri.org\/sites\/default\/files\/2022\/MTV971814.jpg\" alt=\"\" \/><\/p>\n<p><img decoding=\"async\" class=\"three-quarter-size-image\" src=\"https:\/\/www.memri.org\/sites\/default\/files\/2022\/MTV971815.jpg\" alt=\"\" \/><\/p>\n<p>&nbsp;<\/p>\n","protected":false},"excerpt":{"rendered":"<p>Seg\u00fan varios informes de noticias, el canal medi\u00e1tico Bisimchi en la aplicaci\u00f3n Telegram, que seg\u00fan informes en los medios de comunicaci\u00f3n se encuentra afiliado al Cuerpo de la Guardia Revolucionaria Isl\u00e1mica de Ir\u00e1n (CGRI), public\u00f3 un video titulado \u00ab\u00bfCu\u00e1ndo ser\u00e1 que despertar\u00e1n de su letargo las bombas at\u00f3micas de Ir\u00e1n?\u00bb el d\u00eda 29 de julio [&hellip;]<\/p>\n","protected":false},"author":1,"featured_media":61458,"comment_status":"open","ping_status":"open","sticky":false,"template":"","format":"standard","meta":{"footnotes":""},"categories":[4,6,20,18,2],"tags":[],"class_list":["post-61453","post","type-post","status-publish","format-standard","has-post-thumbnail","hentry","category-archivos","category-comunicados-especiales","category-iran","category-paises","category-featured"],"_links":{"self":[{"href":"https:\/\/www2.memri.org\/espanol\/wp-json\/wp\/v2\/posts\/61453","targetHints":{"allow":["GET"]}}],"collection":[{"href":"https:\/\/www2.memri.org\/espanol\/wp-json\/wp\/v2\/posts"}],"about":[{"href":"https:\/\/www2.memri.org\/espanol\/wp-json\/wp\/v2\/types\/post"}],"author":[{"embeddable":true,"href":"https:\/\/www2.memri.org\/espanol\/wp-json\/wp\/v2\/users\/1"}],"replies":[{"embeddable":true,"href":"https:\/\/www2.memri.org\/espanol\/wp-json\/wp\/v2\/comments?post=61453"}],"version-history":[{"count":0,"href":"https:\/\/www2.memri.org\/espanol\/wp-json\/wp\/v2\/posts\/61453\/revisions"}],"wp:featuredmedia":[{"embeddable":true,"href":"https:\/\/www2.memri.org\/espanol\/wp-json\/wp\/v2\/media\/61458"}],"wp:attachment":[{"href":"https:\/\/www2.memri.org\/espanol\/wp-json\/wp\/v2\/media?parent=61453"}],"wp:term":[{"taxonomy":"category","embeddable":true,"href":"https:\/\/www2.memri.org\/espanol\/wp-json\/wp\/v2\/categories?post=61453"},{"taxonomy":"post_tag","embeddable":true,"href":"https:\/\/www2.memri.org\/espanol\/wp-json\/wp\/v2\/tags?post=61453"}],"curies":[{"name":"wp","href":"https:\/\/api.w.org\/{rel}","templated":true}]}}