{"id":61445,"date":"2022-08-01T13:32:27","date_gmt":"2022-08-01T17:32:27","guid":{"rendered":"https:\/\/www2.memri.org\/espanol\/?p=61445"},"modified":"2022-08-01T13:32:27","modified_gmt":"2022-08-01T17:32:27","slug":"campamentos-de-verano-de-hamas-retonos-de-jerusalen-en-gaza-ofrecen-entrenamiento-con-armas-con-el-objetivo-de-preparar-a-los-chicos-para-la-liberacion-de-palestina","status":"publish","type":"post","link":"https:\/\/www2.memri.org\/espanol\/campamentos-de-verano-de-hamas-retonos-de-jerusalen-en-gaza-ofrecen-entrenamiento-con-armas-con-el-objetivo-de-preparar-a-los-chicos-para-la-liberacion-de-palestina\/61445","title":{"rendered":"Campamentos de verano de Ham\u00e1s &#8216;Reto\u00f1os de Jerusal\u00e9n&#8217; en Gaza ofrecen entrenamiento con armas con el objetivo de preparar a los chicos para la liberaci\u00f3n de Palestina"},"content":{"rendered":"<p><em>Al igual que en a\u00f1os anteriores,<\/em><a href=\"#_edn1\" name=\"_ednref1\">[1]<\/a><em> este a\u00f1o tambi\u00e9n el movimiento Ham\u00e1s en Gaza se encuentra operando campamentos de verano para chicos y adolescentes en los que les inculcan una ideolog\u00eda extremista que defiende el yihad y la lucha armada contra Israel y tambi\u00e9n le brinda a los campistas un entrenamiento pr\u00e1ctico en el uso de las armas y otras habilidades militares. Los 500 campamentos de verano de este a\u00f1o, inaugurados el d\u00eda 23 de julio, se denominan \u00abReto\u00f1os de Jerusal\u00e9n\u00bb y asisten a unos 100.000 chicos y chicas de diversas edades. Su ceremonia de apertura principal fue llevada a cabo en el parque de diversiones Asda, construido en el lugar de un antiguo asentamiento israel\u00ed. Muhammad Farawneh, miembro del comit\u00e9 central de los campamentos, dijo en la ceremonia que celebrarlo en ese lugar, \u00aben un suelo que fue liberado de la contaminaci\u00f3n hecha por la ocupaci\u00f3n, es una se\u00f1al de que toda la tierra palestina ser\u00e1 un d\u00eda recuperada\u00bb.<\/em><a href=\"#_edn2\" name=\"_ednref2\">[2]<\/a><em> El presidente del comit\u00e9 del campamento de verano en el distrito central de Gaza Muhammad Abu Mahmoud dijo en la ceremonia de apertura en su distrito que el nombre \u00abReto\u00f1os de Jerusal\u00e9n\u00bb fue elegido \u00abpara enfatizar nuestros derechos profundamente arraigados en Jerusal\u00e9n y transmitir que la generaci\u00f3n de la liberaci\u00f3n continuar\u00e1 portando la estandarte hasta que la ocupaci\u00f3n sea eliminada de toda nuestra tierra palestina ocupada\u00bb.<\/em><a href=\"#_edn3\" name=\"_ednref3\">[3]<\/a><\/p>\n<p><em>Una delegaci\u00f3n de Ham\u00e1s que visit\u00f3 uno de los campamentos en la zona sur de Gaza, la cual incluy\u00f3 al alto funcionario Maher Sabra, as\u00ed como tambi\u00e9n al presidente del comit\u00e9 supremo de los campamentos de verano del movimiento Muhammad Abu &#8216;Askar, transmiti\u00f3 que los campamentos \u00abtienen la intenci\u00f3n de criar a una generaci\u00f3n que posee conciencia y es capaz de liberar Palestina\u00bb. Dirigi\u00e9ndose a los campistas, un miembro de la delegaci\u00f3n dijo lo siguiente: \u00abOh cachorros de le\u00f3n, ustedes son la generaci\u00f3n de la liberaci\u00f3n y con su ayuda liberaremos Al-Aqsa, si Al\u00e1 lega\u00bb.<\/em><a href=\"#_edn4\" name=\"_ednref4\">[4]<\/a><\/p>\n<p><em>Tal como en el pasado, los campamentos de verano de este a\u00f1o ponen \u00e9nfasis en el entrenamiento militar junto al de armas, as\u00ed como tambi\u00e9n en el contenido religioso y nacionalista, junto a diferentes actividades recreativas. Los campistas reciben lecciones sobre el uso y mantenimiento de varios tipos de armamentos y tambi\u00e9n utilizan simuladores de tiro para practicar el c\u00f3mo apuntar a los \u00absoldados israel\u00edes\u00bb.<\/em><\/p>\n<figure style=\"width: 600px\" class=\"wp-caption alignnone\"><img loading=\"lazy\" decoding=\"async\" class=\"half-size-image\" src=\"https:\/\/www.memri.org\/sites\/default\/files\/2022\/SD10107.jpg\" alt=\"Logotipo de los campamentos de verano (Fuente: Facebook.com\/gheras.alquds, 30 de junio, 2022)\" width=\"600\" height=\"431\" \/><figcaption class=\"wp-caption-text\">Logotipo de los campamentos de verano (Fuente: Facebook.com\/gheras.alquds, 30 de junio, 2022)<\/figcaption><\/figure>\n<p><em>Este informe presenta fotograf\u00edas de las actividades de adoctrinamiento y entrenamiento militar en los campamentos de verano de Ham\u00e1s, publicadas en la cuenta Facebook de los campamentos de verano.<\/em><a href=\"#_edn5\" name=\"_ednref5\">[5]<\/a><\/p>\n<p><strong>J\u00f3venes escuchan una lecci\u00f3n sobre armas en un campamento en Jebalia<\/strong><\/p>\n<p><img decoding=\"async\" class=\"half-size-image\" src=\"https:\/\/www.memri.org\/sites\/default\/files\/2022\/SD101071.jpg\" alt=\"\" \/><\/p>\n<p><strong>Aprendiendo a manejar rifles<\/strong><\/p>\n<p><img decoding=\"async\" class=\"half-size-image\" src=\"https:\/\/www.memri.org\/sites\/default\/files\/2022\/SD101072.jpg\" alt=\"\" \/><\/p>\n<p><img decoding=\"async\" class=\"half-size-image\" src=\"https:\/\/www.memri.org\/sites\/default\/files\/2022\/SD101073.jpg\" alt=\"\" \/><\/p>\n<p><img decoding=\"async\" class=\"half-size-image\" src=\"https:\/\/www.memri.org\/sites\/default\/files\/2022\/SD101074.jpg\" alt=\"\" \/><\/p>\n<p><strong>Aprendiendo a montar y desmontar un rifle.<\/strong><\/p>\n<p><img decoding=\"async\" class=\"half-size-image\" src=\"https:\/\/www.memri.org\/sites\/default\/files\/2022\/SD101075.jpg\" alt=\"\" \/><\/p>\n<p><img decoding=\"async\" class=\"half-size-image\" src=\"https:\/\/www.memri.org\/sites\/default\/files\/2022\/SD101076.jpg\" alt=\"\" \/><\/p>\n<p><strong>Entrenamiento con armas en un campamento de verano al norte de la Franja de Gaza; entre los espectadores se encuentra el funcionario de Ham\u00e1s Mushir Al-Masri.<\/strong><\/p>\n<p><img decoding=\"async\" class=\"half-size-image\" src=\"https:\/\/www.memri.org\/sites\/default\/files\/2022\/SD101077.jpg\" alt=\"\" \/><\/p>\n<p><img decoding=\"async\" class=\"half-size-image\" src=\"https:\/\/www.memri.org\/sites\/default\/files\/2022\/SD101078.jpg\" alt=\"\" \/><\/p>\n<p><strong>Adolescente entrena con rifle; detr\u00e1s de \u00e9l puede verse al funcionario de Ham\u00e1s Maher Sabra<\/strong><\/p>\n<p><img decoding=\"async\" class=\"half-size-image\" src=\"https:\/\/www.memri.org\/sites\/default\/files\/2022\/SD101077.jpg\" alt=\"\" \/><\/p>\n<p><img decoding=\"async\" class=\"half-size-image\" src=\"https:\/\/www.memri.org\/sites\/default\/files\/2022\/SD101078.jpg\" alt=\"\" \/><\/p>\n<p><strong>\u00abDispar\u00e1ndole a soldados\u00bb en un simulador<\/strong><\/p>\n<p class=\"MEMRISubheading2\"><img decoding=\"async\" class=\"half-size-image\" src=\"https:\/\/www.memri.org\/sites\/default\/files\/2022\/SD1010710.jpg\" alt=\"\" \/><\/p>\n<p class=\"MEMRISubheading2\"><img decoding=\"async\" class=\"half-size-image\" src=\"https:\/\/www.memri.org\/sites\/default\/files\/2022\/SD1010711.jpg\" alt=\"\" \/><\/p>\n<p class=\"MEMRISubheading2\"><img decoding=\"async\" class=\"half-size-image\" src=\"https:\/\/www.memri.org\/sites\/default\/files\/2022\/SD1010712.jpg\" alt=\"\" \/><\/p>\n<p class=\"MEMRISubheading2\"><img decoding=\"async\" class=\"half-size-image\" src=\"https:\/\/www.memri.org\/sites\/default\/files\/2022\/SD1010713.jpg\" alt=\"\" \/><\/p>\n<p class=\"MEMRISubheading2\"><img decoding=\"async\" class=\"half-size-image\" src=\"https:\/\/www.memri.org\/sites\/default\/files\/2022\/SD1010714.jpg\" alt=\"\" \/><\/p>\n<p class=\"MEMRISubheading2\"><img decoding=\"async\" class=\"half-size-image\" src=\"https:\/\/www.memri.org\/sites\/default\/files\/2022\/SD1010715.jpg\" alt=\"\" \/><\/p>\n<p class=\"MEMRISubheading2\"><img decoding=\"async\" class=\"half-size-image\" src=\"https:\/\/www.memri.org\/sites\/default\/files\/2022\/SD1010716.jpg\" alt=\"\" \/><\/p>\n<hr \/>\n<p><a href=\"#_ednref1\" name=\"_edn1\">[1]<\/a> V\u00e9ase los informes de MEMRI:<\/p>\n<p>Serie Despacho Especial No. 9417 &#8211; Campamentos de verano de Ham\u00e1s y del grupo Yihad Isl\u00e1mico en Gaza: Marco para el adoctrinamiento y entrenamiento militar yihadista &#8211; 28\/06\/21;<\/p>\n<p>Serie Despacho Especial No. 9411 &#8211; Campamentos de Ham\u00e1s para chicos y j\u00f3venes: Medio de adoctrinamiento para el yihad y el martirio, impartiendo habilidades militares &#8211; 24\/06\/21;<\/p>\n<p>Serie Investigaci\u00f3n y An\u00e1lisis No. 1428 &#8211; Durante a\u00f1os, Qatar ha financiado las escuelas de Ham\u00e1s en Gaza donde los chicos reciben entrenamiento para la utilizaci\u00f3n de armas &#8211; 19\/12\/18.<\/p>\n<hr \/>\n<p><a href=\"#_ednref2\" name=\"_edn2\">[2]<\/a> Alresalah.ps, 24 de julio, 2022.<\/p>\n<p><a href=\"#_ednref3\" name=\"_edn3\">[3]<\/a> Safa.ps, 23 de julio, 2022.<\/p>\n<p><a href=\"#_ednref4\" name=\"_edn4\">[4]<\/a> Facebook.com\/gheras.alqud, 26 de julio, 2022.<\/p>\n<p><a href=\"#_ednref5\" name=\"_edn5\">[5]<\/a> Facebook.com\/gheras.alqud, del 25 al 28 de julio, 2022.<\/p>\n","protected":false},"excerpt":{"rendered":"<p>Al igual que en a\u00f1os anteriores,[1] este a\u00f1o tambi\u00e9n el movimiento Ham\u00e1s en Gaza se encuentra operando campamentos de verano para chicos y adolescentes en los que les inculcan una ideolog\u00eda extremista que defiende el yihad y la lucha armada contra Israel y tambi\u00e9n le brinda a los campistas un entrenamiento pr\u00e1ctico en el uso [&hellip;]<\/p>\n","protected":false},"author":1,"featured_media":61446,"comment_status":"open","ping_status":"open","sticky":false,"template":"","format":"standard","meta":{"footnotes":""},"categories":[4,6,18,2,23],"tags":[],"class_list":["post-61445","post","type-post","status-publish","format-standard","has-post-thumbnail","hentry","category-archivos","category-comunicados-especiales","category-paises","category-featured","category-autoridad-palestina"],"_links":{"self":[{"href":"https:\/\/www2.memri.org\/espanol\/wp-json\/wp\/v2\/posts\/61445","targetHints":{"allow":["GET"]}}],"collection":[{"href":"https:\/\/www2.memri.org\/espanol\/wp-json\/wp\/v2\/posts"}],"about":[{"href":"https:\/\/www2.memri.org\/espanol\/wp-json\/wp\/v2\/types\/post"}],"author":[{"embeddable":true,"href":"https:\/\/www2.memri.org\/espanol\/wp-json\/wp\/v2\/users\/1"}],"replies":[{"embeddable":true,"href":"https:\/\/www2.memri.org\/espanol\/wp-json\/wp\/v2\/comments?post=61445"}],"version-history":[{"count":0,"href":"https:\/\/www2.memri.org\/espanol\/wp-json\/wp\/v2\/posts\/61445\/revisions"}],"wp:featuredmedia":[{"embeddable":true,"href":"https:\/\/www2.memri.org\/espanol\/wp-json\/wp\/v2\/media\/61446"}],"wp:attachment":[{"href":"https:\/\/www2.memri.org\/espanol\/wp-json\/wp\/v2\/media?parent=61445"}],"wp:term":[{"taxonomy":"category","embeddable":true,"href":"https:\/\/www2.memri.org\/espanol\/wp-json\/wp\/v2\/categories?post=61445"},{"taxonomy":"post_tag","embeddable":true,"href":"https:\/\/www2.memri.org\/espanol\/wp-json\/wp\/v2\/tags?post=61445"}],"curies":[{"name":"wp","href":"https:\/\/api.w.org\/{rel}","templated":true}]}}