{"id":61439,"date":"2022-07-29T14:30:51","date_gmt":"2022-07-29T18:30:51","guid":{"rendered":"https:\/\/www2.memri.org\/espanol\/?p=61439"},"modified":"2022-07-29T14:30:51","modified_gmt":"2022-07-29T18:30:51","slug":"estudioso-islamico-radicado-en-indonesia-dr-quds-al-samaraai-ala-asocio-a-los-judios-con-monos-y-cerdos-para-ensenarnos-que-solo-la-fuerza-es-eficaz-en-su-contra","status":"publish","type":"post","link":"https:\/\/www2.memri.org\/espanol\/estudioso-islamico-radicado-en-indonesia-dr-quds-al-samaraai-ala-asocio-a-los-judios-con-monos-y-cerdos-para-ensenarnos-que-solo-la-fuerza-es-eficaz-en-su-contra\/61439","title":{"rendered":"Estudioso isl\u00e1mico radicado en Indonesia Dr. Quds Al-Samaraai: Al\u00e1 asoci\u00f3 a los jud\u00edos con monos y cerdos para ense\u00f1arnos que solo la fuerza es eficaz en su contra"},"content":{"rendered":"<p><em>En un programa presentado el d\u00eda 21 de julio del presente a\u00f1o 2022 en el Canal 9 de la de televisi\u00f3n turca en \u00e1rabe afiliado a la Hermandad Musulmana, el Dr. Quds Al-Samaraai, estudioso isl\u00e1mico quien dirige el Centro internacional para el da&#8217;wah isl\u00e1mico en Indonesia, habl\u00f3 sobre la disculpa oficial dada por Israel debido a un periodista israel\u00ed quien se col\u00f3 el 18 de julio, 2022 en la ciudad santa isl\u00e1mica de La Meca, en violaci\u00f3n a la prohibici\u00f3n que tienen los no-musulmanes. El Dr. Al-Samaraai dijo que debe suponerse que la disculpa dada por Israel fue hecha de mala fe porque Al\u00e1 nos ha ense\u00f1ado a nosotros los musulmanes en el Cor\u00e1n que no se puede confiar en los jud\u00edos ni tampoco en los sionistas. Este explic\u00f3 que el Cor\u00e1n compara a los jud\u00edos con monos y cerdos, con el prop\u00f3sito de ense\u00f1arle a los musulmanes que solo la fuerza es efectiva contra los jud\u00edos y explic\u00f3 que emplear medios diplom\u00e1ticos y pol\u00edticos contra Israel y los jud\u00edos es algo in\u00fatil. M\u00e1s bien, el Dr. Al-Samaraai dijo que las naciones isl\u00e1micas solo considerar\u00e1n aceptar la disculpa de Israel cuando los israel\u00edes abandonen hasta el \u00ab\u00faltimo cent\u00edmetro\u00bb de la tierra palestina y compensen econ\u00f3micamente a los palestinos. Este agreg\u00f3: \u00abLo que fue tomado por la fuerza ser\u00e1 recuperado solo por la fuerza\u00bb.<\/em><\/p>\n<p><strong>Para ver el video del acad\u00e9mico radicado en Indonesia Quds Al-Samaraai, <a href=\"https:\/\/www.memri.org\/tv\/indonesia-islamic-scholar-reacts-israeli-sneaking-into-mecca-jews-apes-pigs-understand-only-force\">pulse aqu\u00ed<\/a> o debajo:<\/strong><\/p>\n<p><iframe src=\"https:\/\/www.memri.org\/player\/clip\/57442\/780,440\/1\" width=\"780\" height=\"440\" frameborder=\"0\"><\/iframe><\/p>\n<p><strong>El principio con los israelitas es asumir que act\u00faan de mala fe; solo consideraremos aceptar sus disculpas cuando se marchen de Palestina y paguen reparaciones<\/strong><\/p>\n<p><strong>Dr. Quds Al-Samaraai<\/strong>: \u00ab\u00bfCu\u00e1ndo aceptar\u00e1n las naciones isl\u00e1micas una disculpa de Israel? Cuando el \u00faltimo israel\u00ed abandone Palestina. Hagan lo que quieran. Personalmente, yo veo las disculpas de Israel por un periodista israel\u00ed quien se col\u00f3 en Meca. \u00abEl principio respecto a los israelitas es asumir mala fe. Nosotros no podemos interpretar esta disculpa como un acto de buena fe. El principio en su caso es asumir que est\u00e1n actuando de mala fe\u00bb.<\/p>\n<p><img decoding=\"async\" class=\"three-quarter-size-image\" src=\"https:\/\/www.memri.org\/sites\/default\/files\/2022\/MTV9714.jpg\" alt=\"\" \/><\/p>\n<p><img decoding=\"async\" class=\"three-quarter-size-image\" src=\"https:\/\/www.memri.org\/sites\/default\/files\/2022\/MTV97141.jpg\" alt=\"\" \/><\/p>\n<p><img decoding=\"async\" class=\"three-quarter-size-image\" src=\"https:\/\/www.memri.org\/sites\/default\/files\/2022\/MTV97142.jpg\" alt=\"\" \/><\/p>\n<p>[&#8230;]<\/p>\n<p>\u201c\u00bfCu\u00e1ndo aceptaremos estas disculpas? Cuando se marchen de la \u00faltima pulgada de tierra palestina, paguen reparaciones y se disculpen con nosotros, solo entonces consideraremos este tema.<\/p>\n<p>[&#8230;]<\/p>\n<p><strong>Al\u00e1 compar\u00f3 a los jud\u00edos con monos y cerdos, que solo pueden ser domesticados por la fuerza; Si uno desea restaurar lo que es suyo por derecho, emplear medios diplom\u00e1ticos y pol\u00edticos con ellos es algo in\u00fatil<\/strong><\/p>\n<p>\u201cCualquiera que desee aprender sobre la historia de Israel &#8211; especialmente de los sionistas, deber\u00eda leer el sagrado Cor\u00e1n y ver cu\u00e1ntas violaciones estos cometieron contra Al\u00e1.<\/p>\n<p>[&#8230;]<\/p>\n<p>\u00abEstos israelitas son ??los descendientes de esos antepasados.<\/p>\n<p>[&#8230;]<\/p>\n<p>\u00abAl\u00e1 nos ha mostrado un ejemplo en el sagrado Cor\u00e1n compar\u00e1ndolos con dos animales: monos y cerdos. Al\u00e1 los ha comparado con monos y cerdos. \u00bfPor qu\u00e9? Porque Al\u00e1 quiso decirnos que esos israelitas poseen ciertas caracter\u00edsticas y no obedecer\u00e1n a menos que uno utilice dos cosas&#8230; Primero, uno no puede domesticar monos y cerdos a menos que utilicen la fuerza.<\/p>\n<p><img decoding=\"async\" class=\"three-quarter-size-image\" src=\"https:\/\/www.memri.org\/sites\/default\/files\/2022\/MTV97143.jpg\" alt=\"\" \/><\/p>\n<p><img decoding=\"async\" class=\"three-quarter-size-image\" src=\"https:\/\/www.memri.org\/sites\/default\/files\/2022\/MTV97144.jpg\" alt=\"\" \/><\/p>\n<p><img decoding=\"async\" class=\"three-quarter-size-image\" src=\"https:\/\/www.memri.org\/sites\/default\/files\/2022\/MTV97145.jpg\" alt=\"\" \/><\/p>\n<p>\u00abEs como si Al\u00e1 nos estuviese diciendo: si deseas restaurar lo que es tuyo por derecho, emplear medios diplom\u00e1ticos y pol\u00edticos con ellos es algo in\u00fatil. Lo que fue tomado por la fuerza ser\u00e1 recuperado solo por la fuerza\u00bb.<\/p>\n<p><img decoding=\"async\" class=\"three-quarter-size-image\" src=\"https:\/\/www.memri.org\/sites\/default\/files\/2022\/MTV97146.jpg\" alt=\"\" \/><\/p>\n<p><img decoding=\"async\" class=\"three-quarter-size-image\" src=\"https:\/\/www.memri.org\/sites\/default\/files\/2022\/MTV97147.jpg\" alt=\"\" \/><\/p>\n<p><img decoding=\"async\" class=\"three-quarter-size-image\" src=\"https:\/\/www.memri.org\/sites\/default\/files\/2022\/MTV97148.jpg\" alt=\"\" \/><\/p>\n","protected":false},"excerpt":{"rendered":"<p>En un programa presentado el d\u00eda 21 de julio del presente a\u00f1o 2022 en el Canal 9 de la de televisi\u00f3n turca en \u00e1rabe afiliado a la Hermandad Musulmana, el Dr. Quds Al-Samaraai, estudioso isl\u00e1mico quien dirige el Centro internacional para el da&#8217;wah isl\u00e1mico en Indonesia, habl\u00f3 sobre la disculpa oficial dada por Israel debido [&hellip;]<\/p>\n","protected":false},"author":1,"featured_media":61440,"comment_status":"open","ping_status":"open","sticky":false,"template":"","format":"standard","meta":{"footnotes":""},"categories":[4,6,2],"tags":[],"class_list":["post-61439","post","type-post","status-publish","format-standard","has-post-thumbnail","hentry","category-archivos","category-comunicados-especiales","category-featured"],"_links":{"self":[{"href":"https:\/\/www2.memri.org\/espanol\/wp-json\/wp\/v2\/posts\/61439","targetHints":{"allow":["GET"]}}],"collection":[{"href":"https:\/\/www2.memri.org\/espanol\/wp-json\/wp\/v2\/posts"}],"about":[{"href":"https:\/\/www2.memri.org\/espanol\/wp-json\/wp\/v2\/types\/post"}],"author":[{"embeddable":true,"href":"https:\/\/www2.memri.org\/espanol\/wp-json\/wp\/v2\/users\/1"}],"replies":[{"embeddable":true,"href":"https:\/\/www2.memri.org\/espanol\/wp-json\/wp\/v2\/comments?post=61439"}],"version-history":[{"count":0,"href":"https:\/\/www2.memri.org\/espanol\/wp-json\/wp\/v2\/posts\/61439\/revisions"}],"wp:featuredmedia":[{"embeddable":true,"href":"https:\/\/www2.memri.org\/espanol\/wp-json\/wp\/v2\/media\/61440"}],"wp:attachment":[{"href":"https:\/\/www2.memri.org\/espanol\/wp-json\/wp\/v2\/media?parent=61439"}],"wp:term":[{"taxonomy":"category","embeddable":true,"href":"https:\/\/www2.memri.org\/espanol\/wp-json\/wp\/v2\/categories?post=61439"},{"taxonomy":"post_tag","embeddable":true,"href":"https:\/\/www2.memri.org\/espanol\/wp-json\/wp\/v2\/tags?post=61439"}],"curies":[{"name":"wp","href":"https:\/\/api.w.org\/{rel}","templated":true}]}}