{"id":61427,"date":"2022-07-26T14:33:36","date_gmt":"2022-07-26T18:33:36","guid":{"rendered":"https:\/\/www2.memri.org\/espanol\/?p=61427"},"modified":"2022-07-27T14:37:43","modified_gmt":"2022-07-27T18:37:43","slug":"iniciativa-fallida-en-crear-una-otan-en-el-medio-oriente-paises-arabes-aclaran-no-habra-alianza-militar-regional-contra-iran-buscamos-mejorar-nuestras-relaciones-con-este","status":"publish","type":"post","link":"https:\/\/www2.memri.org\/espanol\/iniciativa-fallida-en-crear-una-otan-en-el-medio-oriente-paises-arabes-aclaran-no-habra-alianza-militar-regional-contra-iran-buscamos-mejorar-nuestras-relaciones-con-este\/61427","title":{"rendered":"Iniciativa fallida en crear una OTAN en el Medio Oriente \u2013 pa\u00edses \u00e1rabes aclaran: No habr\u00e1 alianza militar regional contra Ir\u00e1n; buscamos mejorar nuestras relaciones con este"},"content":{"rendered":"<p>En las semanas previas a la visita del presidente de los Estados Unidos Joe Biden a Arabia Saudita para la Cumbre de seguridad y desarrollo en Jeda pautada desde el 16 de julio, 2022 los medios de comunicaci\u00f3n \u00e1rabes e internacionales publicaron numerosos informes que afirmaban que uno de los principales temas programados a ser discutidos en la cumbre &#8211; al que asistir\u00edan Biden y los l\u00edderes de nueve pa\u00edses \u00e1rabes \u2013 fue el establecimiento de una alianza militar regional en contra de Ir\u00e1n. Seg\u00fan los informes, esta alianza incluir\u00eda a Israel junto con los pa\u00edses \u00e1rabes moderados, entre ellos Arabia Saudita, los Emiratos \u00c1rabes Unidos, Bahr\u00e9in, Egipto y Jordania. Muchos se refer\u00edan a esta iniciativa como la creaci\u00f3n de una \u00abOTAN regional\u00bb.<a href=\"#_edn1\" name=\"_ednref1\">[1]<\/a> Las declaraciones del rey de Jordania Abdul\u00e1 II en una entrevista realizada el 24 de junio con un canal estadounidense, de que \u00e9l ser\u00eda el primero en unirse a una OTAN regional, intensificaron a\u00fan m\u00e1s el debate sobre este tema y la prensa \u00e1rabe e internacional public\u00f3 numerosos art\u00edculos respecto al tema.<\/p>\n<p>Sin embargo, a medida que se acercaba la realizaci\u00f3n de la cumbre de Jeda, los pa\u00edses \u00e1rabes comenzaron a aclarar, ya sea de manera oficial y expl\u00edcita o a trav\u00e9s de art\u00edculos en la prensa, de que no ten\u00edan intenci\u00f3n de unirse a una alianza militar regional en contra de Ir\u00e1n. Por ejemplo, antes de partir hacia la cumbre, el primer ministro iraqu\u00ed Mustaf\u00e1 Al-Kadhimi, dijo que Irak \u00abno forma parte de ninguna alianza o coalici\u00f3n en la regi\u00f3n\u00bb y que \u00abmantiene una pol\u00edtica equilibrada hacia sus vecinos y sus alrededores\u00bb.<a href=\"#_edn2\" name=\"_ednref2\">[2]<\/a> Anwar Gargash, asesor del presidente de los Emiratos \u00c1rabes Unidos, explic\u00f3 que su pa\u00eds no se unir\u00eda a tal alianza y que, de hecho, consideraba enviar un embajador a Ir\u00e1n. Los informes indican que en los d\u00edas previos a la cumbre de Jeda, Egipto y Jordania tambi\u00e9n transmitieron mensajes secretos de tranquilidad a Ir\u00e1n, a trav\u00e9s de los pa\u00edses de Irak y Om\u00e1n, en los que enfatizaron que no se unir\u00edan a una alianza regional en su contra y que no estaban interesados en escalar el conflicto con este pa\u00eds.<\/p>\n<p>Eventualmente, la cumbre de Jeda de hecho concluy\u00f3 sin ninguna menci\u00f3n a una alianza regional, ya sea con o sin Israel. Adem\u00e1s, el canciller saudita Faisal bin Farhan, declar\u00f3 al cierre de la cumbre que \u201cel di\u00e1logo y la diplomacia son la \u00fanica forma de abordar el programa nuclear iran\u00ed\u201d y que Arabia Saudita le tiende su mano a Ir\u00e1n.<\/p>\n<figure style=\"width: 865px\" class=\"wp-caption alignnone\"><img loading=\"lazy\" decoding=\"async\" src=\"https:\/\/www.memri.org\/sites\/default\/files\/2022\/IA1645.jpg\" alt=\"El presidente estadounidense Biden y los jefes de estado \u00e1rabes en la cumbre de Jeda (Fuente: Al-Jazirah, Arabia Saudita, 17 de junio, 2022)\" width=\"865\" height=\"426\" \/><figcaption class=\"wp-caption-text\">El presidente estadounidense Biden y los jefes de estado \u00e1rabes en la cumbre de Jeda (Fuente: Al-Jazirah, Arabia Saudita, 17 de junio, 2022)<\/figcaption><\/figure>\n<p>Parece ser que, si bien en alg\u00fan momento varios pa\u00edses \u00e1rabes consideraron formar una alianza regional en contra de Ir\u00e1n, una serie de consideraciones e intuiciones los llevaron a descartar la idea y a enfatizar que no buscan confrontar militarmente a este pa\u00eds. La consideraci\u00f3n principal es su comprensi\u00f3n de que la administraci\u00f3n Biden est\u00e1 comprometida con lograr un acuerdo nuclear con Ir\u00e1n y que considera la diplomacia como la mejor opci\u00f3n, si no la \u00fanica, para lidiar con el programa nuclear de Ir\u00e1n. Por lo tanto, estos pa\u00edses eval\u00faan que no pueden depender de los Estados Unidos para protegerlos de Ir\u00e1n y temen que Estados Unidos no acuda en su ayuda en caso de que suceda una confrontaci\u00f3n militar con este, al igual que no acudi\u00f3 en ayuda de Ucrania cuando fue atacado por Rusia.<\/p>\n<p>Adem\u00e1s, los pa\u00edses \u00e1rabes aparentemente temen que Estados Unidos firme un nuevo acuerdo nuclear con Ir\u00e1n que no aborde sus preocupaciones sobre la conducta de Ir\u00e1n y sus milicias en la regi\u00f3n y por ende, han considerado prudente abrir un canal directo de comunicaci\u00f3n con Ir\u00e1n, en lugar de avanzar hacia una escalada militar con este. Parece ser que estos pa\u00edses han tomado una decisi\u00f3n estrat\u00e9gica de mantener relaciones tranquilas con Ir\u00e1n y buscar el di\u00e1logo con este. De hecho, en los \u00faltimos meses se han celebrado cinco rondas de conversaciones, mediadas por Irak y Om\u00e1n, entre Arabia Saudita e Ir\u00e1n. Los Emiratos \u00c1rabes Unidos tambi\u00e9n mantienen contactos y di\u00e1logo con este pa\u00eds y, tal como ya ha sido mencionado, Egipto y Jordania han hecho lo mismo en las \u00faltimas semanas.<\/p>\n<p>Un editorial del diario qatar\u00ed en Londres <em>Al-Quds Al-Arabi<\/em>, titulado \u00ab\u00bfFracas\u00f3 la iniciativa de la &#8216;OTAN \u00e1rabe&#8217;?\u00bb, concluy\u00f3 que la iniciativa fue \u00abdetenida en seco\u00bb.<a href=\"#_edn3\" name=\"_ednref3\">[3]<\/a> El columnista del diario <em>Al-Sharq Al-Awsat<\/em> Suleiman Jawda escribi\u00f3 de manera similar, que la idea de establecer una OTAN \u00e1rabe ante Ir\u00e1n \u00abnaci\u00f3 muerta\u00bb. Seg\u00fan \u00e9l, fracas\u00f3 porque era una iniciativa estadounidense y por lo tanto, era como una planta que fue \u00abarrancada\u00bb y replantada en tierra ajena, de modo que esta se sec\u00f3 y muri\u00f3.\u201d Los pa\u00edses \u00e1rabes, agreg\u00f3, creen que la \u00fanica forma de tratar con Ir\u00e1n es a trav\u00e9s del di\u00e1logo y no de la confrontaci\u00f3n, por lo que Biden se vio obligado a llevarse de vuelta consigo la idea de una OTAN \u00e1rabe a Washington.<a href=\"#_edn4\" name=\"_ednref4\">[4]<\/a><\/p>\n<p>Este informe da un repaso a los tranquilizadores mensajes hechos por los pa\u00edses \u00e1rabes a Ir\u00e1n antes y despu\u00e9s de la cumbre de Jeda, as\u00ed como tambi\u00e9n sus declaraciones de que no se unir\u00e1n a una alianza en contra de Ir\u00e1n.<\/p>\n<p><strong>Emiratos \u00c1rabes Unidos: No seremos parte de ninguna alianza contra Ir\u00e1n; trabajamos para mejorar las relaciones con este pa\u00eds<\/strong><\/p>\n<p>Sin lugar a dudas, los Emiratos \u00c1rabes Unidos todav\u00eda ven a Ir\u00e1n como una amenaza importante, tal como lo demuestran las declaraciones hechas por altos funcionarios emirat\u00edes y los art\u00edculos de la prensa del pa\u00eds. Al mismo tiempo, en los \u00faltimos meses parece estar manteniendo relaciones tranquilas con Ir\u00e1n e incluso un di\u00e1logo constante con este pa\u00eds. Tal como se dijo, esto parece ser el resultado de una decisi\u00f3n estrat\u00e9gica tomada por los Emiratos \u00c1rabes Unidos ante la continua b\u00fasqueda hecha por la administraci\u00f3n Biden a un acuerdo nuclear con Ir\u00e1n y el rechazo de una confrontaci\u00f3n militar con este, una postura que pudiera dejar a los Emiratos \u00c1rabes Unidos expuestos ante la amenaza iran\u00ed. La postura emirat\u00ed fue reflejada en una llamada telef\u00f3nica realizada el 19 de junio entre el canciller de los Emiratos \u00c1rabes Unidos Abdul\u00e1 bin Zayed y su hom\u00f3logo iran\u00ed Hossein Amir-Abdollahian, durante la cual los dos diplom\u00e1ticos enfatizaron los intereses compartidos de sus pa\u00edses y el deseo mutuo de desarrollar las relaciones y continuar dialogando entre ellos. El canciller iran\u00ed incluso invit\u00f3 a su hom\u00f3logo emirat\u00ed a que visite Ir\u00e1n.<a href=\"#_edn5\" name=\"_ednref5\">[5]<\/a><\/p>\n<p>A medida que se acercaba la visita de Biden y la cumbre de Jeda y a medida que proliferaban los informes sobre la posibilidad de crearse una OTAN \u00e1rabe, los funcionarios emirat\u00edes comenzaron a expresar reservas sobre la idea. Por ejemplo, el d\u00eda 26 de junio, luego que el diario <em>El Wall Street Journal<\/em> informara sobre una reuni\u00f3n secreta, iniciada por Estados Unidos, celebrada en marzo en Sharm Al-Sheikh entre altos comandantes militares de Israel y los pa\u00edses \u00e1rabes, incluyendo a los Emiratos \u00c1rabes Unidos, a fin de discutir los diferentes proyectos de cooperaci\u00f3n contra las amenazas a\u00e9reas de Ir\u00e1n, los Emiratos \u00c1rabes Unidos emitieron una aclaraci\u00f3n. Esta afirm\u00f3 que los \u201cEmiratos \u00c1rabes Unidos no son parte de ninguna alianza militar regional o cooperaci\u00f3n dirigida a ning\u00fan pa\u00eds espec\u00edfico\u2026 ni posee conocimiento de ninguna discusi\u00f3n formal relacionada con dicha alianza militar regional\u201d.<a href=\"#_edn6\" name=\"_ednref6\">[6]<\/a><\/p>\n<p>En las dos semanas previas a la visita de Biden, el diario emirat\u00ed en Londres <em>Al-Arab<\/em> public\u00f3 una serie de informes y art\u00edculos que, si bien reconoc\u00edan la amenaza regional que representa Ir\u00e1n, se opon\u00edan a la idea de una alianza militar regional en su contra. Por ejemplo, el 11 de julio, el editor del diario, Haitham Al-Zubaidi public\u00f3 un art\u00edculo titulado \u201cUna OTAN \u00e1rabe causar\u00e1 m\u00e1s problemas de los que pueda resolver\u201d y el columnista &#8216;Ali Al-Sarraf escribi\u00f3 que \u201cel llamado a establecer una OTAN \u00e1rabe ante Ir\u00e1n deber\u00eda ser enterrado ahora\u201d.<a href=\"#_edn7\" name=\"_ednref7\">[7]<\/a><\/p>\n<p>El 15 de julio, un d\u00eda antes de celebrarse la cumbre de Jeda, Anwar Gargash, asesor diplom\u00e1tico del presidente emirat\u00ed, abord\u00f3 expl\u00edcitamente este tema y le dijo a los periodistas que su pa\u00eds se opon\u00eda a cualquier alianza militar regional en contra de Ir\u00e1n y que se encontraba trabajando para restablecer relaciones con este. Gargash agreg\u00f3 lo siguiente: \u00abNuestra conversaci\u00f3n con Ir\u00e1n va en camino&#8230; Estamos en el proceso de enviar a un embajador a Teher\u00e1n. Todas estas \u00e1reas de reconstrucci\u00f3n de puentes van viento en popa&#8230; Debemos reducir la escalada, encontrar soluciones y emplear una cooperaci\u00f3n econ\u00f3mica en todas las esferas\u00bb. Este se\u00f1al\u00f3 que los Emiratos \u00c1rabes Unidos todav\u00eda se ve\u00edan preocupados por las actividades regionales de Ir\u00e1n, pero que deseaban realizar esfuerzos para encontrar soluciones diplom\u00e1ticas. Cuando se le pregunt\u00f3 sobre la opci\u00f3n de una alianza contra Ir\u00e1n, este respondi\u00f3 que una OTAN \u00e1rabe era un concepto \u00abte\u00f3rico\u00bb y que la confrontaci\u00f3n no era una opci\u00f3n para su pa\u00eds y agreg\u00f3: \u00abEstamos abiertos a la cooperaci\u00f3n, pero no a una cooperaci\u00f3n dirigida a alg\u00fan otro pa\u00eds de la regi\u00f3n y menciono espec\u00edficamente a Ir\u00e1n\u00bb. Los Emiratos \u00c1rabes Unidos no formar\u00e1n parte de ning\u00fan grupo de pa\u00edses que ven la confrontaci\u00f3n como una directiva\u201d. Este aclar\u00f3 que los Emiratos \u00c1rabes Unidos pudieran ser parte de cualquier cosa que los proteja de posibles drones y misiles, siempre que no tenga en la mira a un tercer pa\u00eds.<a href=\"#_edn8\" name=\"_ednref8\">[8]<\/a><\/p>\n<p>Los art\u00edculos publicados en la prensa de los Emiratos \u00c1rabes Unidos luego de celebrarse la cumbre de Jeda enfatizaron que los Emiratos \u00c1rabes Unidos le informaron a los Estados Unidos que unir alianzas y ejes dirigidos a pa\u00edses espec\u00edficos era contrario a su pol\u00edtica estrat\u00e9gica, la cual busca mantener canales abiertos de comunicaci\u00f3n y de diplomacia con Ir\u00e1n, poner fin a las tensiones en el Medio Oriente y completar el proceso de paz.<a href=\"#_edn9\" name=\"_ednref9\">[9]<\/a><\/p>\n<p><strong>Egipto en mensaje tranquilizador a Ir\u00e1n antes de producirse la visita de Biden: No nos uniremos a ninguna alianza regional; No buscamos ninguna confrontaci\u00f3n<\/strong><\/p>\n<p>Egipto transmiti\u00f3 mensajes tranquilizadores a Ir\u00e1n incluso antes de la visita de Biden, durante la visita del presidente &#8216;Abd Al-Fattah Al-Sisi a Om\u00e1n el d\u00eda 27 de junio, 2022. Seg\u00fan informes de un diario qatar\u00ed, durante la visita de Al-Sisi se celebr\u00f3 una reuni\u00f3n entre altos funcionarios egipcios y funcionarios iran\u00edes, ante lo cual los egipcios expresaron que Egipto se opone a las alianzas regionales y busca mejorar sus relaciones con Ir\u00e1n. El informe tambi\u00e9n se\u00f1al\u00f3, citando fuentes egipcias, que la oposici\u00f3n dentro de Egipto a la idea de una alianza \u00e1rabe-israel\u00ed contra Ir\u00e1n estaba dirigida por figuras del ej\u00e9rcito egipcio y de la direcci\u00f3n general de inteligencia. Las fuentes evaluaron que el acercamiento con Ir\u00e1n ten\u00eda como destino evitar que este formara v\u00ednculos con la Hermandad Musulmana, quienes se oponen al r\u00e9gimen de Al-Sisi.<a href=\"#_edn10\" name=\"_ednref10\">[10]<\/a><\/p>\n<p>En un art\u00edculo publicado el d\u00eda 17 de julio, 2022 en el diario egipcio <em>Al-Masri Al-Yawm<\/em>, el periodista Mohammed Amin explic\u00f3 que \u00abla negativa de Egipto de unirse a una alianza militar \u00e1rabe no proviene de ninguna voluntad de dejar la seguridad del Golfo expuesta a amenazas, sino que esta se basa en una postura constante que se remonta a los d\u00edas del Pacto de Bagdad\u201d.<a href=\"#_edn11\" name=\"_ednref11\">[11]<\/a> Este agreg\u00f3: \u201cHasta ahora, las amenazas contra el Golfo han sido meramente verbales, \u00a1por lo que Egipto no tiene intenci\u00f3n de unirse a ning\u00fan pacto patrocinado por Occidente!&#8230;\u201d<\/p>\n<p>\u00abEsto\u00bb, explic\u00f3, \u00abno significa que Egipto se est\u00e9 inclinando hacia Ir\u00e1n. Ir\u00e1n sabe que la seguridad del Golfo es un punto de no-retorno en la pol\u00edtica egipcia. Pero el punto importante, tal como yo lo veo, es que Egipto no sigue al reba\u00f1o&#8230; y su toma de decisiones es independiente y no puede comprarse ni venderse&#8230; Egipto tambi\u00e9n se abstuvo de unirse a la coalici\u00f3n que combate en Yemen. Este no lucha por nadie y no lucha m\u00e1s all\u00e1 de sus fronteras. Estos han sido los principios de Egipto por generaciones. La participaci\u00f3n del ej\u00e9rcito egipcio en la Guerra del Golfo (1990-1991) fue una excepci\u00f3n. El objetivo para ese entonces fue liberar un pa\u00eds \u00e1rabe independiente, es decir, Kuwait, de las garras de la invasi\u00f3n iraqu\u00ed y eso fue parte en garantizar la seguridad del Golfo&#8230;<\/p>\n<p>\u00abNo hay motivo de alarma. No existe desastre ni ning\u00fan comportamiento sospechoso, al menos por parte de Egipto. Cada pa\u00eds tiene derecho a determinar sus propios intereses tal como le plazca. Ciertos pa\u00edses ten\u00edan inter\u00e9s en una alianza militar, pero Egipto explic\u00f3 que una OTAN \u00e1rabe era contraria a sus principios. Estos pa\u00edses, as\u00ed como tambi\u00e9n Estados Unidos, entendieron que Egipto no har\u00eda esto y que nadie pod\u00eda obligarlo a unirse a tal alianza\u00bb.<a href=\"#_edn12\" name=\"_ednref12\">[12]<\/a><\/p>\n<p><strong>Jordania en mensajes a Ir\u00e1n antes de la cumbre de Jeda: No habr\u00e1 alianza militar con Israel; A pesar de las amenazas en nuestras fronteras, queremos relaciones normales con ustedes<\/strong><\/p>\n<p>En cuanto a Jordania, los d\u00edas y semanas previos a la cumbre de Jeda vieron un cambio notable en su declarada pol\u00edtica hacia Ir\u00e1n. Hace solo dos meses, en una entrevista publicada el d\u00eda 18 de mayo del presente a\u00f1o 2022 con el grupo de expertos think tank sobre pol\u00edticas p\u00fablicas de la Instituci\u00f3n Hoover en la Universidad de Stanford, el rey Abdul\u00e1 II reafirm\u00f3 su preocupaci\u00f3n por la presencia iran\u00ed en la frontera entre Siria y Jordania.<a href=\"#_edn13\" name=\"_ednref13\">[13]<\/a> Tampoco era la primera vez que se expresaban estas preocupaciones, que tambi\u00e9n fueron expresadas en los medios de comunicaci\u00f3n jordanos en las \u00faltimas semanas<a href=\"#_edn14\" name=\"_ednref14\">[14]<\/a>. Durante muchos a\u00f1os, el rey Abdul\u00e1 ha estado advirtiendo sobre los intentos por parte de Ir\u00e1n de expandir su presencia en la regi\u00f3n y formar un continuo geogr\u00e1fico desde su propio territorio hasta el L\u00edbano a trav\u00e9s de Irak y Siria, un hecho continuo al que este se refiri\u00f3 en el a\u00f1o 2004 como \u201cla media luna chiita\u201d. Tras la guerra civil en Siria y la penetraci\u00f3n iran\u00ed en este pa\u00eds, las preocupaciones de Jordania sobre Ir\u00e1n y sobre la presencia de las milicias pro-iran\u00edes en la frontera entre Siria y Jordania crecieron a\u00fan m\u00e1s. Los jordanos han aclarado en m\u00e1s de una ocasi\u00f3n que ven esta presencia iran\u00ed-chiita en su frontera como una amenaza estrat\u00e9gica.<a href=\"#_edn15\" name=\"_ednref15\">[15]<\/a> De hecho, en las \u00faltimas semanas los jordanos informaron haber frustrado una serie de intentos de contrabando de drogas, armas y municiones hacia Jordania a trav\u00e9s de la frontera con Siria, en los que estuvieron involucradas las milicias respaldadas por Ir\u00e1n al sur de Siria.<a href=\"#_edn16\" name=\"_ednref16\">[16]<\/a> Estas preocupaciones pueden haber sido la motivaci\u00f3n de la declaraci\u00f3n hecha por el rey Abdul\u00e1 en una entrevista publicada el 24 de junio, 2022 en la red estadounidense CNBC, de que \u00e9l \u201cser\u00eda una de las primeras personas que respaldar\u00eda una OTAN en el Medio Oriente\u201d.<a href=\"#_edn17\" name=\"_ednref17\">[17]<\/a><\/p>\n<p><em>Para ver el despacho en su totalidad en ingl\u00e9s junto a las im\u00e1genes copie por favor el siguiente enlace en su ordenador<\/em>: https:\/\/www.memri.org\/reports\/failed-initiative-establish-middle-east-nato-%E2%80%93-arab-countries-clarify-there-will-be-no<\/p>\n<p><em>*H. Varulkar es director en investigaci\u00f3n en MEMRI; Y. Yehoshua es vicepresidente en investigaciones y director de MEMRI Israel; H. Harel es compa\u00f1ero investigador en MEMRI.<\/em><\/p>\n<hr \/>\n<p><a href=\"#_ednref1\" name=\"_edn1\">[1]<\/a> Por ejemplo, el d\u00eda 26 de junio, 2022 el diario <em>The Wall Street Journal<\/em> inform\u00f3 que en el mes de marzo, 2022 Estados Unidos organiz\u00f3 una reuni\u00f3n secreta en Sharm Al-Sheikh, Egipto, a la que asistieron oficiales de las FDI y de los ej\u00e9rcitos \u00e1rabes, para discutir la amenaza planteada por los drones y cohetes iran\u00edes. Seg\u00fan el informe, la reuni\u00f3n incluy\u00f3 la presencia del jefe del estado mayor de las FDI Aviv Kochavi; el jefe del gabinete saudita Fayyad bin Hamed Al-Ruwaili; el entonces comandante del CENTCOM Kenneth McKenzie y a altas figuras de los ej\u00e9rcitos de Egipto, Jordania, los Emiratos \u00c1rabes Unidos y Qatar. Tambi\u00e9n se inform\u00f3 que los participantes llegaron a un acuerdo en principio para una notificaci\u00f3n r\u00e1pida cuando se detecten amenazas a\u00e9reas. Wsj.com, 26 de junio, 2022.<\/p>\n<p><a href=\"#_ednref2\" name=\"_edn2\">[2]<\/a> <em>Al-Quds Al-Arabi<\/em> (Londres), 15 de julio, 2022.<\/p>\n<p><a href=\"#_ednref3\" name=\"_edn3\">[3]<\/a> <em>Al-Quds Al-Arabi<\/em> (Londres), 17 de julio, 2022.<\/p>\n<p><a href=\"#_ednref4\" name=\"_edn4\">[4]<\/a> <em>Al-Sharq Al-Awsat<\/em> (Londres), 21 de julio, 2022.<\/p>\n<p><a href=\"#_ednref5\" name=\"_edn5\">[5]<\/a> <em>Al-Arabi Al-Jadid<\/em> (Londres), isna.ir, 19 de junio, 2022.<\/p>\n<p><a href=\"#_ednref6\" name=\"_edn6\">[6]<\/a> Wsj.com, 26 de junio, 2022. El diario declar\u00f3 que Israel y los estados \u00e1rabes rechazaron su solicitud de responder al informe, con la excepci\u00f3n de los Emiratos \u00c1rabes Unidos, que emitieron la aclaraci\u00f3n citada anteriormente.<\/p>\n<p><a href=\"#_ednref7\" name=\"_edn7\">[7]<\/a> <em>Al-Arab<\/em> (EAU), 6, 11 y 14 de julio, 2022.<\/p>\n<p><a href=\"#_ednref8\" name=\"_edn8\">[8]<\/a> Arabic.cnn.com, reuters.com, 15 de junio, 2022.<\/p>\n<p><a href=\"#_ednref9\" name=\"_edn9\">[9]<\/a> V\u00e9ase, por ejemplo, <em>Al-Ittihad<\/em> (EAU), 19 de julio, 2022.<\/p>\n<p><a href=\"#_ednref10\" name=\"_edn10\">[10]<\/a> <em>Al-Arabi Al-Jadid<\/em>, (Londres) 28 de junio, 2022, 6 de julio, 2022.<\/p>\n<p><a href=\"#_ednref11\" name=\"_edn11\">[11]<\/a> El Pacto de Bagdad fue una alianza pol\u00edtica y militar entre Gran Breta\u00f1a, Irak, Turqu\u00eda, Pakist\u00e1n e Ir\u00e1n entre los a\u00f1os de 1955 y 1979. Iniciado por los Estados Unidos, estaba destinado a formar una barrera a lo largo de la frontera suroeste de la Uni\u00f3n Sovi\u00e9tica y evitar la expansi\u00f3n sovi\u00e9tica en el Medio Oriente. Estados Unidos inst\u00f3 e incluso presion\u00f3 a los pa\u00edses \u00e1rabes para que se unieran mientras les promet\u00eda beneficios econ\u00f3micos, pero la mayor\u00eda declin\u00f3. De hecho, los propios Estados Unidos nunca se unieron oficialmente al pacto, que se considera una de las alianzas menos exitosas de la era de la Guerra Fr\u00eda.<\/p>\n<p><a href=\"#_ednref12\" name=\"_edn12\">[12]<\/a> <em>Al-Masri Al-Yawm<\/em> (Egipto), 17 de julio, 2022.<\/p>\n<p><a href=\"#_ednref13\" name=\"_edn13\">[13]<\/a> Raialyou.com, 18 de mayo de 2022; <em>Al-Arabi Al-Jadid<\/em> (Londres), 19 de mayo, 2022.<\/p>\n<p><a href=\"#_ednref14\" name=\"_edn14\">[14]<\/a> V\u00e9ase, por ejemplo, ammonnews.net. 22 de mayo de 2022; <em>Al-Dustour<\/em>, <em>Al-Ghad<\/em> (Jordania), 27 de junio de 2022; <em>Al-Rai<\/em> (Jordania), 29 de junio de 2022.<\/p>\n<p><a href=\"#_ednref15\" name=\"_edn15\">[15]<\/a> V\u00e9ase la Serie de Investigaci\u00f3n y An\u00e1lisis de MEMRI No. 1359 &#8211; Preocupaci\u00f3n en Jordania por las fuerzas proiran\u00edes en la frontera &#8211; 16\/11\/17.<\/p>\n<p><a href=\"#_ednref16\" name=\"_edn16\">[16]<\/a> V\u00e9ase, por ejemplo, alarabiya.net, 22 de mayo de 2022; <em>Al-Quds Al-Arabi<\/em> (Londres), 23 de mayo, 2022; <em>Al-Rai<\/em> (Jordania), 16 de junio, 2022; almamlakatv.com, 23 de mayo, 2022.<\/p>\n<p><a href=\"#_ednref17\" name=\"_edn17\">[17]<\/a> Cnbc.com, 24 de junio, 2022.<\/p>\n","protected":false},"excerpt":{"rendered":"<p>En las semanas previas a la visita del presidente de los Estados Unidos Joe Biden a Arabia Saudita para la Cumbre de seguridad y desarrollo en Jeda pautada desde el 16 de julio, 2022 los medios de comunicaci\u00f3n \u00e1rabes e internacionales publicaron numerosos informes que afirmaban que uno de los principales temas programados a ser [&hellip;]<\/p>\n","protected":false},"author":1,"featured_media":61428,"comment_status":"open","ping_status":"open","sticky":false,"template":"","format":"standard","meta":{"footnotes":""},"categories":[4,5,20,18,2],"tags":[],"class_list":["post-61427","post","type-post","status-publish","format-standard","has-post-thumbnail","hentry","category-archivos","category-analisis-e-investigacion","category-iran","category-paises","category-featured"],"_links":{"self":[{"href":"https:\/\/www2.memri.org\/espanol\/wp-json\/wp\/v2\/posts\/61427","targetHints":{"allow":["GET"]}}],"collection":[{"href":"https:\/\/www2.memri.org\/espanol\/wp-json\/wp\/v2\/posts"}],"about":[{"href":"https:\/\/www2.memri.org\/espanol\/wp-json\/wp\/v2\/types\/post"}],"author":[{"embeddable":true,"href":"https:\/\/www2.memri.org\/espanol\/wp-json\/wp\/v2\/users\/1"}],"replies":[{"embeddable":true,"href":"https:\/\/www2.memri.org\/espanol\/wp-json\/wp\/v2\/comments?post=61427"}],"version-history":[{"count":0,"href":"https:\/\/www2.memri.org\/espanol\/wp-json\/wp\/v2\/posts\/61427\/revisions"}],"wp:featuredmedia":[{"embeddable":true,"href":"https:\/\/www2.memri.org\/espanol\/wp-json\/wp\/v2\/media\/61428"}],"wp:attachment":[{"href":"https:\/\/www2.memri.org\/espanol\/wp-json\/wp\/v2\/media?parent=61427"}],"wp:term":[{"taxonomy":"category","embeddable":true,"href":"https:\/\/www2.memri.org\/espanol\/wp-json\/wp\/v2\/categories?post=61427"},{"taxonomy":"post_tag","embeddable":true,"href":"https:\/\/www2.memri.org\/espanol\/wp-json\/wp\/v2\/tags?post=61427"}],"curies":[{"name":"wp","href":"https:\/\/api.w.org\/{rel}","templated":true}]}}