{"id":61360,"date":"2022-07-08T13:55:46","date_gmt":"2022-07-08T17:55:46","guid":{"rendered":"https:\/\/www2.memri.org\/espanol\/?p=61360"},"modified":"2022-07-11T14:15:06","modified_gmt":"2022-07-11T18:15:06","slug":"resumen-del-fin-de-semana-del-proyecto-supervision-a-la-amenaza-terrorista-y-yihad-psaty-semana-del-2-al-9-de-julio-2022","status":"publish","type":"post","link":"https:\/\/www2.memri.org\/espanol\/resumen-del-fin-de-semana-del-proyecto-supervision-a-la-amenaza-terrorista-y-yihad-psaty-semana-del-2-al-9-de-julio-2022\/61360","title":{"rendered":"Resumen del fin de semana del Proyecto Supervisi\u00f3n a la Amenaza Terrorista y Yihad (PSATY) &#8211; Semana del 2 al 9 de julio, 2022"},"content":{"rendered":"<p><em>Lo siguiente son algunos de los informes de esta semana del Proyecto Supervisi\u00f3n a la Amenaza Terrorista y Yihad (PSATY) en MEMRI, que traduce y analiza el contenido de fuentes, las cuales son monitoreadas y supervisadas las 24 horas del d\u00eda, 7 d\u00edas a la semana, entre estos, los portales y blogs yihadistas m\u00e1s importantes. (Para ver estos informes en su totalidad, usted debe ser miembro del PSATY; para obtener informaci\u00f3n sobre el c\u00f3mo obtener membrec\u00eda, env\u00ede un correo electr\u00f3nico a la siguiente direcci\u00f3n <a href=\"mailto:jttmsubs@memri.org\">jttmsubs@memri.org<\/a> junto al texto \u00abMembership &#8211; Membres\u00eda\u00bb en la l\u00ednea tema &#8216;asunto&#8217;).<\/em><\/p>\n<p><strong><em>Nota a los medios de comunicaci\u00f3n y del gobierno: Para obtener una copia completa de estos informes, env\u00ede un correo electr\u00f3nico con el t\u00edtulo del informe en la l\u00ednea tema &#8216;asunto&#8217; a la siguiente direcci\u00f3n: <a href=\"mailto:media@memri.org\">media@memri.org<\/a>. Por favor incluya su nombre, t\u00edtulo y organizaci\u00f3n a la que pertenece en su correo electr\u00f3nico.<\/em><\/strong><\/p>\n<p><strong>EXCLUSIVO: Partidarios del EIIS celebran balacera ocurrida en un centro comercial de Copenhague como &#8216;regalo&#8217; del EIIS<\/strong><\/p>\n<p><img decoding=\"async\" class=\"half-size-image\" src=\"https:\/\/www.memri.org\/sites\/default\/files\/2022\/jttmweekly070922.jpg\" alt=\"\" \/><\/p>\n<p>El d\u00eda 3 de julio, 2022 partidarios del Estado Isl\u00e1mico (EIIS) en el servidor operado por el EIIS en Rocket.Chat reaccionaron ante los informes de noticias sobre una balacera que tuvo lugar el mismo d\u00eda en un centro comercial en Copenhague, Dinamarca.<\/p>\n<p><strong>EXCLUSIVO: Agencia de noticias pro-EIIS pide se cometan ataques terroristas en Francia en respuesta a cadena perpetua dada a un agente que perpetr\u00f3 los ataques del EIIS en el 2015 en Par\u00eds<\/strong><\/p>\n<p><img decoding=\"async\" class=\"half-size-image\" src=\"https:\/\/www.memri.org\/sites\/default\/files\/2022\/jttmweekly0709221.jpg\" alt=\"\" \/><\/p>\n<p>El 29 de junio, 2022 un tribunal penal en Francia dictamin\u00f3 que el terrorista del Estado Isl\u00e1mico (EIIS) Salah Abdeslam, el \u00fanico terrorista que sobrevivi\u00f3 a la serie de ataques en Par\u00eds el d\u00eda 13 de noviembre, 2015 en los que fueron asesinadas 130 personas y cientos resultaron heridas &#8211; fue hallado culpable de asesinato y terrorismo y fue condenado a cadena perpetua sin posibilidad de salir en libertad condicional.<\/p>\n<p><strong>EXCLUSIVO: Predicador talib\u00e1n afgano en conferencia organizada por talibanes: &#8216;Cualquiera que se oponga a nuestro gobierno isl\u00e1mico debe ser decapitado y eliminado<\/strong>&#8216;<\/p>\n<p><img loading=\"lazy\" decoding=\"async\" class=\"half-\" src=\"https:\/\/www.memri.org\/sites\/default\/files\/2022\/jttmweekly0709222.jpg\" alt=\"\" width=\"860\" height=\"490\" \/><\/p>\n<p><strong><em>El siguiente informe es ahora complemento sin costo alguno del Proyecto Supervisi\u00f3n a la Amenaza Terrorista y Yihad de MEMRI (PSATY). Para informaci\u00f3n sobre como suscribirse al PSATY,<a href=\"https:\/\/www.memri.org\/subscribe-now\"> pulse aqu\u00ed<\/a>.<\/em><\/strong><\/p>\n<p>En una conferencia de cl\u00e9rigos religiosos isl\u00e1micos organizada por el Emirato Isl\u00e1mico de Afganist\u00e1n (la organizaci\u00f3n yihadista de los talibanes que tom\u00f3 el poder el d\u00eda 15 de agosto, 2021) Mawlawi Mujeeb Rahman Ansari, predicador de 38 a\u00f1os en una mezquita en la provincia noroccidental de Herat, pidi\u00f3 se emita un fatua que autorice la decapitaci\u00f3n de cualquier persona que se mueva, aunque sea levemente, en contra del gobierno talib\u00e1n.<\/p>\n<p><strong>EXCLUSIVO: Yihadistas en la red: Hay&#8217;at Tahrir Al-Sham (HTS) le dio informaci\u00f3n falsa a las fuerzas de la coalici\u00f3n; ataque a\u00e9reo en Idlib tuvo como objetivo a un desertor del grupo HTS<\/strong><\/p>\n<p><img decoding=\"async\" class=\"half-size-image\" src=\"https:\/\/www.memri.org\/sites\/default\/files\/2022\/jttmweekly0709223.jpg\" alt=\"\" \/><\/p>\n<p>Los yihadistas contin\u00faan reaccionando en la red ante el anuncio del Comando Central estadounidense el d\u00eda 27 de junio, 2022 de que un ataque a\u00e9reo sobre Idlib puso fin a la vida de Abu Hamzah Al-Yemeni, alto l\u00edder de la filial de Al-Qaeda en Siria Hurras Al-Din.<\/p>\n<p><strong>EXCLUSIVO: China bloquea medida estadounidense de incluir en su lista al terrorista del grupo Lashkar-e-Taiba (LeT) Abdul Rehman Makki bajo sanciones del Consejo de Seguridad de las Naciones Unidas, diario en India informa: &#8216;El grupo financiaba el terrorismo&#8230; a trav\u00e9s de organizaciones ben\u00e9ficas, incluyendo a las organizaciones Al-Anfal Trust, Dawatul Irshad Trust y Muaz Bin Jabal Trust<\/strong>&#8216;<\/p>\n<p><img decoding=\"async\" class=\"half-size-image\" src=\"https:\/\/www.memri.org\/sites\/default\/files\/2022\/jttmweekly0709224.jpg\" alt=\"\" \/><\/p>\n<p>El 16 de junio, 2022 China bloque\u00f3 una acci\u00f3n conjunta de Estados Unidos e India para incluir a Abdul Rehman Makki bajo las sanciones impuestas por el Consejo de Seguridad de las Naciones Unidas. Abdul Rehman Makki es un alto dirigente de la ilegal organizaci\u00f3n yihadista paquistan\u00ed Lashkar-e-Taiba (LeT), fundada por su cu\u00f1ado Hafiz Muhammad Saeed.<\/p>\n<p><strong>Agencia oficial de noticias del EIIS publica im\u00e1genes en video de una aparente fuga de prisi\u00f3n del EIIS cercana a la capital de Nigeria<\/strong><\/p>\n<p><img decoding=\"async\" class=\"half-size-image\" src=\"https:\/\/www.memri.org\/sites\/default\/files\/2022\/jttmweekly0709225.jpg\" alt=\"\" \/><\/p>\n<p>El 6 de julio, 2022 la agencia de noticias del EIIS Amaq public\u00f3 im\u00e1genes en video que supuestamente documentan una fuga de prisi\u00f3n el d\u00eda 5 de julio en la que agentes del EIIS liberaron a decenas de detenidos de una prisi\u00f3n administrada por el gobierno en Kuji, Nigeria.<\/p>\n<p><strong>Agencia de noticias del EIIS publica m\u00e1s detalles sobre la fuga ocurrida en una prisi\u00f3n en Nigeria<\/strong><\/p>\n<p><img decoding=\"async\" class=\"half-size-image\" src=\"https:\/\/www.memri.org\/sites\/default\/files\/2022\/jttmweekly0709226.jpg\" alt=\"\" \/><\/p>\n<p>El 6 de julio, 2022 la agencia de noticias del EIIS A&#8217;maq emiti\u00f3 una declaraci\u00f3n ante un seguimiento con detalles adicionales sobre la fuga de prisi\u00f3n ocurrida el d\u00eda 5 de julio en Kuje, en las afueras de la capital de Nigeria, Abuja.<\/p>\n<p><strong>Editorial en semanario del EIIS: Peregrinos musulmanes en direcci\u00f3n a Arabia Saudita deben emprender el yihad contra la familia real saudita, los aliados de cristianos y jud\u00edos, defender a los oprimidos y liberar a los prisioneros<\/strong><\/p>\n<p><img decoding=\"async\" class=\"half-size-image\" src=\"https:\/\/www.memri.org\/sites\/default\/files\/2022\/jttmweekly0709227.jpg\" alt=\"\" \/><\/p>\n<p>El d\u00eda 30 de junio, 2022 el Estado Isl\u00e1mico (EIIS) public\u00f3 la edici\u00f3n No. 345 de su bolet\u00edn semanal <em>Al-Naba&#8217;<\/em>, destacando un editorial titulado: \u00abPaciencia, oh prisiones de las dos mezquitas sagradas en Arabia Saudita\u00bb.<\/p>\n<p><strong>El grupo EIIS Sina\u00ed contin\u00faa atacando a las fuerzas de seguridad egipcias al norte del Sina\u00ed; partidarios piden incrementar la cobertura medi\u00e1tica de las operaciones del EIIS en el Sina\u00ed<\/strong><\/p>\n<p><img decoding=\"async\" class=\"half-size-image\" src=\"https:\/\/www.memri.org\/sites\/default\/files\/2022\/jttmweekly0709228.jpg\" alt=\"\" \/><\/p>\n<p>Durante la \u00faltima semana de junio, 2022 el Estado Isl\u00e1mico (EIIS) reivindic\u00f3 una serie de operaciones realizadas en contra del ej\u00e9rcito egipcio y las tribus que cooperan con este al norte del Sina\u00ed. El EIIS confirma que 6 combatientes egipcios murieron y otros resultaron heridos.<\/p>\n<p><strong>El grupo Provincia \u00c1frica Occidental del Estado Isl\u00e1mico (ISWAP\/siglas en ingl\u00e9s) lleva a cabo un ataque mortal contra el ej\u00e9rcito de N\u00edger, causando hasta 20 muertos y heridos<\/strong><\/p>\n<p><img decoding=\"async\" class=\"half-size-image\" src=\"https:\/\/www.memri.org\/sites\/default\/files\/2022\/jttmweekly0709229.jpg\" alt=\"\" \/><\/p>\n<p>El 4 de julio, 2022 los medios de comunicaci\u00f3n del EIIS confirmaron informes de que el EIIS atac\u00f3 posiciones del ej\u00e9rcito de N\u00edger el d\u00eda anterior en una ciudad ubicada en la regi\u00f3n de Diffa, al sureste de N\u00edger, cerca de la frontera con Nigeria.<\/p>\n<p><strong>En un video publicado en idioma kurdo, el EIIS-Irak llama en los kurdos a unirse a sus filas<\/strong><\/p>\n<p><img decoding=\"async\" class=\"half-size-image\" src=\"https:\/\/www.memri.org\/sites\/default\/files\/2022\/jttmweekly07092210.jpg\" alt=\"\" \/><\/p>\n<p>El 1 de julio, 2022 la oficina de informaci\u00f3n del grupo Provincia Irak del Estado Isl\u00e1mico (EIIS) public\u00f3 un video de 40 minutos de duraci\u00f3n en idioma kurdo, con subt\u00edtulos en \u00e1rabe. El video es dirigido a los musulmanes kurdos y los insta a que dejen de servir a los incr\u00e9dulos y se unan a las filas de los muyahidines houties que buscan establecer un estado isl\u00e1mico.<\/p>\n<p><strong>Art\u00edculo en la edici\u00f3n No. 8 de la revista del EIIS <em>&#8216;Voz de Joras\u00e1n&#8217;<\/em> cr\u00edtica pol\u00edtica amistosa de los talibanes afganos hacia India a pesar que los pol\u00edticos hind\u00faes &#8216;blasfeman&#8217; contra Mahoma: &#8216;Si a los polite\u00edstas talibanes les quedara algo de islam en ellos, estos hubiesen mostrado el poder del islam a los polite\u00edstas hind\u00faes<\/strong><\/p>\n<p><img decoding=\"async\" class=\"half-size-image\" src=\"https:\/\/www.memri.org\/sites\/default\/files\/2022\/jttmweekly07092211.jpg\" alt=\"\" \/><\/p>\n<p>Un art\u00edculo importante en el \u00faltimo n\u00famero de la revista \u00ab<em>Voz de Joras\u00e1n<\/em>\u00bb del grupo Provincia Joras\u00e1n del Estado Isl\u00e1mico (EIIS-K) critica a los talibanes afganos por adoptar una pol\u00edtica amistosa hacia India.<\/p>\n<p><strong>Video pro-EIIS destaca ataques contra grupos azawad y tuareg en Mal\u00ed; contra los cuerpos policiales y el ej\u00e9rcito en N\u00edger<\/strong><\/p>\n<p><img decoding=\"async\" class=\"half-size-image\" src=\"https:\/\/www.memri.org\/sites\/default\/files\/2022\/jttmweekly07092212.jpg\" alt=\"\" \/><\/p>\n<p>El 30 de junio, 2022 un canal pro-Estado Isl\u00e1mico (EIIS) en la aplicaci\u00f3n Telegram, public\u00f3 un video de seis minutos de duraci\u00f3n producido por un medio de comunicaci\u00f3n pro-EIIS que destaca los ataques realizados en la provincia Sahel del EIIS entre los d\u00edas 12 de abril y el 5 de junio, 2022.<\/p>\n<p><strong>Medio de comunicaci\u00f3n pro-EIIS: Musulmanes africanos se identifican con la agenda del EIIS y llama a los musulmanes en todo el mundo a unirse a la lucha por un nuevo califato<\/strong><\/p>\n<p><img decoding=\"async\" class=\"half-size-image\" src=\"https:\/\/www.memri.org\/sites\/default\/files\/2022\/jttmweekly07092213.jpg\" alt=\"\" \/><\/p>\n<p>El 5 de julio, 2022 el medio de comunicaci\u00f3n pro-Estado Isl\u00e1mico (EIIS) public\u00f3 una grabaci\u00f3n de audio de cuatro minutos de duraci\u00f3n sobre un ensayo titulado \u00abCort\u00e1ndoles la mano cristiana (levantada) sobre la naci\u00f3n isl\u00e1mica\u00bb, en donde argumentaba que la creciente presencia del grupo en \u00c1frica es una manifestaci\u00f3n de su responsabilidad isl\u00e1mica en proteger a los musulmanes vulnerables y abordar los agravios locales, los cuales son ignorados por l\u00edderes y pol\u00edticos.<\/p>\n<p><strong>Canal turco en Telegram recauda fondos para el campo de refugiados Al-Hol; las fotograf\u00edas se asemejan a campa\u00f1as anteriores promovidas por el predicador pro-EIIS radicado en Michigan Ahmad Musa Jibril; canal informa sobre el arresto del l\u00edder de la organizaci\u00f3n de recaudaci\u00f3n de fondos afiliada a esta<\/strong><\/p>\n<p><img decoding=\"async\" class=\"half-size-image\" src=\"https:\/\/www.memri.org\/sites\/default\/files\/2022\/jttmweekly07092214.jpg\" alt=\"\" \/><\/p>\n<p>El 1 de julio, 2022 un canal turco en la aplicaci\u00f3n Telegram \u00abdedicado a las mujeres detenidas en los campos de refugiados como el de Al-Hol en Siria, public\u00f3 fotograf\u00edas que documentan donaciones en liras sirias, supuestamente entregadas a \u00abnuestros hermanos prisioneros dentro del propio campo de prisioneros\u00bb.<\/p>\n<p><strong>Canal anti-EIIS: Tres l\u00edderes del EIIS fueron asesinados en Irak el mes pasado debido a medidas de seguridad inadecuadas realizadas por agentes del EIIS<\/strong><\/p>\n<p><img decoding=\"async\" class=\"half-size-image\" src=\"https:\/\/www.memri.org\/sites\/default\/files\/2022\/jttmweekly07092215.jpg\" alt=\"\" \/><\/p>\n<p>Un canal anti-Estado Isl\u00e1mico (EIIS) en el servidor Rocket.chat operado por Al-Qaeda afirm\u00f3 que varios altos funcionarios del EIIS fueron asesinados en Irak en el mes de mayo, 2022.<\/p>\n<p><strong>Predicador brit\u00e1nico pro-EIIS le pide a los musulmanes en India y en todo el mundo que sacrifiquen vacas en el pr\u00f3ximo festival del sacrificio para as\u00ed molestar a los hind\u00faes<\/strong><\/p>\n<p><img decoding=\"async\" class=\"half-size-image\" src=\"https:\/\/www.memri.org\/sites\/default\/files\/2022\/jttmweekly07092216.jpg\" alt=\"\" \/><\/p>\n<p>En un comunicado de prensa emitido el d\u00eda 6 de julio, 2022 en su blog, un predicador brit\u00e1nico pro-Estado Isl\u00e1mico (EIIS) llam\u00f3 a los musulmanes en India y en todo el mundo a adherirse a la tradici\u00f3n de sacrificar vacas como sacrificio en la pr\u00f3xima festividad de Eid Al-Adha a celebrarse entre los d\u00edas (9-13 de julio), que se\u00f1ala el final del Hajj (la peregrinaci\u00f3n ritual a Meca).<\/p>\n<p><strong>Predicador brit\u00e1nico pro-EIIS: Reemplacen al ileg\u00edtimo &#8216;r\u00e9gimen saudita&#8217;<\/strong><\/p>\n<p><img decoding=\"async\" class=\"half-size-image\" src=\"https:\/\/www.memri.org\/sites\/default\/files\/2022\/jttmweekly07092217.jpg\" alt=\"\" \/><\/p>\n<p>Con motivo de la peregrinaci\u00f3n al Hajj del a\u00f1o 2022 a los lugares sagrados musulmanes en Arabia Saudita, que este a\u00f1o se celebra entre el 7 y el 12 de julio, un predicador brit\u00e1nico pro-Estado Isl\u00e1mico (EIIS) critic\u00f3 duramente al r\u00e9gimen saudita que afirma, se aprovecha de los peregrinos cobr\u00e1ndoles precios muy elevados y al mismo tiempo impiden que los musulmanes que lo critican cumplan con la obligaci\u00f3n de observar la peregrinaci\u00f3n al Hajj.<\/p>\n<p><strong>Filial de Al-Qaeda Sahel supuestamente confirma nuevo ataque perpetrado contra las fuerzas de Burkina Faso<\/strong><\/p>\n<p><img decoding=\"async\" class=\"half-size-image\" src=\"https:\/\/www.memri.org\/sites\/default\/files\/2022\/jttmweekly07092218.jpg\" alt=\"\" \/><\/p>\n<p>El 4 de julio, una cuenta en Twitter comparti\u00f3 una confirmaci\u00f3n de responsabilidad por un ataque perpetrado en Burkina Faso el d\u00eda 29 de junio, supuestamente publicado por el brazo de medios de comunicaci\u00f3n del grupo GAIM el d\u00eda 2 de julio. La cuenta comparti\u00f3 el reclamo con el t\u00edtulo \u00abEl grupo de apoyo al islam y musulmanes en el \u00e1rea de Burkina Faso confirman haber realizado un ataque contra el ej\u00e9rcito sin mencionar las p\u00e9rdidas humanas de su lado\u00bb.<\/p>\n<p><strong>Filial de Al-Qaeda en el Sahel presuntamente clama haber perpetrado cuatro ataques contra las fuerzas de Mal\u00ed y Burkina Faso<\/strong><\/p>\n<p><img decoding=\"async\" class=\"half-size-image\" src=\"https:\/\/www.memri.org\/sites\/default\/files\/2022\/jttmweekly07092219.jpg\" alt=\"\" \/><\/p>\n<p>El 29 y 30 de junio, una cuenta en Twitter comparti\u00f3 dos confirmaciones de responsabilidad por los ataques perpetrados en Mal\u00ed y Burkina Faso, supuestamente publicados por el brazo de medios de comunicaci\u00f3n del grupo GAIM.<\/p>\n<p><strong>Al-Shabab se atribuye ataque a la canciller\u00eda de Somalia en Mogadishu<\/strong><\/p>\n<p><img decoding=\"async\" class=\"half-size-image\" src=\"https:\/\/www.memri.org\/sites\/default\/files\/2022\/jttmweekly07092220.jpg\" alt=\"\" \/><\/p>\n<p>El 5 de julio, 2022 el medio de comunicaci\u00f3n oficial de noticias de la filial de Al-Qaeda en Somalia Harakat Al-Shabab Al-Mujahideen (Al-Shabab) inform\u00f3 que un destacamento de seguridad de la organizaci\u00f3n Al-Shabab deton\u00f3 dos artefactos explosivos improvisados ??en la canciller\u00eda de la capital de Somalia, Mogadiscio.<\/p>\n<p><strong>Al-Shabab se atribuye haber realizado una emboscada a un convoy de las fuerzas especiales estadounidenses y somal\u00edes al norte de Mogadishu<\/strong><\/p>\n<p><img decoding=\"async\" class=\"half-size-image\" src=\"https:\/\/www.memri.org\/sites\/default\/files\/2022\/jttmweekly07092221.jpg\" alt=\"\" \/><\/p>\n<p>El 1 de julio, 2022 el medio de comunicaci\u00f3n oficial de la filial de Al-Qaeda en Somalia Harakat Al-Shabab Al-Mujahideen (Al-Shabab) inform\u00f3 que tres soldados de \u00ablas fuerzas especiales somal\u00edes entrenados por los Estados Unidos (la Brigada Danab)\u00bb murieron y otros cinco resultaron heridos en una emboscada tendida por Al-Shabab a \u00abun convoy militar de las fuerzas especiales estadounidenses y somal\u00edes\u00bb en la zona sur de Somalia.<\/p>\n<p><strong>Art\u00edculo en revista publicado por filial nigeriana de Al-Qaeda rechaza acusaciones de colaboraci\u00f3n entre Al-Qaeda e Ir\u00e1n y afirma que Sayf Al-&#8216;Adl se encuentra en libertad fuera de Ir\u00e1n<\/strong><\/p>\n<p><img decoding=\"async\" class=\"half-size-image\" src=\"https:\/\/www.memri.org\/sites\/default\/files\/2022\/jttmweekly07092222.jpg\" alt=\"\" \/><\/p>\n<p>La segunda edici\u00f3n de la revista en \u00e1rabe <em>Sawt Al-Qara&#8217;a Al-Samra&#8217;a<\/em> (La voz del continente negro), publicada por la filial nigeriana de Al-Qaeda denominada Jama&#8217;at Ansar al-Muslimeen fi Bilad Al-Sudan (Ansaru), el 30 de junio, 2022 contiene un art\u00edculo titulado \u00abLa verdad sobre la alianza entre la organizaci\u00f3n Al-Qaeda y el r\u00e9gimen de los mul\u00e1 en Ir\u00e1n\u00bb.<\/p>\n<p><strong>Revista de una filial de Al-Qaeda en Nigeria se enfoca en los peligros de la guerra cultural en Nigeria y refuta afirmaciones de que existen conexiones entre Al-Qaeda e Ir\u00e1n<\/strong><\/p>\n<p><img decoding=\"async\" class=\"half-size-image\" src=\"https:\/\/www.memri.org\/sites\/default\/files\/2022\/jttmweekly07092223.jpg\" alt=\"\" \/><\/p>\n<p>El 30 de junio, 2022 el brazo medi\u00e1tico de la filial nigeriana de Al-Qaeda Ansar Al-Muslimeen fi Bilad Al-Sudan (Ansaru), public\u00f3 la segunda edici\u00f3n de su edici\u00f3n en \u00e1rabe titulada <em>Sawt Al-Qarrah Al-Samra&#8217;a<\/em> (La voz del continente negro).<\/p>\n<p><strong>Portales de la oposici\u00f3n siria: La milicia Fatemiyoun afgana respaldada por Ir\u00e1n construye base de entrenamiento al noreste de Siria con la supervisi\u00f3n militar iran\u00ed junto a una compa\u00f1\u00eda constructora perteneciente a Hezbol\u00e1<\/strong><\/p>\n<p><img decoding=\"async\" class=\"half-size-image\" src=\"https:\/\/www.memri.org\/sites\/default\/files\/2022\/jttmweekly07092224.jpg\" alt=\"\" \/><\/p>\n<p>El 2 de julio, 2022 un portal de la oposici\u00f3n siria inform\u00f3 que la milicia afgana Fatemiyoun, respaldada por Ir\u00e1n, construy\u00f3 recientemente una base de entrenamiento al noreste de Siria, con el objetivo de servir a sus fuerzas, as\u00ed como tambi\u00e9n a las fuerzas de Hezbol\u00e1 y al movimiento iraqu\u00ed Al-Nujaba.<\/p>\n<p><strong>Portal afiliado a Hezbol\u00e1: Hezbol\u00e1 continuar\u00e1 desplegando veh\u00edculos a\u00e9reos no tripulados como medio de disuasi\u00f3n, monitoreando las &#8216;bases, aeropuertos, asentamientos e infraestructura&#8217; israel\u00edes<\/strong><\/p>\n<p class=\"MEMRISubheading\">\u00ad\u00ad\u00ad<img decoding=\"async\" class=\"half-size-image\" src=\"https:\/\/www.memri.org\/sites\/default\/files\/2022\/jttmweekly07092225.jpg\" alt=\"\" \/><\/p>\n<p><strong><em>El siguiente informe es ahora complemento sin costo alguno del Proyecto Supervisi\u00f3n a la Amenaza Terrorista y Yihad de MEMRI (PSATY). Para informaci\u00f3n sobre como suscribirse al PSATY, <a href=\"https:\/\/www.memri.org\/subscribe-now\">pulse aqu\u00ed<\/a>.<\/em><\/strong><\/p>\n<p>El d\u00eda 3 de julio, 2022 un portal en la red afiliado al grupo Hezbol\u00e1 liban\u00e9s public\u00f3 un informe que detalla la cronolog\u00eda del uso y despliegue del grupo de veh\u00edculos a\u00e9reos no tripulados (VANT) sobre Israel y el mar Mediterr\u00e1neo.<\/p>\n<p><strong>Portales de la oposici\u00f3n siria: El movimiento Al-Nujaba respaldado por Ir\u00e1n entrena a grupos de fuerzas especiales en Siria, con la supervisi\u00f3n de altos comandantes iraqu\u00edes e iran\u00edes<\/strong><\/p>\n<p><img loading=\"lazy\" decoding=\"async\" class=\"half-\" src=\"https:\/\/www.memri.org\/sites\/default\/files\/2022\/jttmweekly07092226.jpg\" alt=\"\" width=\"774\" height=\"430\" \/><\/p>\n<p>El 3 de julio, 2022 un portal de la oposici\u00f3n siria public\u00f3 un informe \u00abexclusivo\u00bb en el que afirmaba que la milicia del Movimiento Al-Nujaba, respaldada por Ir\u00e1n, realiz\u00f3 un curso al norte de Siria con el objetivo de entrenar a las fuerzas especiales, bajo supervisi\u00f3n de altos miembros del Cuerpo de la Guardia Revolucionaria Isl\u00e1mica (CGRI) y las Unidades de Movilizaci\u00f3n Popular iraqu\u00edes (UMP).<\/p>\n<p><strong>Medios de comunicaci\u00f3n \u00e1rabes y sirios: Ir\u00e1n y Hezbol\u00e1 reclutan j\u00f3venes al noreste de Siria utiliz\u00e1ndolos como &#8216;resistencia popular&#8217; ante las fuerzas estadounidenses en el \u00e1rea<\/strong><\/p>\n<p><img decoding=\"async\" class=\"half-size-image\" src=\"https:\/\/www.memri.org\/sites\/default\/files\/2022\/jttmweekly07092227.jpg\" alt=\"\" \/><\/p>\n<p>En los \u00faltimos a\u00f1os el r\u00e9gimen sirio, encabezado por su presidente Bashar Al-Assad, ha estado realizando una lucha contra la presencia militar estadounidense en Siria a trav\u00e9s de lo que este denomina \u201cresistencia popular\u201d. Esta resistencia es expresada mediante el bloqueo de carreteras y el lanzamiento de piedras cuando los convoyes de la Coalici\u00f3n global para derrotar al EIIS o cuando las fuerzas estadounidenses se desplazan alrededor del pa\u00eds.<\/p>\n<p><strong>J\u00f3venes en campamento de verano del movimiento de los houties Ansar Al\u00e1: Aprendimos a ser combatientes yihadistas, Israel es un tumor canceroso<\/strong><\/p>\n<p><img loading=\"lazy\" decoding=\"async\" class=\"half-\" src=\"https:\/\/www.memri.org\/sites\/default\/files\/2022\/jttmweekly07092228.jpg\" alt=\"\" width=\"853\" height=\"474\" \/><\/p>\n<p>Al igual que en todos los a\u00f1os, tambi\u00e9n este verano el movimiento de los houties Ansar Al\u00e1 celebr\u00f3 sus tradicionales campamentos de verano para participantes de su movimiento juvenil y al igual que el a\u00f1o pasado, su lema de este verano fue \u00abConocimiento y yihad\u00bb.<\/p>\n<p><strong>Portal hind\u00fa describe a Hai Weiliang, un individuo musulm\u00e1n chino quien fund\u00f3 el movimiento yihadista en Xinjiang, exigi\u00f3 el &#8216;restablecimiento del califato&#8217; y &#8216;llev\u00f3 a China al centro del movimiento pan-isl\u00e1mico&#8217;<\/strong><\/p>\n<p><img loading=\"lazy\" decoding=\"async\" class=\"half-\" src=\"https:\/\/www.memri.org\/sites\/default\/files\/2022\/jttmweekly07092229.jpg\" alt=\"\" width=\"794\" height=\"415\" \/><\/p>\n<p>Recientemente, un medio noticioso hind\u00fa public\u00f3 un perfil, titulado \u00abEl c\u00f3mo el cl\u00e9rigo chino educado en Lucknow inici\u00f3 la primera mecha del yihad en Xinjiang\u00bb, de Hai Weiliang, un ide\u00f3logo yihadista y fundador del movimiento yihadista en la provincia china de Xinjiang.<\/p>\n<p><strong>El emir del grupo Tehreek-e-Taliban Pakistan (TTP) muft\u00ed Noor Wali Mehsud en referencia a las conversaciones con Pakist\u00e1n: &#8216;Hasta ahora no se han logrado avances&#8217;; &#8216;si las negociaciones fracasan, continuaremos nuestro sagrado yihad con toda su fuerza, Al\u00e1 que lega&#8217;<\/strong><\/p>\n<p><img loading=\"lazy\" decoding=\"async\" class=\"half-\" src=\"https:\/\/www.memri.org\/sites\/default\/files\/2022\/jttmweekly070922210.jpg\" alt=\"\" width=\"740\" height=\"370\" \/><\/p>\n<p>En una entrevista de 15 minutos de duraci\u00f3n publicada en la red, el emir del grupo, muft\u00ed Noor Wali Mehsud, del ala de medios de comunicaci\u00f3n del grupo Tehreek-e-Taliban Pakistan (TTP), respondi\u00f3 a una serie de preguntas sobre las negociaciones que est\u00e1n en curso entre el TTP y el gobierno pakistan\u00ed, advirtiendo que si las conversaciones no son exitosas, el \u00absagrado yihad\u00bb continuar\u00e1 siendo librado contra las fuerzas armadas paquistan\u00edes.<\/p>\n<p><strong>Tehreek-e-Taliban Pakistan (TTP) endurece su postura sobre el tema de las conversaciones con Pakist\u00e1n y rechaza la declaraci\u00f3n del ministro del Interior de que la constituci\u00f3n pakistan\u00ed reina suprema: \u00abSi el enemigo desea apartarse de entablar conversaciones significativas&#8230; nuestros muyahidines tendr\u00e1n la oportunidad de librar el yihad en todo el pa\u00eds\u00bb<\/strong><\/p>\n<p><img decoding=\"async\" class=\"half-size-image\" src=\"https:\/\/www.memri.org\/sites\/default\/files\/2022\/jttmweekly070922211.jpg\" alt=\"\" \/><\/p>\n<p>En respuesta contundente a la declaraci\u00f3n del ministro del Interior de Pakist\u00e1n Rana Sanaullah, de que las negociaciones entre el gobierno y el grupo Tehreek-e-Taliban Pakistan (TTP, o Movimiento de los talibanes pakistan\u00edes) est\u00e1n siendo llevadas a cabo bajo la constituci\u00f3n de Pakist\u00e1n, el TTP dijo que no acepta la \u00abauto-creada\u00bb constituci\u00f3n de Pakist\u00e1n, es decir, creada por el hombre, en la que el sharia de Al\u00e1 no puede convertirse en ley, o tendr\u00e1 que pasar a trav\u00e9s de una votaci\u00f3n realizada por humanos con el fin de convertirse en ley.<\/p>\n<p><strong>Grupo militante secular secesionista baluchi adopta metodolog\u00eda yihadista y se une al grupo Tehreek-e-Taliban Pakistan (TTP)<\/strong><\/p>\n<p><img decoding=\"async\" class=\"half-size-image\" src=\"https:\/\/www.memri.org\/sites\/default\/files\/2022\/jttmweekly070922212.jpg\" alt=\"\" \/><\/p>\n<p>A pesar de sus diferencias ideol\u00f3gicas, un grupo de hasta ahora separatistas laicos oriundos de Balochi, quienes combaten por la independencia de Beluchist\u00e1n en Pakist\u00e1n, se han unido al grupo Tehreek-e-Taliban Pakistan (TTP, o Movimiento de los talibanes paquistan\u00edes).<\/p>\n","protected":false},"excerpt":{"rendered":"<p>Lo siguiente son algunos de los informes de esta semana del Proyecto Supervisi\u00f3n a la Amenaza Terrorista y Yihad (PSATY) en MEMRI, que traduce y analiza el contenido de fuentes, las cuales son monitoreadas y supervisadas las 24 horas del d\u00eda, 7 d\u00edas a la semana, entre estos, los portales y blogs yihadistas m\u00e1s importantes. [&hellip;]<\/p>\n","protected":false},"author":1,"featured_media":61033,"comment_status":"open","ping_status":"open","sticky":false,"template":"","format":"standard","meta":{"footnotes":""},"categories":[4,10,9,7,2],"tags":[],"class_list":["post-61360","post","type-post","status-publish","format-standard","has-post-thumbnail","hentry","category-archivos","category-estudios-sobre-terrorismo-y-yihad","category-temas","category-reportes-especiales","category-featured"],"_links":{"self":[{"href":"https:\/\/www2.memri.org\/espanol\/wp-json\/wp\/v2\/posts\/61360","targetHints":{"allow":["GET"]}}],"collection":[{"href":"https:\/\/www2.memri.org\/espanol\/wp-json\/wp\/v2\/posts"}],"about":[{"href":"https:\/\/www2.memri.org\/espanol\/wp-json\/wp\/v2\/types\/post"}],"author":[{"embeddable":true,"href":"https:\/\/www2.memri.org\/espanol\/wp-json\/wp\/v2\/users\/1"}],"replies":[{"embeddable":true,"href":"https:\/\/www2.memri.org\/espanol\/wp-json\/wp\/v2\/comments?post=61360"}],"version-history":[{"count":0,"href":"https:\/\/www2.memri.org\/espanol\/wp-json\/wp\/v2\/posts\/61360\/revisions"}],"wp:featuredmedia":[{"embeddable":true,"href":"https:\/\/www2.memri.org\/espanol\/wp-json\/wp\/v2\/media\/61033"}],"wp:attachment":[{"href":"https:\/\/www2.memri.org\/espanol\/wp-json\/wp\/v2\/media?parent=61360"}],"wp:term":[{"taxonomy":"category","embeddable":true,"href":"https:\/\/www2.memri.org\/espanol\/wp-json\/wp\/v2\/categories?post=61360"},{"taxonomy":"post_tag","embeddable":true,"href":"https:\/\/www2.memri.org\/espanol\/wp-json\/wp\/v2\/tags?post=61360"}],"curies":[{"name":"wp","href":"https:\/\/api.w.org\/{rel}","templated":true}]}}