{"id":61293,"date":"2022-06-20T13:57:56","date_gmt":"2022-06-20T17:57:56","guid":{"rendered":"https:\/\/www2.memri.org\/espanol\/?p=61293"},"modified":"2022-06-21T14:05:01","modified_gmt":"2022-06-21T18:05:01","slug":"el-oriente-cristiano-es-mayor-de-lo-que-uno-cree-y-vale-la-pena-ayudar","status":"publish","type":"post","link":"https:\/\/www2.memri.org\/espanol\/el-oriente-cristiano-es-mayor-de-lo-que-uno-cree-y-vale-la-pena-ayudar\/61293","title":{"rendered":"El &#8216;Oriente cristiano&#8217; es mayor de lo que uno cree (y vale la pena ayudar)"},"content":{"rendered":"<p>\u00bfD\u00f3nde comienza \u201cel Oriente\u201d? El tema es tanto pol\u00edtico como hist\u00f3rico. Para algunos, la divisi\u00f3n es que Europa es Occidente y Asia es Oriente. Pero las fronteras y la poblaci\u00f3n se movilizan. El aventurero brit\u00e1nico Sir Samuel Baker rescat\u00f3 a la adolescente que se convertir\u00eda en su esposa de un mercado de esclavos turco en el a\u00f1o de 1859. Eso fue en Vidin, a la orilla sur del Danubio en lo que hoy es el norte de Bulgaria. La agencia papal conocida como Asociaci\u00f3n cat\u00f3lica de bienestar del cercano oriente (CNEWA\/siglas en ingl\u00e9s) fue creada con ese nombre en 1924 para ayudar inicialmente a los cristianos perseguidos en Ucrania y de Europa oriental. La atenci\u00f3n se centr\u00f3 m\u00e1s en los cristianos eslavos y griegos que en lo que hoy asociamos a los t\u00e9rminos de Cercano Oriente o Medio Oriente.<\/p>\n<p><img decoding=\"async\" src=\"https:\/\/www.memri.org\/sites\/default\/files\/2022\/Map.jpg\" alt=\"\" \/><\/p>\n<p>Vemos una visi\u00f3n similar, expansiva y hol\u00edstica de Oriente en un esfuerzo reciente lanzado por la organizaci\u00f3n estadounidense sin fines de lucro Philos Project denominada la Iniciativa del menor desaparecido Abraham, la cual busca \u201caprovechar los recientes desarrollos en el Cercano Oriente con el objetivo de fortalecer y proteger a los cristianos ind\u00edgenas promoviendo el pluralismo religioso\u201d (advertencia: estoy involucrado con esta iniciativa y apoyo absolutamente sus objetivos).<a href=\"#_edn1\" name=\"_ednref1\">[1]<\/a><\/p>\n<p>Una de las caracter\u00edsticas \u00fanicas y mejor recibidas de la iniciativa Philos ha sido incluir a los pa\u00edses de Grecia, Chipre y Armenia en las discusiones m\u00e1s amplias. No existen dudas de que los cristianos del Medio Oriente han experimentado un siglo amargo de violencia, de desplazamientos y represi\u00f3n. Gran parte del enfoque del mundo, tal como es, se ha centrado, por ejemplo, en el pillaje de grupos extremistas tales como el EIIS contra las minor\u00edas religiosas en Siria, Irak y Egipto. Aquellos que siguen m\u00e1s de cerca los acontecimientos de la regi\u00f3n estar\u00e1n al tanto de la violencia y la represi\u00f3n inspirada por Ir\u00e1n contra los cristianos, dentro de Ir\u00e1n, por supuesto, pero tambi\u00e9n en Irak y en el L\u00edbano, perpetrada por escuadrones de la muerte dirigidos por Ir\u00e1n. La lucha por la supervivencia de las comunidades cristianas en el Medio Oriente de habla \u00e1rabe y farsi contin\u00faa, estas comunidades se encuentran bajo una tremenda presi\u00f3n, donde el resultado es altamente dudoso.<\/p>\n<p>Pero Grecia es miembro de la OTAN y de la Uni\u00f3n Europea. Chipre tambi\u00e9n es miembro de la Uni\u00f3n Europea. Y Armenia fue durante d\u00e9cadas parte de la Uni\u00f3n Sovi\u00e9tica, asfixiada y oprimida por el poder sovi\u00e9tico, pero ciertamente sin el riesgo de ser eliminado. Su situaci\u00f3n es, en apariencia, diferente a la dif\u00edcil situaci\u00f3n de las minor\u00edas cristianas en los pa\u00edses de mayor\u00eda musulmana del Medio Oriente. Y, sin embargo, hoy d\u00eda estos tres pa\u00edses \u201ceuropeos\u201d de mayor\u00eda cristiana (confusamente, el sur del C\u00e1ucaso, se ven como una extensi\u00f3n de Europa) est\u00e1n muy amenazados, en la primera l\u00ednea de un agresivo desaf\u00edo ideol\u00f3gico y de seguridad en la forma de una Turqu\u00eda islamista. Turqu\u00eda, tambi\u00e9n miembro de la OTAN y pa\u00eds europeo, bajo el gobierno del partido AKP de Erdogan ha adoptado un islam pol\u00edtico cada vez m\u00e1s intolerante y beligerante que desprecia a los no-musulm\u00e1nes internamente y a los estados no-musulmanes a nivel regional. La Turqu\u00eda nacionalista kemalista no era precisamente un buen vecino. El horrible pogromo de Estambul del a\u00f1o 1955 orquestado por el gobierno contra la poblaci\u00f3n griega que permanec\u00eda en la ciudad y la invasi\u00f3n de Chipre del a\u00f1o 1974 que dividi\u00f3 la isla fueron llevados a cabo por nacionalistas en lugar de islamistas. Pero hoy d\u00eda el islamismo y el nacionalismo en Turqu\u00eda se combinan de una forma a\u00fan m\u00e1s ambiciosa. Los islamistas de Erdogan est\u00e1n aliados en el gobierno con el partido MHP neofascista de Devlet Bah\u00e7eli.<\/p>\n<p>Acosado por problemas econ\u00f3micos de su propia creaci\u00f3n, el presidente Erdogan y su r\u00e9gimen lanzan amenazas constantes dirigidas contra estos tres vecinos. En relaci\u00f3n a Chipre, Turqu\u00eda no solo apoya la divisi\u00f3n permanente del pa\u00eds y ha limpiado \u00e9tnicamente la parte norte de la isla que ocupa militarmente, sino que incluso tambi\u00e9n busca evitar que Chipre explote las reservas de gas natural en sus propias aguas territoriales. Chipre, mucho antes de la guerra en Ucrania, era el \u00fanico pa\u00eds europeo cuyo territorio a\u00fan est\u00e1 ocupado por un ej\u00e9rcito extranjero.<a href=\"#_edn2\" name=\"_ednref2\">[2]<\/a><\/p>\n<p>En cuanto a Armenia, Turqu\u00eda y Azerbaiy\u00e1n orquestaron una sangrienta guerra de conquista sobre el enclave \u00e9tnico armenio de Nagorno-Karabaj (Artsakh) en el a\u00f1o 2020, pero la agresi\u00f3n no termin\u00f3 ah\u00ed. Azerbaiy\u00e1n, con la bendici\u00f3n de Turqu\u00eda, ha intentado apoderarse en repetidas ocasiones, de cada metro expuesto del propio territorio de la Rep\u00fablica de Armenia &#8211; desviando carreteras, moviendo fronteras, apoder\u00e1ndose de lagos y de puntos elevados, atacando a soldados y civiles y participando en campa\u00f1as de agresi\u00f3n e intimidaci\u00f3n constante de bajo grado. Mientras tanto, el dictador de Bak\u00fa, el aliado m\u00e1s cercano de Turqu\u00eda, amenaza con tomar por la fuerza cualquier otra cosa que este desee de Armenia, \u201clo quiera o no Armenia\u201d.<a href=\"#_edn3\" name=\"_ednref3\">[3]<\/a><\/p>\n<p>Mientras tanto, Armenia parece casi paralizada a medida que los manifestantes buscan derrocar a un primer ministro al que acusan de conducir un liderazgo desastroso en guerra y paz y por querer entregar a\u00fan m\u00e1s territorio armenio a Azerbaiy\u00e1n.<a href=\"#_edn4\" name=\"_ednref4\">[4]<\/a> El primer ministro Pashinyan, elegido como reformista pro-occidental en el a\u00f1o 2018, Pashinyan est\u00e1 atrapado entre los adversarios agresivos de Turqu\u00eda y Azerbaiy\u00e1n y la dependencia de la Rusia de Putin, el \u00fanico pa\u00eds lo suficientemente fuerte y cercano como para disuadir m\u00ednimamente las feroces ambiciones de Ankara y Bak\u00fa contra su despreciado enemigo armenio.<a href=\"#_edn5\" name=\"_ednref5\">[5]<\/a> Los publicistas de Azerbaiy\u00e1n en Occidente le dan mucha importancia a la acusaci\u00f3n de que Armenia es un sat\u00e9lite ruso, pero los armenios tienen pocas opciones en el tema de este vecindario tan peligroso.<\/p>\n<p>Si bien Grecia es el m\u00e1s fuerte de estos tres estados cristianos de primera l\u00ednea, este tambi\u00e9n ha sentido el l\u00e1tigo de la constante incitaci\u00f3n y amenazas por parte de los turcos. Turqu\u00eda se ha jactado recientemente de que Grecia necesita \u201cdesmilitarizar\u201d las islas griegas (siendo estas territorio soberano griego) cerca de Turqu\u00eda.<a href=\"#_edn6\" name=\"_ednref6\">[6]<\/a> Pero la incitaci\u00f3n turca es mucho m\u00e1s profunda y prolongada, con la doctrina turca de la \u00abPatria Azul\u00bb (Mavi Vatan), originalmente promovida por los almirantes turcos en el a\u00f1o 2006 y ahora adoptada m\u00e1s abiertamente por Ankara, que exige una hegemon\u00eda turca ampliada en los mares Mediterr\u00e1neo y Egeo, incluso en aguas territoriales griegas y chipriotas.<a href=\"#_edn7\" name=\"_ednref7\">[7]<\/a> Turqu\u00eda tambi\u00e9n ha intentado sin \u00e9xito utilizar los flujos migratorios de aquellos desesperados que intentan llegar a Europa como arma en contra de Grecia.<a href=\"#_edn8\" name=\"_ednref8\">[8]<\/a><\/p>\n<p>Las constantes amenazas junto a la ret\u00f3rica incendiaria de Turqu\u00eda contra sus vecinos fracasaron en el Medio Oriente y, junto a los propios problemas econ\u00f3micos de Ankara, han provocado que Turqu\u00eda ceda ante los adversarios \u00e1rabes en Egipto, los Emiratos \u00c1rabes Unidos y Arabia Saudita e Israel.<a href=\"#_edn9\" name=\"_ednref9\">[9]<\/a> Solo el tiempo dir\u00e1 cu\u00e1n sincero y duradero es este \u00faltimo cambio de pol\u00edtica hecho por Erdogan. El mismo ablandamiento en pol\u00edtica junto a la ret\u00f3rica a\u00fan no ha ocurrido en lo que respecta a Grecia, Chipre y Armenia. Aquellos que se preocupan por los cristianos de Oriente, pero tambi\u00e9n los que se preocupan por la soberan\u00eda y la supervivencia de las peque\u00f1as naciones amenazadas por un mat\u00f3n, deber\u00edan observar muy de cerca lo que se dice y lo que sucede en las \u00e1reas del Mediterr\u00e1neo oriental y en el sur del C\u00e1ucaso.<\/p>\n<p><em>*Alberto M. Fern\u00e1ndez es vicepresidente de MEMRI.<\/em><\/p>\n<hr \/>\n<p><a href=\"#_ednref1\" name=\"_edn1\">[1]<\/a> https:\/\/www.prnewswire.com\/news-releases\/philos-project-unveils-abrahams-missing-child-initiative-301554223.html<\/p>\n<p><a href=\"#_ednref2\" name=\"_edn2\">[2]<\/a> https:\/\/www.washingtonexaminer.com\/opinion\/henry-kissinger-should-apologize-for-serving-turkish-imperialism<\/p>\n<p><a href=\"#_ednref3\" name=\"_edn3\">[3]<\/a> https:\/\/asbarez.com\/aliyev-again-threatens-to-forcedably-open-zangezur-corridor\/<\/p>\n<p><a href=\"#_ednref4\" name=\"_edn4\">[4]<\/a> https:\/\/armenianweekly.com\/2022\/06\/08\/violence-escalates-at-protests-calling-for-pashinyans-resignation\/<\/p>\n<p><a href=\"#_ednref5\" name=\"_edn5\">[5]<\/a> https:\/\/nationalinterest.org\/blog\/buzz\/armenias-protests-mask-reality-russian-influence-202845<\/p>\n<p><a href=\"#_ednref6\" name=\"_edn6\">[6]<\/a> https:\/\/www.msn.com\/en-gb\/news\/world\/greek-pm-mitsotakis-says-turkeys-position-over-greek-islands-sovereignty-absurd\/ar-AAYsJO2?ocid=uxbndlbing<\/p>\n<p><a href=\"#_ednref7\" name=\"_edn7\">[7]<\/a> https:\/\/www.ifri.org\/en\/publications\/etudes-de-lifri\/mavi-vatan-blue-homeland-origins-influences-and-limits-ambitious<\/p>\n<p><a href=\"#_ednref8\" name=\"_edn8\">[8]<\/a> https:\/\/www.ansamed.info\/ansamed\/en\/news\/sections\/politics\/2022\/06\/06\/greece-say-turkey-can-no-longer-instrumentalize-migration_5481b4dc-8bfb-40de-944e -3b5951d9a03c.html<\/p>\n<p><a href=\"#_ednref9\" name=\"_edn9\">[9]<\/a> https:\/\/agsiw.org\/turkeys-ties-with-saudi-arabia-and-the-uae-walking-back-ten-years-of-tensions\/<\/p>\n","protected":false},"excerpt":{"rendered":"<p>\u00bfD\u00f3nde comienza \u201cel Oriente\u201d? El tema es tanto pol\u00edtico como hist\u00f3rico. Para algunos, la divisi\u00f3n es que Europa es Occidente y Asia es Oriente. Pero las fronteras y la poblaci\u00f3n se movilizan. El aventurero brit\u00e1nico Sir Samuel Baker rescat\u00f3 a la adolescente que se convertir\u00eda en su esposa de un mercado de esclavos turco en [&hellip;]<\/p>\n","protected":false},"author":1,"featured_media":61294,"comment_status":"open","ping_status":"open","sticky":false,"template":"","format":"standard","meta":{"footnotes":""},"categories":[4,18,8,2,27],"tags":[],"class_list":["post-61293","post","type-post","status-publish","format-standard","has-post-thumbnail","hentry","category-archivos","category-paises","category-alertas-especiales","category-featured","category-libano"],"_links":{"self":[{"href":"https:\/\/www2.memri.org\/espanol\/wp-json\/wp\/v2\/posts\/61293","targetHints":{"allow":["GET"]}}],"collection":[{"href":"https:\/\/www2.memri.org\/espanol\/wp-json\/wp\/v2\/posts"}],"about":[{"href":"https:\/\/www2.memri.org\/espanol\/wp-json\/wp\/v2\/types\/post"}],"author":[{"embeddable":true,"href":"https:\/\/www2.memri.org\/espanol\/wp-json\/wp\/v2\/users\/1"}],"replies":[{"embeddable":true,"href":"https:\/\/www2.memri.org\/espanol\/wp-json\/wp\/v2\/comments?post=61293"}],"version-history":[{"count":0,"href":"https:\/\/www2.memri.org\/espanol\/wp-json\/wp\/v2\/posts\/61293\/revisions"}],"wp:featuredmedia":[{"embeddable":true,"href":"https:\/\/www2.memri.org\/espanol\/wp-json\/wp\/v2\/media\/61294"}],"wp:attachment":[{"href":"https:\/\/www2.memri.org\/espanol\/wp-json\/wp\/v2\/media?parent=61293"}],"wp:term":[{"taxonomy":"category","embeddable":true,"href":"https:\/\/www2.memri.org\/espanol\/wp-json\/wp\/v2\/categories?post=61293"},{"taxonomy":"post_tag","embeddable":true,"href":"https:\/\/www2.memri.org\/espanol\/wp-json\/wp\/v2\/tags?post=61293"}],"curies":[{"name":"wp","href":"https:\/\/api.w.org\/{rel}","templated":true}]}}