{"id":61286,"date":"2022-06-17T14:30:10","date_gmt":"2022-06-17T18:30:10","guid":{"rendered":"https:\/\/www2.memri.org\/espanol\/?p=61286"},"modified":"2022-06-20T14:34:40","modified_gmt":"2022-06-20T18:34:40","slug":"alto-funcionario-del-frente-para-la-liberacion-de-palestina-fplp-en-canada-khaled-barakat-canada-debe-abolir-su-lista-de-terroristas-la-lucha-armada-y-los-misiles-son-la-unica-forma-de-lograr-los","status":"publish","type":"post","link":"https:\/\/www2.memri.org\/espanol\/alto-funcionario-del-frente-para-la-liberacion-de-palestina-fplp-en-canada-khaled-barakat-canada-debe-abolir-su-lista-de-terroristas-la-lucha-armada-y-los-misiles-son-la-unica-forma-de-lograr-los\/61286","title":{"rendered":"Alto funcionario del Frente para la Liberaci\u00f3n de Palestina (FPLP) en Canad\u00e1 Khaled Barakat: Canad\u00e1 debe abolir su lista de terroristas; la lucha armada y los misiles son la \u00fanica forma de lograr los derechos de los palestinos"},"content":{"rendered":"<p><em>Un alto funcionario del Frente Popular para la Liberaci\u00f3n de Palestina (FPLP) en Canad\u00e1, Khaled Barakat, quien tambi\u00e9n es l\u00edder de la organizaci\u00f3n Samidoun, dijo en un discurso dado el d\u00eda 3 de junio del presente a\u00f1o 2022 en la asamblea de la Liga Internacional de Lucha de los Pueblos (LILP) en Ottawa que Canad\u00e1 debe abolir su lista terrorista. Este dijo que no le negar\u00e1 su apoyo a la \u00abresistencia\u00bb palestina y libanesa para complacer al primer ministro canadiense Justin Trudeau y exclam\u00f3: \u00ab\u00a1Joroben a Trudeau!\u00bb.<\/em><\/p>\n<p><em>Barakat expres\u00f3 su apoyo a los \u00abgrupos de resistencia\u00bb en Palestina, el L\u00edbano, Yemen y Filipinas, incluyendo al FPLP, Ham\u00e1s, Hezbol\u00e1 y el Partido Comunista de Filipinas. Adem\u00e1s, dijo que la identidad palestina tiene como base la lucha armada y que la lucha armada y los misiles son la \u00fanica forma de lograr los derechos de los palestinos. El discurso de Barakat fue transmitido en vivo en la p\u00e1gina Facebook de la LILP. Para m\u00e1s informaci\u00f3n sobre Khaled Barakat y Samidoun, vea los videos del portal MEMRI TV Nos. 9471, 9291, 7276 y 6100.<\/em><\/p>\n<p><strong>Para ver el video del funcionario del FPLP Khaled Barakat, pulse aqu\u00ed o debajo.<\/strong><\/p>\n<p><strong>El FPLP y Ham\u00e1s nunca han cometido cr\u00edmenes contra Canad\u00e1 y sus intereses; Israel ha asesinado a canadienses en el L\u00edbano, pero a nadie le import\u00f3 porque son de piel marr\u00f3n<\/strong><\/p>\n<p><strong>Khaled Barakat<\/strong>: \u00abDesafiamos al gobierno canadiense y decimos: \u00bfPor qu\u00e9 incluyen, por ejemplo, al Frente Popular en su lista de terroristas? \u00bfQu\u00e9 ha hecho realmente el FPLP contra Canad\u00e1 y los intereses de Canad\u00e1, o cometi\u00f3 este alg\u00fan tipo de cr\u00edmenes contra canadienses aqu\u00ed o en el exterior? Cero, nada.<\/p>\n<p>\u201cPero Israel asesin\u00f3 a canadienses en el L\u00edbano en el a\u00f1o 2006. Una familia canadiense entera fue aniquilada, pero no les import\u00f3 porque son de piel marr\u00f3n, son libaneses, no son &#8216;verdaderos canadienses&#8217;.<\/p>\n<p>\u201cLo mismo sucedi\u00f3 en Gaza, Israel asesin\u00f3 a canadienses palestinos en Gaza, a Canad\u00e1 no le import\u00f3, pero Ham\u00e1s se encuentra en la lista de terroristas.<\/p>\n<p><strong>Debemos movilizarnos \u00abPara borrar esta vergonzosa lista llamada lista terrorista; esta tiene que ser abolida\u00bb<\/strong><\/p>\n<p>\u201cTenemos que ser honestos con nosotros mismos incluso cuando hablamos con el enemigo y decimos: &#8216;Miren, est\u00e1n cometiendo un gran error al incluir a estas organizaciones en su as\u00ed llamada &#8216;lista terrorista&#8217;. \u00bfPor qu\u00e9 se encuentra el Partido Comunista de Filipinas en su lista terrorista? \u00bfPor qu\u00e9 incluyen a Hezbol\u00e1 en su lista terrorista? Tenemos que hacer estas preguntas y movilizarnos para borrar esta vergonzosa lista llamada la lista terrorista. Esta tiene que ser abolida. Esa es la \u00fanica forma en que podemos&#8230;<\/p>\n<p>\u201cPorque, vean, nosotros no vamos a rehuir y decir que no apoyamos a la resistencia palestina y libanesa. Me refiero, para que le agrademos a Trudeau\u2026 \u00a1Joroben a Trudeau!<\/p>\n<p><strong>\u00abNosotros apoyamos a nuestra resistencia en el L\u00edbano, Palestina y Yemen contra la agresi\u00f3n saudita\u00bb; La lucha armada es la \u00fanica forma de lograr nuestros derechos<\/strong><\/p>\n<p>\u00abApoyamos nuestra resistencia en el L\u00edbano, Palestina y Yemen ante la agresi\u00f3n saudita.<\/p>\n<p>[&#8230;]<\/p>\n<p>\u00abLa identidad palestina no es sobre la sangre o sobre la identidad biol\u00f3gica, se trata de resistencia.<\/p>\n<p>[&#8230;]<\/p>\n<p>\u201cLas facciones de la resistencia palestina est\u00e1n hoy fabricando misiles. Porque esa es la \u00fanica forma en que nos dejaron poseer una resistencia fuerte. Aquellos que no desean que tengamos una lucha armada pueden decirnos el c\u00f3mo podemos lograr nuestro derecho, cuando no pudimos lograrlo por ning\u00fan otro medio posible\u00bb.<\/p>\n","protected":false},"excerpt":{"rendered":"<p>Un alto funcionario del Frente Popular para la Liberaci\u00f3n de Palestina (FPLP) en Canad\u00e1, Khaled Barakat, quien tambi\u00e9n es l\u00edder de la organizaci\u00f3n Samidoun, dijo en un discurso dado el d\u00eda 3 de junio del presente a\u00f1o 2022 en la asamblea de la Liga Internacional de Lucha de los Pueblos (LILP) en Ottawa que Canad\u00e1 [&hellip;]<\/p>\n","protected":false},"author":1,"featured_media":61287,"comment_status":"open","ping_status":"open","sticky":false,"template":"","format":"standard","meta":{"footnotes":""},"categories":[4,6,18,2,23],"tags":[],"class_list":["post-61286","post","type-post","status-publish","format-standard","has-post-thumbnail","hentry","category-archivos","category-comunicados-especiales","category-paises","category-featured","category-autoridad-palestina"],"_links":{"self":[{"href":"https:\/\/www2.memri.org\/espanol\/wp-json\/wp\/v2\/posts\/61286","targetHints":{"allow":["GET"]}}],"collection":[{"href":"https:\/\/www2.memri.org\/espanol\/wp-json\/wp\/v2\/posts"}],"about":[{"href":"https:\/\/www2.memri.org\/espanol\/wp-json\/wp\/v2\/types\/post"}],"author":[{"embeddable":true,"href":"https:\/\/www2.memri.org\/espanol\/wp-json\/wp\/v2\/users\/1"}],"replies":[{"embeddable":true,"href":"https:\/\/www2.memri.org\/espanol\/wp-json\/wp\/v2\/comments?post=61286"}],"version-history":[{"count":0,"href":"https:\/\/www2.memri.org\/espanol\/wp-json\/wp\/v2\/posts\/61286\/revisions"}],"wp:featuredmedia":[{"embeddable":true,"href":"https:\/\/www2.memri.org\/espanol\/wp-json\/wp\/v2\/media\/61287"}],"wp:attachment":[{"href":"https:\/\/www2.memri.org\/espanol\/wp-json\/wp\/v2\/media?parent=61286"}],"wp:term":[{"taxonomy":"category","embeddable":true,"href":"https:\/\/www2.memri.org\/espanol\/wp-json\/wp\/v2\/categories?post=61286"},{"taxonomy":"post_tag","embeddable":true,"href":"https:\/\/www2.memri.org\/espanol\/wp-json\/wp\/v2\/tags?post=61286"}],"curies":[{"name":"wp","href":"https:\/\/api.w.org\/{rel}","templated":true}]}}