{"id":61284,"date":"2022-06-17T14:23:06","date_gmt":"2022-06-17T18:23:06","guid":{"rendered":"https:\/\/www2.memri.org\/espanol\/?p=61284"},"modified":"2022-06-20T14:35:01","modified_gmt":"2022-06-20T18:35:01","slug":"justicia-francesa","status":"publish","type":"post","link":"https:\/\/www2.memri.org\/espanol\/justicia-francesa\/61284","title":{"rendered":"Justicia francesa"},"content":{"rendered":"<p>El d\u00eda 15 de diciembre del 2017 el imam Mohamed Tatai<a href=\"#_edn1\" name=\"_ednref1\">[1]<\/a> de la Gran Mezquita de Toulouse, Francia, pronunci\u00f3 un serm\u00f3n de los viernes en el que se refiri\u00f3 a un conocido hadiz acerca del destino de los jud\u00edos en el d\u00eda del juicio final. El hadiz es el siguiente.<\/p>\n<p>\u201cLa hora final no llegar\u00e1 a menos que los musulmanes combatan contra los jud\u00edos y los asesinen hasta que los jud\u00edos se escondan detr\u00e1s de una piedra o un \u00e1rbol y la piedra o el \u00e1rbol digan: Oh musulm\u00e1n, oh siervo de Al\u00e1, hay un jud\u00edo detr\u00e1s de m\u00ed; ven y dale muerte; pero el \u00e1rbol de Gharqad no lo dir\u00e1, porque es el \u00e1rbol de los jud\u00edos\u00bb.<a href=\"#_edn2\" name=\"_ednref2\">[2]<\/a><\/p>\n<p><strong><em>Para ver el serm\u00f3n del imam Tatai, <a href=\"https:\/\/www.memri.org\/tv\/toulouse-imam-tatai-recounts-antisemitic-hadith-prophecies-israel-end\">pulse aqu\u00ed<\/a> o debajo:<\/em><\/strong><\/p>\n<p><iframe src=\"https:\/\/www.memri.org\/player\/clip\/40000\/780,440\/1\" width=\"780\" height=\"440\" frameborder=\"0\"><\/iframe><\/p>\n<p>Este es uno de los hadices m\u00e1s notorios al que se refieren com\u00fanmente los predicadores islamistas y los estudiosos religiosos (pulse aqu\u00ed para verlo).<a href=\"#_edn3\" name=\"_ednref3\">[3]<\/a><\/p>\n<p><iframe src=\"https:\/\/www.facebook.com\/plugins\/video.php?height=373&amp;href=https%3A%2F%2Fwww.facebook.com%2Fmemri.org%2Fvideos%2F10156605905024717%2F&amp;show_text=false&amp;width=560&amp;t=0\" width=\"560\" height=\"373\" frameborder=\"0\" scrolling=\"no\" allowfullscreen=\"allowfullscreen\"><\/iframe><\/p>\n<p>Para ver ejemplos adicionales y referencias al hadiz, v\u00e9ase la serie de MEMRI Despacho Especial No. 7587 &#8211; Hadiz antisemita: &#8216;La profec\u00eda de la roca y el \u00e1rbol&#8217; \u2013 segmentos de video e informes de MEMRI.<\/p>\n<p>Este hadiz que suena extra\u00f1o en realidad transmite un mensaje serio y profundo sobre los jud\u00edos &#8211; de que son tan fundamentalmente malvados y est\u00e1n destinados a ser destruidos que incluso la naturaleza misma se vuelve contra ellos y participa en el proceso de su aniquilaci\u00f3n.<\/p>\n<p><strong>El imam Tatai es acusado &#8211; y absuelto<\/strong><\/p>\n<p>Luego de MEMRI publicar su traducci\u00f3n<a href=\"#_edn4\" name=\"_ednref4\">[4]<\/a> del serm\u00f3n del imam Tatai, este fue acusado de cargos de \u00abprovocaci\u00f3n p\u00fablica, a trav\u00e9s de su discurso, al odio o la violencia debido a su origen, etnia, naci\u00f3n, raza o religi\u00f3n\u00bb. El juicio tuvo lugar dos a\u00f1os despu\u00e9s en la Corte Penal de Toulouse el d\u00eda 29 de junio, 2021.<a href=\"#_edn5\" name=\"_ednref5\">[5]<\/a><\/p>\n<p>El imam Tatai fue declarado no-culpable de todos los cargos; el tribunal dijo en su sentencia: \u00abNo es funci\u00f3n del magistrado evaluar la legitimidad de un texto religioso, lo que ser\u00eda contrario, en particular, a los principios de libertad religiosa y laicismo\u00bb.<a href=\"#_edn6\" name=\"_ednref6\">[6]<\/a> Es decir, mientras el imam utiliza citas o contextos religiosos para realzar su instigaci\u00f3n, este no est\u00e1 sujeto a la jurisdicci\u00f3n legal de la corte.<\/p>\n<p>Esto es aparentemente lo que se deriva de la justicia francesa.<\/p>\n<figure style=\"width: 352px\" class=\"wp-caption alignnone\"><img loading=\"lazy\" decoding=\"async\" class=\"half-size-image\" src=\"https:\/\/www.memri.org\/sites\/default\/files\/2022\/MDB391.jpg\" alt=\"El informe Le Canard Enchaine; el texto citado arriba est\u00e1 se\u00f1alado en rojo.\" width=\"352\" height=\"279\" \/><figcaption class=\"wp-caption-text\">El informe Le Canard Enchaine; el texto citado arriba est\u00e1 se\u00f1alado en rojo.<\/figcaption><\/figure>\n<p><strong><em>Le Monde<\/em><\/strong><strong> intenta apoyar al imam Tatai cuestionando la precisi\u00f3n de la traducci\u00f3n de MEMRI insinuando \u00abmanipulaci\u00f3n\u00bb<\/strong><\/p>\n<p>El 30 de junio, 2018 un d\u00eda despu\u00e9s de que se acusara al imam Tatai, el principal diario liberal franc\u00e9s <em>Le Monde<\/em> sali\u00f3 en su defensa y declar\u00f3 lo siguiente: \u00ab\u00bfMohamed Tatai, el imam de la flamante Gran Mezquita de Toulouse, realizo comentarios antisemitas en un video? Esto es lo que el Instituto MEMRI &#8211; un observatorio de los medios de comunicaci\u00f3n del Medio Oriente, afirma en su portal, donde comparti\u00f3 un video de la aplicaci\u00f3n YouTube que dice data de diciembre del a\u00f1o 2017&#8230; \u00bfEs esta una mala traducci\u00f3n, una manipulaci\u00f3n?<a href=\"#_edn7\" name=\"_ednref7\">[7]<\/a><\/p>\n<p><i><img decoding=\"async\" class=\"half-size-image\" src=\"https:\/\/www.memri.org\/sites\/default\/files\/2022\/MDB3911.jpg\" alt=\"\" \/><\/i><\/p>\n<figure style=\"width: 355px\" class=\"wp-caption alignnone\"><img loading=\"lazy\" decoding=\"async\" class=\"half-size-image\" src=\"https:\/\/www.memri.org\/sites\/default\/files\/2022\/MDB3912.jpg\" alt=\"El art\u00edculo de Le Monde, 30 de junio de 2018.\" width=\"355\" height=\"137\" \/><figcaption class=\"wp-caption-text\">El art\u00edculo de Le Monde, 30 de junio de 2018.<\/figcaption><\/figure>\n<p>El imam Tatai incluso tuvo un apoyo inesperado adicional del presidente del cap\u00edtulo Toulouse de la organizaci\u00f3n paraguas jud\u00eda francesa CRIF, Franck Touboul. Touboul fue citado en el art\u00edculo de <em>Le Monde<\/em> diciendo: \u00abNo sirve de nada apresurarse en arrojar a los perros y a la opini\u00f3n p\u00fablica, a un antiguo imam de Toulouse\u00bb.<a href=\"#_edn8\" name=\"_ednref8\">[8]<\/a><\/p>\n<p>Sin embargo, el mismo d\u00eda, el renombrado autor e intelectual franco-argelino Mohamed Sifaoui tuite\u00f3 el serm\u00f3n completo presentado en el video de MEMRI y escribi\u00f3 lo siguiente: \u00abEste es el video completo del canal de la mezquita de Toulouse en YouTube donde el imam Mohamed Tatai da un serm\u00f3n antisemita. Este tiene una duraci\u00f3n de 30 minutos. Cualquiera que desee traducirlo puede hacerlo. En lo que a m\u00ed respecta, yo certifico que la traducci\u00f3n de @memrifr es absolutamente correcta\u00bb.<\/p>\n<figure style=\"width: 371px\" class=\"wp-caption alignnone\"><img loading=\"lazy\" decoding=\"async\" class=\"half-size-image\" src=\"https:\/\/www.memri.org\/sites\/default\/files\/2022\/MDB3913.jpg\" alt=\"El tuit de Sifaoui del 30 de junio, 2018.\" width=\"371\" height=\"187\" \/><figcaption class=\"wp-caption-text\">El tuit de Sifaoui del 30 de junio, 2018.<\/figcaption><\/figure>\n<p>Meses despu\u00e9s, el d\u00eda 21 de diciembre del 2018, Sifaoui tuite\u00f3: \u00abRecuerden, yo segu\u00ed hablando de ello durante todo el verano. Algunos han afirmado, a pesar del video evidencia, que \u00e9l (Tatai) nunca hizo comentarios antisemitas. El imam de la mezquita Toulouse Mohamed Tatai, ha sido acusado de &#8216;incitaci\u00f3n al odio racial'\u00bb.<a href=\"#_edn9\" name=\"_ednref9\">[9]<\/a><\/p>\n<figure style=\"width: 373px\" class=\"wp-caption alignnone\"><img loading=\"lazy\" decoding=\"async\" class=\"half-size-image\" src=\"https:\/\/www.memri.org\/sites\/default\/files\/2022\/MDB3914.jpg\" alt=\"El tuit de Sifaoui publicado el 21 de diciembre, 2018.\" width=\"373\" height=\"344\" \/><figcaption class=\"wp-caption-text\">El tuit de Sifaoui publicado el 21 de diciembre, 2018.<\/figcaption><\/figure>\n<p><strong>Nuevo juicio al imam Tatai<\/strong><\/p>\n<p>La semana despu\u00e9s de que el imam Tatai fuera absuelto, la oficina del fiscal de Toulouse apel\u00f3 la absoluci\u00f3n. Un nuevo juicio comenz\u00f3 el d\u00eda 30 de mayo, 2022, casi un a\u00f1o despu\u00e9s de ser absuelto.<\/p>\n<p>El imam franco-tunecino Hassen Chalghoumi, destacado l\u00edder isl\u00e1mico moderado e imam de la mezquita Drancy, cerca de Par\u00eds, testific\u00f3 en el nuevo juicio y dijo lo siguiente: \u00abHe visto el video del serm\u00f3n unas 30 veces. Estas son palabras serias, muy peligrosas. Si no se condena este discurso, ser\u00e1 algo espantoso. Es un discurso que trae odio, miedo a nuestra juventud. Es un discurso injustificable que puede manipular, asesinar. As\u00ed fue con Samuel Paty\u00bb.<a href=\"#_edn10\" name=\"_ednref10\">[10]<\/a> (En octubre del a\u00f1o 2020, Samuel Paty, un profesor franc\u00e9s de secundaria, fue decapitado por un refugiado musulm\u00e1n de 18 a\u00f1os oriundo de Chechenia por mostrar durante una clase sobre libertad de expresi\u00f3n las caricaturas que representaban al profeta Mahoma.<a href=\"#_edn11\" name=\"_ednref11\">[11]<\/a>)<\/p>\n<figure style=\"width: 660px\" class=\"wp-caption alignnone\"><img loading=\"lazy\" decoding=\"async\" class=\"half-size-image\" src=\"https:\/\/www.memri.org\/sites\/default\/files\/2022\/MDB3915.jpg\" alt=\"El imam Chalghoumi en el sexto evento anual de de MEMRI en el Capitolio de los Archivos Lantos sobre Antisemitismo y Negaci\u00f3n del Holocausto, 14 de abril, 2015. (V\u00e9ase Memri.org\/reports\/memri-hosts-sixth-annual-capitol-hill-evento-lantos-archivos-antisemitismo-y-holocausto)\" width=\"660\" height=\"374\" \/><figcaption class=\"wp-caption-text\">El imam Chalghoumi en el sexto evento anual de de MEMRI en el Capitolio de los Archivos Lantos sobre Antisemitismo y Negaci\u00f3n del Holocausto, 14 de abril, 2015. (V\u00e9ase Memri.org\/reports\/memri-hosts-sixth-annual-capitol-hill-evento-lantos-archivos-antisemitismo-y-holocausto)<\/figcaption><\/figure>\n<p>17En el nuevo juicio, el im\u00e1n Tatai fue declarado culpable de \u00abincitaci\u00f3n a la violencia y al odio racial\u00bb. Las deliberaciones sobre la sentencia de prisi\u00f3n suspendida solicitada de seis meses y una multa de 10.000 euros y la sentencia final, se llevar\u00e1n a cabo el 31 de agosto, 2022 casi cinco a\u00f1os despu\u00e9s de pronunciar su serm\u00f3n antisemita.<a href=\"#_edn12\" name=\"_ednref12\">[12]<\/a><\/p>\n<p><strong>Diario <em>The Guardian<\/em>: \u00abFrancia es el \u00fanico pa\u00eds de Europa donde los jud\u00edos son asesinados peri\u00f3dicamente por ser jud\u00edos\u00bb<\/strong><\/p>\n<p>Desde el serm\u00f3n del imam Tatai en el a\u00f1o 2017, varios jud\u00edos de edad avanzada e indefensos han sido asesinados por musulmanes, sin embargo, las autoridades francesas han manejado estos casos con una aprensi\u00f3n muy similar a la que abordaron el caso Tatai &#8211; a pesar de que se trato de asesinatos violentos y no solo de incitaci\u00f3n al odio. El hecho de que los perpetradores de esta violencia contra los jud\u00edos pertenezcan a un determinado grupo demogr\u00e1fico (inmigrantes y musulmanes) ha llevado a un patr\u00f3n de aparente \u00abdelicadeza\u00bb legal en la b\u00fasqueda de justicia, en donde las autoridades minimizan o ignoran repetidamente la naturaleza antisemita de los ataques.<\/p>\n<p>Los jud\u00edos han sido v\u00edctimas de tales asesinatos en Francia a\u00f1os antes del serm\u00f3n de Tatai.<\/p>\n<p>Seg\u00fan un informe publicado en noviembre del 2018 en el diario <em>The Guardian<\/em>, \u00abFrancia es el \u00fanico pa\u00eds de Europa donde los jud\u00edos son asesinados peri\u00f3dicamente por ser jud\u00edos\u00bb. Nombrando a \u00abno menos de 12 jud\u00edos que han sido asesinados en Francia en seis incidentes separados desde el a\u00f1o 2003\u00bb, este agreg\u00f3: \u00abEn cada uno de estos casos, al menos uno de los perpetradores pertenec\u00eda a lo que los franceses llaman <em>minorit\u00e9s <\/em>visibles, o &#8216;minor\u00edas visibles'\u00bb, que generalmente se refiere a los descendientes del norte de \u00c1frica o del oeste de \u00c1frica; en la mayor\u00eda de los casos, los perpetradores han sido vinculados con alguna forma de islam extremista. En casi todos los casos, las v\u00edctimas han sido identificadas de jud\u00edas o conocidos personales del perpetrador. Casi todos los perpetradores y v\u00edctimas han sido de clase media baja, que residen en los mismos barrios diversos, las mismas calles o incluso en los mismos edificios'\u00bb.<a href=\"#_edn13\" name=\"_ednref13\">[13]<\/a><\/p>\n<p>Las v\u00edctimas nombradas en el art\u00edculo del diario <em>The Guardian<\/em> fueron: S\u00e9bastien Selam, asesinado por Adel Amastaibou; Ilan Halimi, asesinado por una banda liderada por Youssouf Fofana; Jonathan Sandler, Gabriel Sandler, Aryeh Sandler y Myriam Monson\u00e9go, asesinados por el yihadista Mohammed Merah en los ataques yihadistas de Toulouse y Montauban del a\u00f1o 2012; Yohan Cohen, Philippe Braham, Fran\u00e7ois-Michel Saada y Yoav Hattab, asesinados por el yihadista pro-EIIS Amedy Coulibaly en el ataque Hyper Cacher de enero del 2015; Lucie Attal, alias Sarah Halimi, asesinada por Kobili Traor\u00e9; y Mireille Knoll, asesinada por Yacine Mihoub.<a href=\"#_edn14\" name=\"_ednref14\">[14]<\/a><\/p>\n<p><strong>Sebastien Selam &#8211; Asesinado por Adel Abastaibou<\/strong><\/p>\n<p>En el a\u00f1o 2003, en Par\u00eds, el disc-jockey jud\u00edo de 23 a\u00f1os Sebastien Selam fue brutalmente asesinado por su amigo de la infancia Adel Amastaibou. El asesino fue declarado demente, no fue juzgado y se le permiti\u00f3 salir los fines de semana.<a href=\"#_edn15\" name=\"_ednref15\">[15]<\/a> Quince a\u00f1os despu\u00e9s del asesinato y casi una d\u00e9cada desde el juicio, el presidente franc\u00e9s Macron en el a\u00f1o 2018 admiti\u00f3 lo que hab\u00eda sido dolorosamente obvio desde el principio: que se trat\u00f3 de un asesinato antisemita.<a href=\"#_edn16\" name=\"_ednref16\">[16]<\/a><\/p>\n<p><strong>Ilan Halimi \u2013 Secuestrado para pedir rescate y asesinado por una banda criminal de inmigrantes liderada por Youssouf Fofana<\/strong><\/p>\n<p>En el a\u00f1o 2006, Ilan Halimi, de 23 a\u00f1os, fue secuestrado, torturado y asesinado por una banda de delincuentes inmigrantes de los suburbios de Par\u00eds dirigida por Youssouf Fofana.<a href=\"#_edn17\" name=\"_ednref17\">[17]<\/a> Estos atacaron a su v\u00edctima simplemente porque era jud\u00edo, un hecho que las autoridades francesas inicialmente se negaron a reconocer. Sus captores le dijeron a su familia que pidiera \u00aba su sinagoga\u00bb el dinero que supuestamente era para el rescate.<a href=\"#_edn18\" name=\"_ednref18\">[18]<\/a><\/p>\n<p><strong>Sarah Halimi &#8211; Asesinada por Kobili Traor\u00e9<\/strong><\/p>\n<p>En la madrugada del 4 de abril, 2017 en Par\u00eds, Sarah Halimi (sin relaci\u00f3n con Ilan Halimi), una doctora jubilada jud\u00eda de 65 a\u00f1os y directora de un jard\u00edn de infancia, fue golpeada y arrojada a su muerte desde el balc\u00f3n de su tercer piso por su vecino musulm\u00e1n Kobili Traor\u00e9, de 27 a\u00f1os, quien irrumpi\u00f3 en su apartamento mientras ella dorm\u00eda. Este recit\u00f3 versos del Cor\u00e1n y grit\u00f3 a todo pulm\u00f3n \u00abAllahu Akbar\u00bb mientras la golpeaba durante 20 a 30 minutos. Traor\u00e9 fue declarado no-responsable penalmente debido a que su mente se vio afectada por su consumo habitual de cannabis.<a href=\"#_edn19\" name=\"_ednref19\">[19]<\/a> Se necesitaron 10 meses y una protesta de organizaciones jud\u00edas, incluyendo manifestaciones en Francia, as\u00ed como tambi\u00e9n en Roma, Tel Aviv, Londres, Los \u00c1ngeles, Miami y Nueva York, para que las autoridades francesas aceptaran que si hubo un elemento de antisemitismo en su asesinato.<a href=\"#_edn20\" name=\"_ednref20\">[20]<\/a> Su familia aleg\u00f3 que la naturaleza antisemita del crimen fue silenciada por razones pol\u00edticas.<a href=\"#_edn21\" name=\"_ednref21\">[21]<\/a><\/p>\n<p>Fue solo a trav\u00e9s de la intervenci\u00f3n del presidente franc\u00e9s Emmanuel Macron en abril del a\u00f1o 2021 que se modific\u00f3 la ley bajo el cual los asesinos de Halimi y Selam evadieron su responsabilidad y castigo, en diciembre del a\u00f1o 2021. En enero, 2022 tres parlamentarios franceses encabezaron una investigaci\u00f3n sobre el presunto mal manejo del caso por la polic\u00eda y el sistema judicial determin\u00f3 que Traore hab\u00eda sido dado de alta varias veces del hospital psiqui\u00e1trico donde se le orden\u00f3 permanecer desde que cometi\u00f3 el asesinato y que pronto pudiera ser liberado definitivamente<a href=\"#_edn22\" name=\"_ednref22\">[22]<\/a>. El diario <em>El Washington Post <\/em>compar\u00f3 al asesinato de Sarah Halimi al asesinato de Ilan Halimi, porque en ambos casos las autoridades francesas se negaron a reconocer la naturaleza antisemita del asesinato o investigarlos como terrorismo motivado \u00e9tnica e ideol\u00f3gicamente.<a href=\"#_edn23\" name=\"_ednref23\">[23]<\/a> En referencia al asesinato de Sarah Halimi, el periodista e intelectual p\u00fablico franc\u00e9s Bernard-Henri L\u00e9vy dijo lo siguiente: \u00abSiempre es la misma historia en Francia. Se supone que el antisemitismo no existe, especialmente entre las comunidades minoritarias\u00bb.<a href=\"#_edn24\" name=\"_ednref24\">[24]<\/a><\/p>\n<p><strong>Mirielle Knoll &#8211; Asesinada por Yacine Mihoub<\/strong><\/p>\n<p>El 23 de marzo, 2018 tambi\u00e9n en Par\u00eds, Mireille Knoll, una sobreviviente jud\u00eda del Holocausto de 85 a\u00f1os, fue apu\u00f1alada 11 veces y asesinada y luego su cuerpo fue incendiado por Yacine Mihoub de 29 a\u00f1os de edad, el nieto de su vecino en el edificio donde viv\u00eda. Seg\u00fan informes, su ataque fue alimentado por un \u00abcontexto de antisemitismo\u00bb y \u00abprejuicios\u00bb sobre la supuesta riqueza del pueblo jud\u00edo, lo que lo llev\u00f3 a creer que Knoll ten\u00eda \u00abtesoros escondidos\u00bb en su casa.<a href=\"#_edn25\" name=\"_ednref25\">[25]<\/a> En noviembre del 2021, m\u00e1s de tres a\u00f1os despu\u00e9s del asesinato de Knoll, Mihoub fue condenado a cadena perpetua sin posibilidad de libertad condicional durante 22 a\u00f1os.<a href=\"#_edn26\" name=\"_ednref26\">[26]<\/a><\/p>\n<p><strong>Ren\u00e9 Hadjaj &#8211; Asesinado por Rachid Kheniche<\/strong><\/p>\n<p>En Lyon, el d\u00eda 17 de mayo del presente a\u00f1o 2022, Ren\u00e9 Hadjadj, un individuo jud\u00edo de 89 a\u00f1os, fue arrojado por la ventana de su apartamento en el piso 17 por su vecino Rachid Kheniche, de 51 a\u00f1os. Inicialmente, los investigadores no acusaron a Kheniche de un delito racista.<a href=\"#_edn27\" name=\"_ednref27\">[27]<\/a> Sin embargo, el fiscal de Lyon ha \u00abpedido a los jueces que consideren\u00bb la posibilidad de que el delito se haya cometido debido a la \u00abetnia, nacionalidad, raza o religi\u00f3n\u00bb de Hadjadj.<a href=\"#_edn28\" name=\"_ednref28\">[28]<\/a><\/p>\n<p>Una vez m\u00e1s, la misma renuencia oficial, la misma vacilaci\u00f3n inquietante y despreciable de llamar a este tipo de violencia antisemita, incluso consider\u00e1ndolo de rotundo asesinato antisemita, como definirlo siendo lo que es. Es, de nuevo, la justicia francesa.<\/p>\n<p><em>*Yigal Carmon es presidente de MEMRI.<\/em><\/p>\n<hr \/>\n<p><a href=\"#_ednref1\" name=\"_edn1\">[1]<\/a> Tatai tambi\u00e9n se escribe Tataiat.<\/p>\n<p><a href=\"#_ednref2\" name=\"_edn2\">[2]<\/a> Sahih Muslim \u2013 2022, Hadithinenglish.blogspot.com\/2021\/05\/hadith-stone-or-tree-would-say-muslim.html. Se desconoce la identidad bot\u00e1nica exacta del \u00e1rbol gharqad mencionado en el hadiz.<\/p>\n<p><a href=\"#_ednref3\" name=\"_edn3\">[3]<\/a> Algunos estudiosos isl\u00e1micos modernos han intentado colocar el hadiz en un contexto muy diferente al utilizado por los extremistas, pero este revisionismo parece ser en gran medida una opini\u00f3n minoritaria. [3] (Abuaminaelias.com\/hadith-of-gharqad-tree) La interpretaci\u00f3n antisemita es tan t\u00f3xica como omnipresente.<\/p>\n<p><a href=\"#_ednref4\" name=\"_edn4\">[4]<\/a> En el 2017, MEMRI lanz\u00f3 un proyecto para monitorear y traducir sermones de imames en Occidente. Hasta la fecha, este proyecto Sermones de imames en Occidente ha publicado 322 sermones de imames en los Estados Unidos, Canad\u00e1, Europa y Australia. En varios casos en Europa, las traducciones de MEMRI de los sermones llevaron a que se tomaran acciones legales en contra de los imames.<\/p>\n<p><a href=\"#_ednref5\" name=\"_edn5\">[5]<\/a> France3-regions.francetvinfo.fr\/occitanie\/haute-garonne\/toulouse\/toulouse-l-imam-de-la-mezquee-d-empalot-mohamed-tataiat-devant-la-justice-pour-antisemitisme-2158402.html, 29 de junio, 2021.<\/p>\n<p><a href=\"#_ednref6\" name=\"_edn6\">[6]<\/a> Le Canard Encha\u00een\u00e9, 22 de septiembre, 2021.<\/p>\n<p><a href=\"#_ednref7\" name=\"_edn7\">[7]<\/a> Lemonde.fr\/societe\/article\/2018\/06\/30\/a-toulouse-ouverture-d-une-enquete-apres-le-preche-d-un-imam_5323602_3224.html, 30 de junio, 2018.<\/p>\n<p><a href=\"#_ednref8\" name=\"_edn8\">[8]<\/a> Cabe se\u00f1alar que unos meses despu\u00e9s el diario <em>Le Monde<\/em> dej\u00f3 de cuestionar la validez de la traducci\u00f3n de MEMRI y comenz\u00f3 a tomar el caso del imam Tatai m\u00e1s en serio.<\/p>\n<p><a href=\"#_ednref9\" name=\"_edn9\">[9]<\/a> Twitter.com\/Sifaoui\/status\/1076196484981420033, 21 de diciembre, 2018.<\/p>\n<p><a href=\"#_ednref10\" name=\"_edn10\">[10]<\/a> France3-regions.francetvinfo.fr\/occitanie\/haute-garonne\/toulouse\/toulouse-6-mois-d-emprisonnement-avec-sursis-et-une-amende-de-10-000-euros-requis-contre-l-imam-mohamed-tataiat-juge-en-appel-2551764.html, 30 de mayo, 2022.<\/p>\n<p><a href=\"#_ednref11\" name=\"_edn11\">[11]<\/a> France24.com\/en\/france\/20211015-the-violence-shook-me-profoundly-teachers-students-remember-samuel-paty-s-murder, 15 de octubre, 2021.<\/p>\n<p><a href=\"#_ednref12\" name=\"_edn12\">[12]<\/a> Ouest-france.fr\/region-occitanie\/toulouse-31000\/six-mois-de-prison-avec-sursis-requis-contre-un-imam-de-toulouse-juge-pour-incitation-a-la-haine-7793352, 31 de mayo, 2022.<\/p>\n<p><a href=\"#_ednref13\" name=\"_edn13\">[13]<\/a> Theguardian.com\/world\/2018\/nov\/27\/how-the-murders-of-two-elderly-jewish-women-shook-france-antisemitism-mireille-knoll-sarah-halimi, 27 de noviembre, 2018.<\/p>\n<p><a href=\"#_ednref14\" name=\"_edn14\">[14]<\/a> Theguardian.com\/world\/2018\/nov\/27\/how-the-murders-of-two-elderly-jewish-women-shook-france-antisemitism-mireille-knoll-sarah-halimi, 27 de noviembre, 2018.<\/p>\n<p><a href=\"#_ednref15\" name=\"_edn15\">[15]<\/a> Jpost.com\/magazine\/features\/two-sons-of-france-166349, 24 de enero, 2010.<\/p>\n<p><a href=\"#_ednref16\" name=\"_edn16\">[16]<\/a> Jewishnews.co.uk\/president-macron-says-2003-slaying-of-french-jew-was-anti-semitic, 29 de mayo, 2018.<\/p>\n<p><a href=\"#_ednref17\" name=\"_edn17\">[17]<\/a> France24.com\/en\/20090710-barbarians-gang-leader-gets-life-murder-case-, 12 de julio, 2009.<\/p>\n<p><a href=\"#_ednref18\" name=\"_edn18\">[18]<\/a> Washingtonpost.com\/world\/europe\/in-france-the-murder-of-a-jewish-woman-ignites-a-debate-over-terrorism\/2017\/07\/23\/4c79fe28-6bb9-11e7-abbc -a53480672286_story.html, 23 de julio, 2017.<\/p>\n<p><a href=\"#_ednref19\" name=\"_edn19\">[19]<\/a> BBC.com\/news\/world-europe-56929040, 3 de mayo, 2021; Theguardian.com\/world\/2021\/apr\/25\/protest-in-france-as-man-accused-of-killing-jewish-woman-avoids-trial, 25 de abril, 2021.<\/p>\n<p><a href=\"#_ednref20\" name=\"_edn20\">[20]<\/a> Theguardian.com\/world\/2021\/apr\/25\/protest-in-france-as-man-accused-of-killing-jewish-woman-avoids-trial, 25 de abril, 2021.<\/p>\n<p><a href=\"#_ednref21\" name=\"_edn21\">[21]<\/a> Thetimes.co.uk\/article\/antisemitic-killing-hushed-up-for-election-campaigns-zzbfg8x3k, 23 de mayo, 2017.<\/p>\n<p><a href=\"#_ednref22\" name=\"_edn22\">[22<\/a>] Thejc.com\/news\/world\/sarah-halimi&#8217;s-killer-is-let-out-on-day-release-and-could-soon-be-freed-2Rg4dSrv8wn8lCwM9x1KrH, 27 de enero, 2022.<\/p>\n<p><a href=\"#_ednref23\" name=\"_edn23\">[23]<\/a> Nytimes.com\/2006\/03\/05\/world\/europe\/torture-and-death-of-jew-deepen-fears-in-france.html, 5 de marzo, 2006; Washingtonpost.com\/world\/europe\/in-france-the-murder-of-a-jewish-woman-ignites-a-debate-over-terrorism\/2017\/07\/23\/4c79fe28-6bb9-11e7-abbc-a53480672286_story.html, 23 de julio, 2017.<\/p>\n<p><a href=\"#_ednref24\" name=\"_edn24\">[24]<\/a> Washingtonpost.com\/world\/europe\/in-france-the-murder-of-a-jewish-woman-ignites-a-debate-over-terrorism\/2017\/07\/23\/4c79fe28-6bb9-11e7-abbc -a53480672286_story.html, 23 de julio, 2017.<\/p>\n<p><a href=\"#_ednref25\" name=\"_edn25\">[25]<\/a> BBC.com\/news\/world-europe-59239981, 10 de noviembre, 2021; Theguardian.com\/world\/2021\/nov\/10\/life-sentence-for-murderer-of-french-holocaust-survivor-mireille-knoll, 1 de noviembre, 2021.<\/p>\n<p><a href=\"#_ednref26\" name=\"_edn26\">[26]<\/a> Theguardian.com\/world\/2021\/nov\/10\/life-sentence-for-murderer-of-french-holocaust-survivor-mireille-knoll, 10 de noviembre, 2021.<\/p>\n<p><a href=\"#_ednref27\" name=\"_edn27\">[27]<\/a> Theguardian.com\/world\/2022\/may\/27\/french-prosecutor-says-antisemitism-suspected-in-of-elderly-man, 27 de mayo, 2022; Youtube.com\/watch?v=7nl7JULVd8Q, 25 de mayo, 2022.<\/p>\n<p><a href=\"#_ednref28\" name=\"_edn28\">[28]<\/a> Theguardian.com\/world\/2022\/may\/27\/french-prosecutor-says-antisemitism-suspected-in-of-elderly-man, 27 de mayo, 2022; Youtube.com\/watch?v=7nl7JULVd8Q, 25 de mayo, 2022.<\/p>\n","protected":false},"excerpt":{"rendered":"<p>El d\u00eda 15 de diciembre del 2017 el imam Mohamed Tatai[1] de la Gran Mezquita de Toulouse, Francia, pronunci\u00f3 un serm\u00f3n de los viernes en el que se refiri\u00f3 a un conocido hadiz acerca del destino de los jud\u00edos en el d\u00eda del juicio final. El hadiz es el siguiente. \u201cLa hora final no llegar\u00e1 [&hellip;]<\/p>\n","protected":false},"author":1,"featured_media":61285,"comment_status":"open","ping_status":"open","sticky":false,"template":"","format":"standard","meta":{"footnotes":""},"categories":[4,8,2],"tags":[],"class_list":["post-61284","post","type-post","status-publish","format-standard","has-post-thumbnail","hentry","category-archivos","category-alertas-especiales","category-featured"],"_links":{"self":[{"href":"https:\/\/www2.memri.org\/espanol\/wp-json\/wp\/v2\/posts\/61284","targetHints":{"allow":["GET"]}}],"collection":[{"href":"https:\/\/www2.memri.org\/espanol\/wp-json\/wp\/v2\/posts"}],"about":[{"href":"https:\/\/www2.memri.org\/espanol\/wp-json\/wp\/v2\/types\/post"}],"author":[{"embeddable":true,"href":"https:\/\/www2.memri.org\/espanol\/wp-json\/wp\/v2\/users\/1"}],"replies":[{"embeddable":true,"href":"https:\/\/www2.memri.org\/espanol\/wp-json\/wp\/v2\/comments?post=61284"}],"version-history":[{"count":0,"href":"https:\/\/www2.memri.org\/espanol\/wp-json\/wp\/v2\/posts\/61284\/revisions"}],"wp:featuredmedia":[{"embeddable":true,"href":"https:\/\/www2.memri.org\/espanol\/wp-json\/wp\/v2\/media\/61285"}],"wp:attachment":[{"href":"https:\/\/www2.memri.org\/espanol\/wp-json\/wp\/v2\/media?parent=61284"}],"wp:term":[{"taxonomy":"category","embeddable":true,"href":"https:\/\/www2.memri.org\/espanol\/wp-json\/wp\/v2\/categories?post=61284"},{"taxonomy":"post_tag","embeddable":true,"href":"https:\/\/www2.memri.org\/espanol\/wp-json\/wp\/v2\/tags?post=61284"}],"curies":[{"name":"wp","href":"https:\/\/api.w.org\/{rel}","templated":true}]}}