{"id":61216,"date":"2022-05-30T12:49:41","date_gmt":"2022-05-30T16:49:41","guid":{"rendered":"https:\/\/www2.memri.org\/espanol\/?p=61216"},"modified":"2022-05-30T12:49:41","modified_gmt":"2022-05-30T16:49:41","slug":"en-el-dia-de-jerusalen-en-israel-la-prensa-del-gobierno-de-qatar-incita-contra-israel-este-busca-demoler-al-aqsa-y-la-cupula-de-la-roca-este-es-un-dia-sagrado-de-resistencia-que-debe-convertirse-en","status":"publish","type":"post","link":"https:\/\/www2.memri.org\/espanol\/en-el-dia-de-jerusalen-en-israel-la-prensa-del-gobierno-de-qatar-incita-contra-israel-este-busca-demoler-al-aqsa-y-la-cupula-de-la-roca-este-es-un-dia-sagrado-de-resistencia-que-debe-convertirse-en\/61216","title":{"rendered":"En el D\u00eda de Jerusal\u00e9n en Israel, la prensa del gobierno de Qatar incita contra Israel: Este busca demoler Al-Aqsa y la C\u00fapula de la Roca; este es un d\u00eda sagrado de resistencia que debe convertirse en un d\u00eda mundial de ira"},"content":{"rendered":"<p><em>En el D\u00eda de Jerusal\u00e9n en Israel (29 de mayo, 2022) y en anticipo a la Marcha de la Bandera que tradicionalmente se celebra en la ciudad ese d\u00eda, dos diarios del gobierno de Qatar publicaron editoriales que incitaban en contra de Israel, lo amenazaban y ped\u00edan un levantamiento en su contra. El editorial del diario Al-Watan afirm\u00f3 que la realizaci\u00f3n de la Marcha de la Bandera seg\u00fan la ruta prevista, que pasa por la Puerta de Damasco y el barrio musulm\u00e1n de la antigua Ciudad, es un acto de provocaci\u00f3n por parte de Israel, que busca \u201cdividir Al-Aqsa entre musulmanes y jud\u00edos y \u201cdemoler la C\u00fapula de la Roca y la Mezquita Al-Aqsa\u201d. El editorial describi\u00f3 el d\u00eda 29 de mayo como un \u201cd\u00eda sagrado\u201d del levantamiento palestino para defender Jerusal\u00e9n contra \u201clos complots judaizantes de la ocupaci\u00f3n\u201d y llam\u00f3 a convertirlo en un d\u00eda de furia en todos los pa\u00edses del mundo en solidaridad con los palestinos residentes en Jerusal\u00e9n. El editorial del diario Al-Sharq afirm\u00f3 que la insistencia de Israel en realizar la marcha fue un acto que \u201cclaramente invita a una escalada y a un nuevo ciclo de violencia en la regi\u00f3n\u201d. Este editorial agreg\u00f3 que, \u201cante la escalada israel\u00ed y la provocadora marcha, aparentemente todas las opciones est\u00e1n abiertas en cuanto al desarrollo de los acontecimientos en los territorios palestinos\u201d.<\/em><\/p>\n<figure style=\"width: 560px\" class=\"wp-caption alignnone\"><img loading=\"lazy\" decoding=\"async\" src=\"https:\/\/www.memri.org\/sites\/default\/files\/2022\/Long%20logos.PNG\" alt=\"Logotipos de Al-Watan y de Al-Sharq\" width=\"560\" height=\"132\" \/><figcaption class=\"wp-caption-text\">Logotipos de Al-Watan y de Al-Sharq<\/figcaption><\/figure>\n<p>&nbsp;<\/p>\n<p><em>Lo siguiente son extractos traducidos de los dos editoriales:<\/em><\/p>\n<p><strong>Editorial en el diario del gobierno qatar\u00ed <em>Al-Watan<\/em>: Hoy las masas palestinas lanzar\u00e1n su levantamiento en defensa de Jerusal\u00e9n y de Al-Aqsa<\/strong><\/p>\n<p>El editorial publicado el 29 de mayo, 2022 del diario qatar\u00ed <em>Al-Watan<\/em>, titulado \u201cDefendiendo los lugares sagrados\u201d, afirm\u00f3 lo siguiente: \u201cHoy domingo 29 de mayo, 2022 los palestinos est\u00e1n llamando a izar las banderas nacionales en todas partes, en protesta por la Marcha de la Bandera que el primer ministro de Israel Naftali Bennett, decidi\u00f3 dejar como estaba (es decir, sin alterar su ruta), como una nueva provocaci\u00f3n israel\u00ed. Hoy las masas palestinas lanzan su sublevaci\u00f3n en defensa de Jerusal\u00e9n y de Al-Aqsa, que requiere del apoyo de las naciones \u00e1rabes e isl\u00e1micas, de sus reg\u00edmenes y sus pueblos. Este domingo es un d\u00eda sagrado dedicado a frustrar los complots de judaizaci\u00f3n de la ocupaci\u00f3n, lo cual es un deber hist\u00f3rico que nos ata\u00f1e a todos. Debemos crear una realidad de oposici\u00f3n general ante la marcha, que pasar\u00e1 por la Puerta de Damasco, un lugar que le pertenece a los residentes palestinos de Jerusal\u00e9n, porque, durante la marcha, los colonos gritan consignas insultantes y repugnantes que ofenden a los religiosos y al sentimiento nacional y esto es una provocaci\u00f3n contra todos los \u00e1rabes y musulmanes, sin excepci\u00f3n alguna.<\/p>\n<p>\u201cApoyar la causa palestina por todos los medios (financieros, de moral, medi\u00e1ticos y otros) es ahora m\u00e1s importante y crucial que nunca, porque la victoria de los palestinos es la victoria de nuestra religi\u00f3n, de nuestra afiliaci\u00f3n nacional y de nuestra identidad \u00e1rabe. El tema de Jerusal\u00e9n no es solamente palestino o \u00e1rabe, sino pan-musulm\u00e1n y la realidad actual exige convertir este d\u00eda en un d\u00eda de furia en todos los pa\u00edses del mundo, en solidaridad con el pueblo de Jerusal\u00e9n. La ocupaci\u00f3n busca dividir el \u00e1rea y los tiempos de rezos en Al-Aqsa entre musulmanes y jud\u00edos en preparaci\u00f3n para la demolici\u00f3n de la C\u00fapula de la Roca y la Mezquita Al-Aqsa. Todos los \u00e1rabes y musulmanes deben actuar en conjunto para transmitir un mensaje claro, que este comportamiento equivale a jugar con fuego y puede tener consecuencias significativas. Estas consecuencias deben evitarse mediante esfuerzos serios y responsables para incitar a la comunidad internacional a cumplir con su deber desatendido de traducir sus resoluciones en acciones y presionar por el establecimiento de un estado palestino con Jerusal\u00e9n oriental como su capital. De lo contrario, las autoridades de ocupaci\u00f3n continuar\u00e1n implementando su plan de judaizar Jerusal\u00e9n y apoderarse de sus lugares sagrados, que son sagrados para todos los musulmanes y \u00e1rabes en todas partes del mundo\u00bb.<a href=\"#_edn1\" name=\"_ednref1\">[1]<\/a><\/p>\n<p><strong>Editorial en el diario del gobierno qatar\u00ed <em>Al-Sharq<\/em>: Israel se invita a si misma a una escalada e inicia un nuevo ciclo de violencia en la regi\u00f3n<\/strong><\/p>\n<p>El editorial del diario estatal qatar\u00ed <em>Al-Sharq<\/em> publicado el d\u00eda 29 de mayo, 2022 dice lo siguiente: \u201cLa insistencia del gobierno de la entidad israel\u00ed de permitir que los colonos celebren la provocativa Marcha de la Bandera israel\u00ed la cual est\u00e1 programada para hoy, domingo 29 de mayo y de invadir Jerusal\u00e9n oriental y sus vecindarios claramente invitan a una escalada y encienden un nuevo ciclo de violencia en la regi\u00f3n en respuesta a una ideolog\u00eda de derecha ignorante y extremista junto a los planes de expansi\u00f3n y judaizaci\u00f3n por parte de los colonos.<\/p>\n<p>\u201cEsta marcha, que se\u00f1ala el aniversario de la ocupaci\u00f3n de Jerusal\u00e9n oriental por Israel, ha provocado muchos enfrentamientos con el pueblo palestino a lo largo de los a\u00f1os, el \u00faltimo de los cuales fue la campa\u00f1a Espada de Jerusal\u00e9n (es decir, la ronda de combates en Gaza en mayo del a\u00f1o 2021), que lanz\u00f3 la resistencia palestina en respuesta a la agresi\u00f3n militar de Israel contra la Franja de Gaza el a\u00f1o pasado\u2026<\/p>\n<p>\u201cHoy, ante la escalada israel\u00ed y la provocadora marcha, parece ser que todas las opciones est\u00e1n abiertas en cuanto al desarrollo de los acontecimientos en los territorios palestinos, dadas las amenazas transmitidas por la resistencia palestina y las repetidas advertencias del gobierno palestino, que responsabiliza total y directamente al primer ministro de la entidad israel\u00ed, el extremista Naftali Bennett, de hacer estallar el escenario del conflicto y de la regi\u00f3n en su conjunto, y advierte que la marcha conducir\u00e1 a conflictos religiosos incontrolables.<\/p>\n<p>\u201cEsta escalada y sus repercusiones, especialmente las violaciones contra Jerusal\u00e9n y los lugares sagrados all\u00ed, es una amenaza muy real para la seguridad y la estabilidad de la regi\u00f3n, ya que es un acto flagrante de desaf\u00edo contra el pueblo palestino y las naciones \u00e1rabes e isl\u00e1micas, lo que abre la puerta a una desastrosa guerra regional.<\/p>\n<p>\u201cEs inconcebible que la comunidad internacional deba tomar el papel de observador desde el margen frente a esta grave amenaza a la paz y la seguridad del mundo y no tome las medidas necesarias para prevenir los desastrosos escenarios que pueden desarrollarse debido a la actual situaci\u00f3n de cr\u00edmenes y provocaciones de la ocupaci\u00f3n israel\u00ed contra el pueblo palestino\u00bb.<a href=\"#_edn2\" name=\"_ednref2\">[2]<\/a><\/p>\n<hr \/>\n<p><a href=\"#_ednref1\" name=\"_edn1\">[1]<\/a> <em>Al-Watan<\/em> (Qatar), 29 de mayo. 2022.<\/p>\n<p><a href=\"#_ednref2\" name=\"_edn2\">[2]<\/a> <em>Al-Sharq<\/em> (Qatar), 29 de mayo. 2022.<\/p>\n","protected":false},"excerpt":{"rendered":"<p>En el D\u00eda de Jerusal\u00e9n en Israel (29 de mayo, 2022) y en anticipo a la Marcha de la Bandera que tradicionalmente se celebra en la ciudad ese d\u00eda, dos diarios del gobierno de Qatar publicaron editoriales que incitaban en contra de Israel, lo amenazaban y ped\u00edan un levantamiento en su contra. El editorial del [&hellip;]<\/p>\n","protected":false},"author":1,"featured_media":61217,"comment_status":"open","ping_status":"open","sticky":false,"template":"","format":"standard","meta":{"footnotes":""},"categories":[4,6,18,24],"tags":[],"class_list":["post-61216","post","type-post","status-publish","format-standard","has-post-thumbnail","hentry","category-archivos","category-comunicados-especiales","category-paises","category-golfo-persico"],"_links":{"self":[{"href":"https:\/\/www2.memri.org\/espanol\/wp-json\/wp\/v2\/posts\/61216","targetHints":{"allow":["GET"]}}],"collection":[{"href":"https:\/\/www2.memri.org\/espanol\/wp-json\/wp\/v2\/posts"}],"about":[{"href":"https:\/\/www2.memri.org\/espanol\/wp-json\/wp\/v2\/types\/post"}],"author":[{"embeddable":true,"href":"https:\/\/www2.memri.org\/espanol\/wp-json\/wp\/v2\/users\/1"}],"replies":[{"embeddable":true,"href":"https:\/\/www2.memri.org\/espanol\/wp-json\/wp\/v2\/comments?post=61216"}],"version-history":[{"count":0,"href":"https:\/\/www2.memri.org\/espanol\/wp-json\/wp\/v2\/posts\/61216\/revisions"}],"wp:featuredmedia":[{"embeddable":true,"href":"https:\/\/www2.memri.org\/espanol\/wp-json\/wp\/v2\/media\/61217"}],"wp:attachment":[{"href":"https:\/\/www2.memri.org\/espanol\/wp-json\/wp\/v2\/media?parent=61216"}],"wp:term":[{"taxonomy":"category","embeddable":true,"href":"https:\/\/www2.memri.org\/espanol\/wp-json\/wp\/v2\/categories?post=61216"},{"taxonomy":"post_tag","embeddable":true,"href":"https:\/\/www2.memri.org\/espanol\/wp-json\/wp\/v2\/tags?post=61216"}],"curies":[{"name":"wp","href":"https:\/\/api.w.org\/{rel}","templated":true}]}}