{"id":61144,"date":"2022-05-11T13:17:59","date_gmt":"2022-05-11T17:17:59","guid":{"rendered":"https:\/\/www2.memri.org\/espanol\/?p=61144"},"modified":"2022-05-12T13:28:58","modified_gmt":"2022-05-12T17:28:58","slug":"escritor-tunecino-ramadan-no-sera-el-mes-de-la-tolerancia-mientras-prevalezca-el-extremismo-islamico","status":"publish","type":"post","link":"https:\/\/www2.memri.org\/espanol\/escritor-tunecino-ramadan-no-sera-el-mes-de-la-tolerancia-mientras-prevalezca-el-extremismo-islamico\/61144","title":{"rendered":"Escritor tunecino: Ramad\u00e1n no ser\u00e1 el mes de la tolerancia mientras prevalezca el extremismo isl\u00e1mico"},"content":{"rendered":"<p><em>En su columna publicada el d\u00eda 20 de abril del presente a\u00f1o 2022 en el portal liberal Elaph.com, el autor y periodista tunecino Hassouna Al-Misbahi se quej\u00f3 de que, Ramad\u00e1n, en lugar de ser un mes de paz, tolerancia y solidaridad, se ha convertido en un mes en el que los musulmanes extremistas perpetran masacres y se emiten fatuas que fomentan e incitan a la violencia.<\/em><a href=\"#_edn1\" name=\"_ednref1\">[1]<\/a> <em>Al mencionar la acci\u00f3n de quemar el Cor\u00e1n, hecho ocurrido en Suecia hace varias semanas por un activista de extrema derecha, este afirm\u00f3 que los musulmanes tienen participaci\u00f3n en provocar actos atroces de este tipo. Al-Misbahi se\u00f1al\u00f3, por ejemplo, que los inmigrantes musulmanes en Occidente han perpetrado terribles actos terroristas en nombre del Cor\u00e1n y se han inmolado en zonas abarrotadas de gente mientras gritaban a todo pulm\u00f3n \u201cAl\u00e1 Akbar\u201d. Este tambi\u00e9n se\u00f1al\u00f3 la incitaci\u00f3n difundida por predicadores extremistas en las mezquitas en Occidente y en los pa\u00edses \u00e1rabes e isl\u00e1micos, que fomentan el terrorismo e incluso prometen que sus perpetradores ser\u00e1n recompensados ??en el Para\u00edso con v\u00edrgenes y con r\u00edos de leche y miel. Al-Misbahi agreg\u00f3 que los pa\u00edses \u00e1rabes y musulmanes no hacen nada para combatir la incitaci\u00f3n de los extremistas y que incluso las \u00e9lites intelectuales temen enfrentarlos. \u201cMientras persista esta situaci\u00f3n\u201d, este advirti\u00f3, \u201cRamad\u00e1n seguir\u00e1 careciendo de todo valor espiritual y humano\u201d.<\/em><\/p>\n<figure style=\"width: 729px\" class=\"wp-caption alignnone\"><img loading=\"lazy\" decoding=\"async\" class=\"half-\" src=\"https:\/\/www.memri.org\/sites\/default\/files\/2022\/SD9960.jpg\" alt=\"Hassouna Al-Misbahi (Fuente: Machahid24.com)\" width=\"729\" height=\"434\" \/><figcaption class=\"wp-caption-text\">Hassouna Al-Misbahi (Fuente: Machahid24.com)<\/figcaption><\/figure>\n<p><em>Lo siguiente son extractos traducidos de su columna.<\/em><a href=\"#_edn2\" name=\"_ednref2\">[2]<\/a><\/p>\n<p>\u201cCada a\u00f1o, el Ramad\u00e1n no es de ninguna manera un mes de tolerancia, paz, amor, solidaridad, compasi\u00f3n y de perd\u00f3n, tal como les gustar\u00eda a los musulmanes de todo el mundo. En muchos casos, Ramad\u00e1n ha sido testigo de masacres y cr\u00edmenes terribles en los que estuvieron involucrados musulmanes extremistas y fatuas extra\u00f1os y desconcertantes que permiten asesinar, descuartizar, casar a chiquillas de diez a\u00f1os, apedrear a mujeres acusadas de rebelarse contra los &#8216;valores isl\u00e1micos&#8217; y de &#8216;contaminarlos&#8217;, azotar y encarcelar a aquellos que violan el ayuno. Tambi\u00e9n hubo fatuas que prohib\u00edan la m\u00fasica, el canto y el baile\u2026<\/p>\n<p>\u201cCada a\u00f1o existen m\u00e1s indicios de que la situaci\u00f3n de los musulmanes se est\u00e1 deteriorando d\u00eda a d\u00eda y se est\u00e1 volviendo peor que en las \u00e9pocas de estancamiento y de atraso. Cuando abrimos un diario o encendemos la radio o la televisi\u00f3n, nos asombramos rutinariamente al escuchar noticias impactantes y horribles que tienen que ver con el islam y los musulmanes. Este mismo Ramad\u00e1n, un fan\u00e1tico de derecha en la ciudad sueca de Lund quem\u00f3 una copia del Cor\u00e1n frente a sus seguidores y estaba decidido a repetir este acto en muchas otras ciudades suecas. Varios pa\u00edses \u00e1rabes, incluyendo Irak, protestaron por este incidente, pero tal protesta no impresiona a nadie. Los musulmanes deber\u00edan examinarse mejor y preguntarse qu\u00e9 caus\u00f3 que este extremista sueco perpetrara este acto atroz. La primera y principal raz\u00f3n es que los inmigrantes del mundo \u00e1rabe y musulm\u00e1n han perpetrado terribles cr\u00edmenes terroristas en sus pa\u00edses anfitriones mientras gritaban nuestro &#8216;Al\u00e1 Akbar, Al\u00e1 Akbar&#8217;.<\/p>\n<p>\u201cAlgunos de estos inmigrantes ni siquiera pueden recitar correctamente la <em>Fatiha<\/em> (el primer sura del Cor\u00e1n) o cualquier otro sura cor\u00e1nico, aun as\u00ed perpetran masacres y se hacen estallar por los aires en un centro comercial, en un tren, en una calle repleta de gente o en un club nocturno con el prop\u00f3sito de asesinar a decenas de v\u00edctimas, en nombre del Cor\u00e1n. Otra raz\u00f3n es que la mayor\u00eda de los pa\u00edses \u00e1rabes e isl\u00e1micos no brindan servicios culturales a sus di\u00e1sporas mediante el establecimiento de clubes para que puedan visitarlos y familiarizarse con su cultura nacional: su literatura, m\u00fasica, arte y cine. Al contrario, estos pa\u00edses ignoran a las di\u00e1sporas, hasta que los ex-patriados no les queda m\u00e1s remedio que visitar mezquitas dirigidas por extremistas que se permiten a s\u00ed mismos sembrar un discurso de lucha y pronuncian sermones que instigan y promueven la lucha entre las religiones, entre Occidente y el Medio Oriente e incluso entre los musulmanes. Adem\u00e1s, estos extremistas no dudan en tolerar el terrorismo y elogiar a sus perpetradores, prometi\u00e9ndoles las v\u00edrgenes del para\u00edso y r\u00edos que fluyen con leche y miel pura.<\/p>\n<p>\u201cTodos estos sermones y falsos fatuas hacen que sea imposible distinguir entre un santo y un pecador, entre el bien y el mal y entre el bien y el mal en el mundo musulm\u00e1n, el cual est\u00e1 sumido en crisis y no puede recuperarse de una crisis sin hundirse en otra crisis a\u00fan peor. Con este caos que crece cada d\u00eda m\u00e1s, los predicadores del extremismo y del terrorismo ciego se han apoderado del destino musulm\u00e1n y si alguna persona u organizaci\u00f3n intenta oponerse a ellos, desenfundan sus armas y lanzan amenazas, como si fueran ellos los representantes exclusivos del esp\u00edritu del sharia isl\u00e1mico.<\/p>\n<p>\u201cSi hubi\u00e9ramos observado muy de cerca las acciones de estos extremistas, hubi\u00e9semos inferido, sin ning\u00fan tipo de esfuerzo, de que estos da\u00f1an y perjudican al islam m\u00e1s que nadie y que pueden da\u00f1arlo incluso m\u00e1s que a sus enemigos. En las \u00faltimas d\u00e9cadas le han causado un da\u00f1o inmenso, que ni el tiempo podr\u00e1 curar f\u00e1cilmente. Los extremistas son expertos en decirle a la gente que pueden promulgar la justicia y la libertad y eliminar la injusticia, pero sus mentiras y sus despreciables m\u00e9todos de enga\u00f1o y de ilusiones de mercadeo muy pronto quedan al descubierto.<\/p>\n<p>\u201cUna fuente de preocupaci\u00f3n y perplejidad es que la mayor\u00eda de los pa\u00edses isl\u00e1micos no parecen ser capaces de lidiar con estos extremistas. Las \u00e9lites intelectuales y culturales les temen y por eso evitan oponerse a ellos con la misma valent\u00eda mostrada por los pensadores en Occidente que se pronuncian contra los extremistas en sus propios pa\u00edses. Mientras persista esta situaci\u00f3n, el Ramad\u00e1n seguir\u00e1 careciendo de cualquier valor espiritual y humano\u201d.<\/p>\n<hr \/>\n<p><a href=\"#_ednref1\" name=\"_edn1\">[1]<\/a> Cabe mencionar que Al-Misbahi no menciona en su art\u00edculo que el Ramad\u00e1n es considerado en el islam como el mes del yihad y el martirio. Sobre este tema v\u00e9ase los siguientes Informes de MEMRI:<\/p>\n<p>Informes especiales &#8211; Tercera edici\u00f3n de la revista del EIIS &#8216;Voz de Joras\u00e1n&#8217; destaca la importancia del yihad en el mes de ayuno del Ramad\u00e1n e insta a los musulmanes a adoptar la metodolog\u00eda del EIIS &#8211; 11\/04\/22<\/p>\n<p>Serie de MEMRI Despacho Especial No. 9316 &#8211; Art\u00edculo en portal de Al-Jazeera: Ramad\u00e1n, &#8216;mes del yihad y de las victorias&#8217;, es la temporada de las operaciones armadas palestinas &#8211; 03\/05\/21<\/p>\n<p>Serie de MEMRI Despacho Especial No. 8096 &#8211; Cl\u00e9rigos egipcios y art\u00edculos: Ramad\u00e1n es el mes del yihad y de las victorias &#8211; 30\/05\/19;<\/p>\n<p>Serie de MEMRI Despacho Especial No. 6933 &#8211; Yihad y martirio en los libros de texto de la Autoridad Palestina &#8211; 21\/05\/17;<\/p>\n<p>Serie de MEMRI Despacho Especial No. 6468 &#8211; Un d\u00eda antes del ataque terrorista en Tel Aviv, un art\u00edculo en el portal de Ham\u00e1s llama a los musulmanes a emprender el yihad &#8211; &#8216;El pin\u00e1culo del islam&#8217; &#8211; durante Ramad\u00e1n, &#8216;El mes del yihad&#8217; &#8211; 09\/06\/16;<\/p>\n<p>Serie de MEMRI Despacho Especial No. 6091 &#8211; Portales de Ham\u00e1s y del grupo Yihad Isl\u00e1mico: Los ataques durante Ramad\u00e1n tienen un sabor especial de sacrificio, yihad y de victoria &#8211; 02\/07\/15;<\/p>\n<p>Serie de MEMRI Despacho Especial No. 6089 &#8211; Revista talib\u00e1n en la red celebra Ramad\u00e1n como el mes del yihad y de la victoria y llama a los musulmanes a cumplir con su deber en el Ramad\u00e1n donando dinero para el yihad &#8211; 01\/07\/15;<\/p>\n<p>Serie de MEMRI Despacho Especial No. 6085 &#8211; Ramad\u00e1n &#8211; el mes de la espiritualidad, devoci\u00f3n, yihad y el martirio &#8211; 29\/06\/15<\/p>\n<p><a href=\"#_ednref2\" name=\"_edn2\">[2]<\/a> Elaph.com, 20 de abril, 2022.<\/p>\n","protected":false},"excerpt":{"rendered":"<p>En su columna publicada el d\u00eda 20 de abril del presente a\u00f1o 2022 en el portal liberal Elaph.com, el autor y periodista tunecino Hassouna Al-Misbahi se quej\u00f3 de que, Ramad\u00e1n, en lugar de ser un mes de paz, tolerancia y solidaridad, se ha convertido en un mes en el que los musulmanes extremistas perpetran masacres [&hellip;]<\/p>\n","protected":false},"author":1,"featured_media":61145,"comment_status":"open","ping_status":"open","sticky":false,"template":"","format":"standard","meta":{"footnotes":""},"categories":[4,6,18,2,29],"tags":[],"class_list":["post-61144","post","type-post","status-publish","format-standard","has-post-thumbnail","hentry","category-archivos","category-comunicados-especiales","category-paises","category-featured","category-africa-del-norte"],"_links":{"self":[{"href":"https:\/\/www2.memri.org\/espanol\/wp-json\/wp\/v2\/posts\/61144","targetHints":{"allow":["GET"]}}],"collection":[{"href":"https:\/\/www2.memri.org\/espanol\/wp-json\/wp\/v2\/posts"}],"about":[{"href":"https:\/\/www2.memri.org\/espanol\/wp-json\/wp\/v2\/types\/post"}],"author":[{"embeddable":true,"href":"https:\/\/www2.memri.org\/espanol\/wp-json\/wp\/v2\/users\/1"}],"replies":[{"embeddable":true,"href":"https:\/\/www2.memri.org\/espanol\/wp-json\/wp\/v2\/comments?post=61144"}],"version-history":[{"count":0,"href":"https:\/\/www2.memri.org\/espanol\/wp-json\/wp\/v2\/posts\/61144\/revisions"}],"wp:featuredmedia":[{"embeddable":true,"href":"https:\/\/www2.memri.org\/espanol\/wp-json\/wp\/v2\/media\/61145"}],"wp:attachment":[{"href":"https:\/\/www2.memri.org\/espanol\/wp-json\/wp\/v2\/media?parent=61144"}],"wp:term":[{"taxonomy":"category","embeddable":true,"href":"https:\/\/www2.memri.org\/espanol\/wp-json\/wp\/v2\/categories?post=61144"},{"taxonomy":"post_tag","embeddable":true,"href":"https:\/\/www2.memri.org\/espanol\/wp-json\/wp\/v2\/tags?post=61144"}],"curies":[{"name":"wp","href":"https:\/\/api.w.org\/{rel}","templated":true}]}}