{"id":61126,"date":"2022-05-09T15:51:23","date_gmt":"2022-05-09T19:51:23","guid":{"rendered":"https:\/\/www2.memri.org\/espanol\/?p=61126"},"modified":"2022-05-09T15:51:23","modified_gmt":"2022-05-09T19:51:23","slug":"periodistas-de-al-jazeera-y-figuras-publicas-en-qatar-tuitean-elogiando-el-ataque-terrorista-del-dia-de-la-independencia-de-israel","status":"publish","type":"post","link":"https:\/\/www2.memri.org\/espanol\/periodistas-de-al-jazeera-y-figuras-publicas-en-qatar-tuitean-elogiando-el-ataque-terrorista-del-dia-de-la-independencia-de-israel\/61126","title":{"rendered":"Periodistas de Al-Jazeera y figuras p\u00fablicas en Qatar tuitean elogiando el ataque terrorista del D\u00eda de la Independencia de Israel"},"content":{"rendered":"<p><em>El d\u00eda 5 de mayo del presente a\u00f1o 2022, D\u00eda de la Independencia de Israel, dos palestinos llevaron a cabo un ataque terrorista mortal en la ciudad israel\u00ed de Elad, asesinando a tres civiles propin\u00e1ndoles con hachazos en la cabeza. Tras el ataque, presentadores y reporteros del canal Al-Jazeera de Qatar, as\u00ed como tambi\u00e9n otros medios y figuras p\u00fablicas en Qatar tuitearon en apoyo al ataque y sus perpetradores. Estos elogiaron el uso de hachas y celebraron el hecho de que el ataque ocurri\u00f3 el D\u00eda de la Independencia de Israel.<\/em><\/p>\n<p><em>Lo siguiente son algunos de estos tuits.<\/em><a href=\"#_edn1\" name=\"_ednref1\">[1]<\/a><\/p>\n<p><strong>Elogios por el ataque y sus perpetradores<\/strong><\/p>\n<p>El presentador de Al-Jazeera Tamer Al-Misshal tuite\u00f3 el d\u00eda 7 de mayo, 2022: \u00abEn la era de la complacencia \u00e1rabe ante Israel, estamos orgullosos de Palestina, de su pueblo y de su resistencia, quienes se rinden solo ante Al\u00e1\u00bb.<a href=\"#_edn2\" name=\"_ednref2\">[2]<\/a><\/p>\n<p>El 8 de mayo, luego que los terroristas fueran capturados, Al-Misshal tuite\u00f3 fotograf\u00edas de los dos, con el comentario: \u00abEstos son los dos j\u00f3venes que avergonzaron a toda la entidad israel\u00ed. La ocupaci\u00f3n ha arrestado a quienes llevaron a cabo la operaci\u00f3n en Elad tras una persecuci\u00f3n que dur\u00f3 tres d\u00edas\u00bb.<a href=\"#_edn3\" name=\"_ednref3\">[3]<\/a><\/p>\n<p>El presentador de Al-Jazeera Ahmad Mansour, tuite\u00f3 luego de la captura de los terroristas: \u00abEl hecho de que quienes llevaron a cabo la operaci\u00f3n en el asentamiento de Elad lograron esconderse y evadir la captura durante los \u00faltimos d\u00edas a pesar de la cooperaci\u00f3n de seguridad entre la entidad israel\u00ed, la Autoridad y los colaboradores traidores revelan la fragilidad de los aparatos de seguridad de Israel. Los palestinos han obtenido \u00faltimamente avances y logros de seguridad de alt\u00edsima calidad, que prueban que Israel viene experimentando una verdadera derrota en materia de seguridad\u00bb.<a href=\"#_edn4\" name=\"_ednref4\">[4]<\/a><\/p>\n<p>Una caricatura publicada por el diario qatar\u00ed en Londres <em>Al-Quds Al-Arabi<\/em> el d\u00eda 9 de mayo se titula \u00abLa matriz de seguridad sionista\u00bb y muestra la bandera israel\u00ed desintegr\u00e1ndose junto a un hacha goteando sangre.<a href=\"#_edn5\" name=\"_ednref5\">[5]<\/a><\/p>\n<p><strong>Celebrando el uso de hachas<\/strong><\/p>\n<p>Tuiteando bajo el hashtag \u00abLa operaci\u00f3n Elad\u00bb, Muhammad Al-Sagheer, miembro de la Uni\u00f3n Internacional de Estudiosos Musulmanes (UIEM), comparti\u00f3 un gr\u00e1fico que dec\u00eda \u00abPalestina\u00bb, con la letra P en forma de hacha.<a href=\"#_edn6\" name=\"_ednref6\">[6]<\/a><\/p>\n<p>En otro tuit, este comparti\u00f3 un gr\u00e1fico que dice \u00ab2022\u00bb, en el que el n\u00famero final tiene forma de hacha. El mensaje adjunto lee: \u00abEsto es Palestina, donde la operaci\u00f3n Elad ha dejado su huella este a\u00f1o\u00bb.<a href=\"#_edn7\" name=\"_ednref7\">[7]<\/a><\/p>\n<p><strong>Celebrando el hecho de que los ataques tuvieron lugar el D\u00eda de la Independencia de Israel<\/strong><\/p>\n<p>Muhammad Al-Mukhtar Al-Shinqiti, profesor en la Universidad de Qatar y miembro de la Uni\u00f3n Internacional de Estudiosos Musulmanes (UIEM) tuite\u00f3 lo siguiente: \u00abUna patria que es desgarrada con una simple hacha el d\u00eda en que celebra su falsa independencia no es una patria sino una telara\u00f1a: &#8216;Y de hecho, el m\u00e1s d\u00e9bil de los hogares es el hogar de la ara\u00f1a, si tan solo supieran&#8217; (Cor\u00e1n 29: 41)\u00bb.<a href=\"#_edn8\" name=\"_ednref8\">[8]<\/a><\/p>\n<p>El periodista qatar\u00ed Jaber Al-Harmi tuite\u00f3 luego del ataque: \u00abEl D\u00eda del Nakba en Palestina no ser\u00e1 un d\u00eda de independencia para la entidad que usurpa la tierra de los palestinos\u00bb.<a href=\"#_edn9\" name=\"_ednref9\">[9]<\/a><\/p>\n<p><strong>Justificando los ataques<\/strong><\/p>\n<p>El ex-director de Al-Jazeera, el periodista jordano Yasser Abu Hilalah, justific\u00f3 el ataque tuiteando lo siguiente: \u201cLos sionistas creen que han transformado a los tres millones de palestinos de Cisjordania en ovejas que est\u00e1n siendo conducidas al matadero, despojadas de una patria, de ciudadan\u00eda y de un estado. Ellos dividen su pa\u00eds en puestos de control, carreteras, vallas y asentamientos y profanan sus lugares sagrados. Pero los palestinos son ??gente honorable que resisten con todos los medios a su alcance: ametralladoras, piedras, cuchillos o hachas\u00bb.<a href=\"#_edn10\" name=\"_ednref10\">[10]<\/a><\/p>\n<p>El presentador de Al-Jazeera Ahmed Sobhy cit\u00f3 a expertos en leyes que, este afirm\u00f3, justifican el terrorismo. Sobhy tuite\u00f3: \u00abLos expertos en leyes dicen que el derecho internacional permite las operaciones <em>fida&#8217;i<\/em> (es decir, el auto-sacrificio) contra aquellos que ocupan la tierra de otros\u00bb.<a href=\"#_edn11\" name=\"_ednref11\">[11]<\/a><\/p>\n<p>El corresponsal de Al-Jazeera en Washington Wajd Waqfi tuite\u00f3 lo siguiente: \u00abNunca en la historia una entidad ocupante disfrut\u00f3 de seguridad y estabilidad permanente\u00bb.<a href=\"#_edn12\" name=\"_ednref12\">[12]<\/a><\/p>\n<hr \/>\n<p><a href=\"#_ednref1\" name=\"_edn1\">[1]<\/a> Para obtener m\u00e1s respuestas en relaci\u00f3n al ataque en las redes sociales, v\u00e9ase la serie de MEMRI Despacho Especial No. 9950 &#8211; Tras el ataque terrorista de ayer en Elad, Israel, en el que tres israel\u00edes fueron asesinados, usuarios tuitean elogios por el ataque e incitan a realizar m\u00e1s ataques con hachas y cuchillos, 6 de mayo, 2022.<\/p>\n<p><a href=\"#_ednref2\" name=\"_edn2\">[2]<\/a> Twitter.com\/TamerMisshal, 7 de mayo, 2022.<\/p>\n<p><a href=\"#_ednref3\" name=\"_edn3\">[3]<\/a> Twitter.com\/TamerMisshal, 8 de mayo, 2022.<\/p>\n<p><a href=\"#_ednref4\" name=\"_edn4\">[4]<\/a> Twitter.com\/amansouraja, 5 de mayo, 2022. Cabe mencionar que, el d\u00eda 24 de abril, 2022 en respuesta al publicado de MEMRI a informes anteriores que citan declaraciones de Mansour alabando el terrorismo contra los israel\u00edes, Mansour tuite\u00f3 que \u201cuna campa\u00f1a de incitaci\u00f3n y calumnias\u201d contra \u00e9l y sus compa\u00f1eros periodistas en Al-Jazeera, como parte de la cual fueron caracterizados de partidarios del terrorismo. Como muestra este informe, sus declaraciones de elogio al terrorismo contin\u00faan.<\/p>\n<p><a href=\"#_ednref5\" name=\"_edn5\">[5]<\/a> <em>Al-Quds Al-Arabi<\/em> (Londres), 9 de mayo, 2022.<\/p>\n<p><a href=\"#_ednref6\" name=\"_edn6\">[6]<\/a> Twitter.com\/drassagheer, 6 de mayo, 2022.<\/p>\n<p><a href=\"#_ednref7\" name=\"_edn7\">[7]<\/a> Twitter.com\/drassagheer, 7 de mayo, 2022.<\/p>\n<p><a href=\"#_ednref8\" name=\"_edn8\">[8]<\/a> Twitter.com\/mshinqiti, 5 de mayo, 2022.<\/p>\n<p><a href=\"#_ednref9\" name=\"_edn9\">[9]<\/a> Twitter.com\/jaberalharmi, 5 de mayo, 2022.<\/p>\n<p><a href=\"#_ednref10\" name=\"_edn10\">[10]<\/a> Twitter.com\/abuhilalahm 5 de mayo, 2022.<\/p>\n<p><a href=\"#_ednref11\" name=\"_edn11\">[11]<\/a> Twitter.com\/AhmedSobhyTV, 5 de mayo, 2022.<\/p>\n<p><a href=\"#_ednref12\" name=\"_edn12\">[12]<\/a> Twitter.com\/WajdWaqfi, 6 de mayo, 2022.<\/p>\n","protected":false},"excerpt":{"rendered":"<p>El d\u00eda 5 de mayo del presente a\u00f1o 2022, D\u00eda de la Independencia de Israel, dos palestinos llevaron a cabo un ataque terrorista mortal en la ciudad israel\u00ed de Elad, asesinando a tres civiles propin\u00e1ndoles con hachazos en la cabeza. Tras el ataque, presentadores y reporteros del canal Al-Jazeera de Qatar, as\u00ed como tambi\u00e9n otros [&hellip;]<\/p>\n","protected":false},"author":1,"featured_media":61127,"comment_status":"open","ping_status":"open","sticky":false,"template":"","format":"standard","meta":{"footnotes":""},"categories":[4,6,18,2,23,24],"tags":[],"class_list":["post-61126","post","type-post","status-publish","format-standard","has-post-thumbnail","hentry","category-archivos","category-comunicados-especiales","category-paises","category-featured","category-autoridad-palestina","category-golfo-persico"],"_links":{"self":[{"href":"https:\/\/www2.memri.org\/espanol\/wp-json\/wp\/v2\/posts\/61126","targetHints":{"allow":["GET"]}}],"collection":[{"href":"https:\/\/www2.memri.org\/espanol\/wp-json\/wp\/v2\/posts"}],"about":[{"href":"https:\/\/www2.memri.org\/espanol\/wp-json\/wp\/v2\/types\/post"}],"author":[{"embeddable":true,"href":"https:\/\/www2.memri.org\/espanol\/wp-json\/wp\/v2\/users\/1"}],"replies":[{"embeddable":true,"href":"https:\/\/www2.memri.org\/espanol\/wp-json\/wp\/v2\/comments?post=61126"}],"version-history":[{"count":0,"href":"https:\/\/www2.memri.org\/espanol\/wp-json\/wp\/v2\/posts\/61126\/revisions"}],"wp:featuredmedia":[{"embeddable":true,"href":"https:\/\/www2.memri.org\/espanol\/wp-json\/wp\/v2\/media\/61127"}],"wp:attachment":[{"href":"https:\/\/www2.memri.org\/espanol\/wp-json\/wp\/v2\/media?parent=61126"}],"wp:term":[{"taxonomy":"category","embeddable":true,"href":"https:\/\/www2.memri.org\/espanol\/wp-json\/wp\/v2\/categories?post=61126"},{"taxonomy":"post_tag","embeddable":true,"href":"https:\/\/www2.memri.org\/espanol\/wp-json\/wp\/v2\/tags?post=61126"}],"curies":[{"name":"wp","href":"https:\/\/api.w.org\/{rel}","templated":true}]}}