{"id":61117,"date":"2022-05-04T16:17:49","date_gmt":"2022-05-04T20:17:49","guid":{"rendered":"https:\/\/www2.memri.org\/espanol\/?p=61117"},"modified":"2022-05-05T16:28:39","modified_gmt":"2022-05-05T20:28:39","slug":"academico-yemeni-dr-abd-al-wadud-muqasher-los-musulmanes-deben-exterminar-a-los-judios-ala-transformo-a-los-judios-en-monos-y-cerdos-ellos-son-las-criaturas-mas-asquerosas-de-ala","status":"publish","type":"post","link":"https:\/\/www2.memri.org\/espanol\/academico-yemeni-dr-abd-al-wadud-muqasher-los-musulmanes-deben-exterminar-a-los-judios-ala-transformo-a-los-judios-en-monos-y-cerdos-ellos-son-las-criaturas-mas-asquerosas-de-ala\/61117","title":{"rendered":"Acad\u00e9mico yemen\u00ed Dr. Abd Al-Wadud Muqasher: Los musulmanes deben exterminar a los jud\u00edos; Al\u00e1 transform\u00f3 a los jud\u00edos en monos y cerdos, ellos son las criaturas m\u00e1s asquerosas de Al\u00e1"},"content":{"rendered":"<p><em>El profesor universitario yemen\u00ed Dr. Abd Al-Wadud Muqasher dijo en un programa transmitido el 26 de abril del presente a\u00f1o 2022 en el canal de televisi\u00f3n (houties\u2013Yemen) Al-Masirah que el conflicto de los musulmanes con los jud\u00edos es uno religioso y existencial y no es un conflicto sobre fronteras. Este explic\u00f3 que, seg\u00fan el Cor\u00e1n, los jud\u00edos son los \u00abseres humanos m\u00e1s asquerosos y malvados\u00bb y que Al\u00e1 los transform\u00f3 en monos y cerdos. Adem\u00e1s, el Dr. Muqasher dijo que los musulmanes deben exterminar a los jud\u00edos y que todos los musulmanes deben luchar para liberar Palestina y Jerusal\u00e9n de su inmundicia. El Dr. Muqasher tambi\u00e9n cit\u00f3 a Adolf Hitler y su libro Mein Kampf y acus\u00f3 a los jud\u00edos de propagar el Sida, el c\u00e1ncer y la inmoralidad por todo Egipto tras el logro de los acuerdos de Camp David.<\/em><\/p>\n<p><strong>Para ver el video del acad\u00e9mico yemen\u00ed Dr. Abd Al-Wadud Muqasher en el portal MEMRI TV, <a href=\"https:\/\/www.memri.org\/tv\/yemen-houthi-academic-muqasher-hitler-muslim-exterminate-the-jews-liberate-filth\">pulse aqu\u00ed<\/a> o debajo.<\/strong><\/p>\n<p><iframe src=\"https:\/\/www.memri.org\/player\/clip\/56369\/780,440\/1\" width=\"780\" height=\"440\" frameborder=\"0\"><\/iframe><\/p>\n<p><strong>\u00abNuestro conflicto con los jud\u00edos es un conflicto existencial de civilizaciones&#8230; Nosotros debemos ense\u00f1arle a nuestros hijos de que libramos una resistencia contra los seres humanos m\u00e1s inmundos y malvados\u00bb<\/strong><\/p>\n<p><strong>Abd Al-Wadud Muqasher<\/strong>: \u00abSabemos que no estamos luchando solo contra Israel. Si estuvi\u00e9semos luchando solo contra Israel, ya lo hubi\u00e9semos eliminado, pero estamos luchando contra Israel y contra quienes est\u00e1n detr\u00e1s de este &#8211; Estados Unidos y el cruzado Occidente. Nosotros debemos unirnos y combatir contra todos ellos juntos.<\/p>\n<p><img decoding=\"async\" class=\"three-quarter-size-image\" src=\"https:\/\/www.memri.org\/sites\/default\/files\/2022\/MV9529.jpg\" alt=\"\" \/><\/p>\n<p><img decoding=\"async\" class=\"three-quarter-size-image\" src=\"https:\/\/www.memri.org\/sites\/default\/files\/2022\/MV95291.jpg\" alt=\"\" \/><\/p>\n<p><img decoding=\"async\" class=\"three-quarter-size-image\" src=\"https:\/\/www.memri.org\/sites\/default\/files\/2022\/MV95292.jpg\" alt=\"\" \/><\/p>\n<p>\u201cDebemos saber que nuestro conflicto con los jud\u00edos es un conflicto existencial de civilizaciones y no un conflicto de fronteras, ya sean las fronteras de 1967 o de 1948. Todo esto no es cierto, es una ilusi\u00f3n.<\/p>\n<p><img decoding=\"async\" class=\"three-quarter-size-image\" src=\"https:\/\/www.memri.org\/sites\/default\/files\/2022\/MV95293.jpg\" alt=\"\" \/><\/p>\n<p><img decoding=\"async\" class=\"three-quarter-size-image\" src=\"https:\/\/www.memri.org\/sites\/default\/files\/2022\/MV95294.jpg\" alt=\"\" \/><\/p>\n<p>\u00abLa impactante verdad que todos conocen muy bien es que nuestro conflicto con los sionistas es existencial, no es un conflicto sobre fronteras. Debemos ense\u00f1arles a nuestros hijos de que estamos librando una resistencia contra los seres humanos m\u00e1s asquerosos y malvados. Si bien es cierto que son humanos, son los m\u00e1s despreciables, tal como se menciona en el Cor\u00e1n.<\/p>\n<p><img decoding=\"async\" class=\"three-quarter-size-image\" src=\"https:\/\/www.memri.org\/sites\/default\/files\/2022\/MV95295.jpg\" alt=\"\" \/><\/p>\n<p><img decoding=\"async\" class=\"three-quarter-size-image\" src=\"https:\/\/www.memri.org\/sites\/default\/files\/2022\/MV95296.jpg\" alt=\"\" \/><\/p>\n<p><img decoding=\"async\" class=\"three-quarter-size-image\" src=\"https:\/\/www.memri.org\/sites\/default\/files\/2022\/MV95297.jpg\" alt=\"\" \/><\/p>\n<p>\u00abEl Cor\u00e1n menciona que Al\u00e1 los transform\u00f3 en monos y cerdos y en todo lo que es repulsivo para el alma humana.<\/p>\n<p><img decoding=\"async\" class=\"three-quarter-size-image\" src=\"https:\/\/www.memri.org\/sites\/default\/files\/2022\/MV95298.jpg\" alt=\"\" \/><\/p>\n<p>[&#8230;]<\/p>\n<p><strong>Todo musulm\u00e1n \u00abdebe exterminar a los jud\u00edos; no debemos tenderles la mano, porque son las criaturas m\u00e1s despreciables, traicioneras y horripilantes de Al\u00e1\u00bb<\/strong><\/p>\n<p>\u201cLa resistencia contin\u00faa. Los jud\u00edos saben que ser\u00e1n exterminados un d\u00eda, muy pronto.<\/p>\n<p><img decoding=\"async\" class=\"three-quarter-size-image\" src=\"https:\/\/www.memri.org\/sites\/default\/files\/2022\/MV95299.jpg\" alt=\"\" \/><\/p>\n<p>[&#8230;]<\/p>\n<p>\u201cTodo musulm\u00e1n debe luchar para recuperar Palestina, liberar a Palestina de la inmundicia de los jud\u00edos y liberar a Jerusal\u00e9n y la mezquita Al-Aqsa &#8211; la cual es altamente apreciada en nuestros corazones &#8211; de la inmundicia de los jud\u00edos.<\/p>\n<p><img decoding=\"async\" class=\"three-quarter-size-image\" src=\"https:\/\/www.memri.org\/sites\/default\/files\/2022\/MV952910.jpg\" alt=\"\" \/><\/p>\n<p><img decoding=\"async\" class=\"three-quarter-size-image\" src=\"https:\/\/www.memri.org\/sites\/default\/files\/2022\/MV952912.jpg\" alt=\"\" \/><\/p>\n<p><img decoding=\"async\" class=\"three-quarter-size-image\" src=\"https:\/\/www.memri.org\/sites\/default\/files\/2022\/MV952913.jpg\" alt=\"\" \/><\/p>\n<p>\u201cTodo musulm\u00e1n debe exterminarlos. No debemos extenderles la mano, porque son las criaturas m\u00e1s despreciables, traicioneras y horripilantes de Al\u00e1.<\/p>\n<p><img decoding=\"async\" class=\"three-quarter-size-image\" src=\"https:\/\/www.memri.org\/sites\/default\/files\/2022\/MTV9529b.jpg\" alt=\"\" \/><\/p>\n<p><img decoding=\"async\" class=\"three-quarter-size-image\" src=\"https:\/\/www.memri.org\/sites\/default\/files\/2022\/MV952914.jpg\" alt=\"\" \/><\/p>\n<p><strong>Los jud\u00edos, tal como dijo Hitler, \u00abnunca se atienen a ning\u00fan tratado o pacto\u00bb; luego que Sadat firmara los acuerdos de Camp David, Egipto se vio plagado de SIDA, c\u00e1ncer y prostituci\u00f3n<\/strong><\/p>\n<p>\u00abEllos nunca acatan ning\u00fan tratado o pacto. No creen que uno es un ser humano que merece vivir. Creen que eres un <em>dhimmi<\/em> que deber\u00eda ser exterminado. Creen que eres un gentil que deber\u00eda ser su esclavo, nada m\u00e1s, no creen en el di\u00e1logo, ni en los tratados, ni en los acuerdos.<\/p>\n<p><img decoding=\"async\" class=\"three-quarter-size-image\" src=\"https:\/\/www.memri.org\/sites\/default\/files\/2022\/MTV9529c.jpg\" alt=\"\" \/><\/p>\n<p><img decoding=\"async\" class=\"three-quarter-size-image\" src=\"https:\/\/www.memri.org\/sites\/default\/files\/2022\/MV952915_0.jpg\" alt=\"\" \/><\/p>\n<p><img decoding=\"async\" class=\"three-quarter-size-image\" src=\"https:\/\/www.memri.org\/sites\/default\/files\/2022\/MTV9529d.jpg\" alt=\"\" \/><\/p>\n<p>\u00abBasta decir que Hitler escribi\u00f3 en <em>Mein Kampf <\/em>que no se puede llegar a ning\u00fan acuerdo con un jud\u00edo. Un d\u00eda discutes algo con \u00e9l y est\u00e1s de acuerdo en algo y al d\u00eda siguiente este viene y dice: \u00abComencemos la discusi\u00f3n de nuevo otra vez y as\u00ed sucesivamente\u00bb.<\/p>\n<p><strong>Entrevistador<\/strong>: \u00abLos acuerdos que los l\u00edderes palestinos firmaron con ellos en el pasado son la mejor prueba de que este enemigo no se atiene a los pactos y tratados\u00bb.<\/p>\n<p><strong>Muqasher<\/strong>: \u00abIncluso los acuerdos con los pa\u00edses \u00e1rabes&#8230; Sadat, ese traidor, firm\u00f3 los acuerdos de Camp David, \u00bfy qu\u00e9 obtuvo de ellos? El SIDA se ha esparcido en Egipto. Incluso el suelo egipcio fue cambiado con fertilizantes contaminados. Varios tipos de c\u00e1ncer se han esparcido. La prostituci\u00f3n se ha esparcido. Todo se ha esparcido. Esta gente no cree que uno merece vivir\u00bb.<\/p>\n<p><img decoding=\"async\" class=\"three-quarter-size-image\" src=\"https:\/\/www.memri.org\/sites\/default\/files\/2022\/MTV952916_0.jpg\" alt=\"\" \/><\/p>\n<p><img decoding=\"async\" class=\"three-quarter-size-image\" src=\"https:\/\/www.memri.org\/sites\/default\/files\/2022\/MTV952916.jpg\" alt=\"\" \/><\/p>\n","protected":false},"excerpt":{"rendered":"<p>El profesor universitario yemen\u00ed Dr. Abd Al-Wadud Muqasher dijo en un programa transmitido el 26 de abril del presente a\u00f1o 2022 en el canal de televisi\u00f3n (houties\u2013Yemen) Al-Masirah que el conflicto de los musulmanes con los jud\u00edos es uno religioso y existencial y no es un conflicto sobre fronteras. Este explic\u00f3 que, seg\u00fan el Cor\u00e1n, [&hellip;]<\/p>\n","protected":false},"author":1,"featured_media":61118,"comment_status":"open","ping_status":"open","sticky":false,"template":"","format":"standard","meta":{"footnotes":""},"categories":[4,6,2],"tags":[],"class_list":["post-61117","post","type-post","status-publish","format-standard","has-post-thumbnail","hentry","category-archivos","category-comunicados-especiales","category-featured"],"_links":{"self":[{"href":"https:\/\/www2.memri.org\/espanol\/wp-json\/wp\/v2\/posts\/61117","targetHints":{"allow":["GET"]}}],"collection":[{"href":"https:\/\/www2.memri.org\/espanol\/wp-json\/wp\/v2\/posts"}],"about":[{"href":"https:\/\/www2.memri.org\/espanol\/wp-json\/wp\/v2\/types\/post"}],"author":[{"embeddable":true,"href":"https:\/\/www2.memri.org\/espanol\/wp-json\/wp\/v2\/users\/1"}],"replies":[{"embeddable":true,"href":"https:\/\/www2.memri.org\/espanol\/wp-json\/wp\/v2\/comments?post=61117"}],"version-history":[{"count":0,"href":"https:\/\/www2.memri.org\/espanol\/wp-json\/wp\/v2\/posts\/61117\/revisions"}],"wp:featuredmedia":[{"embeddable":true,"href":"https:\/\/www2.memri.org\/espanol\/wp-json\/wp\/v2\/media\/61118"}],"wp:attachment":[{"href":"https:\/\/www2.memri.org\/espanol\/wp-json\/wp\/v2\/media?parent=61117"}],"wp:term":[{"taxonomy":"category","embeddable":true,"href":"https:\/\/www2.memri.org\/espanol\/wp-json\/wp\/v2\/categories?post=61117"},{"taxonomy":"post_tag","embeddable":true,"href":"https:\/\/www2.memri.org\/espanol\/wp-json\/wp\/v2\/tags?post=61117"}],"curies":[{"name":"wp","href":"https:\/\/api.w.org\/{rel}","templated":true}]}}