{"id":61083,"date":"2022-04-26T13:42:10","date_gmt":"2022-04-26T17:42:10","guid":{"rendered":"https:\/\/www2.memri.org\/espanol\/?p=61083"},"modified":"2022-04-26T13:42:10","modified_gmt":"2022-04-26T17:42:10","slug":"madre-del-terrorista-martir-del-grupo-yihad-islamico-palestino-muhammad-jahjouh-sere-feliz-si-todos-mis-hijos-y-nietos-son-martirizados-por-el-bien-de-ala","status":"publish","type":"post","link":"https:\/\/www2.memri.org\/espanol\/madre-del-terrorista-martir-del-grupo-yihad-islamico-palestino-muhammad-jahjouh-sere-feliz-si-todos-mis-hijos-y-nietos-son-martirizados-por-el-bien-de-ala\/61083","title":{"rendered":"Madre del terrorista &#8216;m\u00e1rtir&#8217; del grupo Yihad Isl\u00e1mico palestino Muhammad Jahjouh: Ser\u00e9 feliz si todos mis hijos y nietos son martirizados por el bien de Al\u00e1"},"content":{"rendered":"<p><em>La madre de un \u00abm\u00e1rtir\u00bb terrorista del grupo Yihad Isl\u00e1mico palestino llamado Muhammad Jahjouh dijo en una entrevista publicada el 16 de abril del presente a\u00f1o 2022 en el canal de televisi\u00f3n del Yihad Isl\u00e1mico-Gaza Al-Quds Al-Youm que siempre reza por toda su familia, incluyendo sus nietos, para que sean martirizados por la causa de Al\u00e1. Ella dijo que esto la har\u00eda muy feliz, que est\u00e1 orgullosa de su hijo \u00abm\u00e1rtir\u00bb y que ama este \u00abcamino\u00bb. Seg\u00fan un informe en la red del grupo Yihad Isl\u00e1mico palestino, Jahjouh fue asesinado en enero del a\u00f1o 2009 luego de este asesinar a \u00abdos soldados israel\u00edes\u00bb.<\/em><\/p>\n<p><strong>Para ver el video de la madre del terrorista del grupo Yihad Isl\u00e1mico palestino Muhammad Jahjouh en el portal MEMRI TV, <a href=\"https:\/\/www.memri.org\/tv\/mother-pij-terrorist-jahjouh-pray-entire-family-martyred-sake-of-allah-happy\">pulse aqu\u00ed<\/a> o debajo.<\/strong><\/p>\n<p><iframe src=\"https:\/\/www.memri.org\/player\/clip\/56262\/780,440\/1\" width=\"780\" height=\"440\" frameborder=\"0\"><\/iframe><\/p>\n<p><strong>\u00abSiempre rezo&#8230; para que cuando llegue la muerte de nuestra familia, seamos todos m\u00e1rtires por el bien de Al\u00e1\u00bb<\/strong><\/p>\n<p><strong>Madre de Muhammad Jah<\/strong>jouh: \u00abYo le dije a mi hijo mayor: Siempre rezo para que yo, tu padre, hermanos, hijas e hijos&#8230; para que todos ustedes se conviertan en m\u00e1rtires por la causa de Al\u00e1, para que cuando la muerte nos llegue, todos seremos m\u00e1rtires por la causa de Al\u00e1.<\/p>\n<p><img decoding=\"async\" class=\"three-quarter-size-image\" src=\"https:\/\/www.memri.org\/sites\/default\/files\/2022\/MTV9509.JPG\" alt=\"\" \/><\/p>\n<p><img decoding=\"async\" class=\"three-quarter-size-image\" src=\"https:\/\/www.memri.org\/sites\/default\/files\/2022\/MTV95091.JPG\" alt=\"\" \/><\/p>\n<p><img decoding=\"async\" class=\"three-quarter-size-image\" src=\"https:\/\/www.memri.org\/sites\/default\/files\/2022\/MTV95092.JPG\" alt=\"\" \/><\/p>\n<p><strong>\u00abSi todos mis hijos y nietos son martirizados por el bien de Al\u00e1, eso me har\u00e1 muy feliz\u00bb<\/strong><\/p>\n<p>\u00abEstoy orgullosa de Muhammad, obviamente. Alabado sea Al\u00e1, todos mis hijos son religiosos. Todos son buenos. Por Al\u00e1, si todos mis hijos y nietos son martirizados por la causa de Al\u00e1, eso me har\u00e1 muy feliz\u00bb.<\/p>\n<p><img decoding=\"async\" class=\"three-quarter-size-image\" src=\"https:\/\/www.memri.org\/sites\/default\/files\/2022\/MTV95093.JPG\" alt=\"\" \/><\/p>\n<p>\u00abAl\u00e1 sea alabado, amo este camino. Siento que este es el camino para la salvaci\u00f3n\u00bb.<\/p>\n<p><img decoding=\"async\" class=\"three-quarter-size-image\" src=\"https:\/\/www.memri.org\/sites\/default\/files\/2022\/MTV95095.JPG\" alt=\"\" \/><\/p>\n","protected":false},"excerpt":{"rendered":"<p>La madre de un \u00abm\u00e1rtir\u00bb terrorista del grupo Yihad Isl\u00e1mico palestino llamado Muhammad Jahjouh dijo en una entrevista publicada el 16 de abril del presente a\u00f1o 2022 en el canal de televisi\u00f3n del Yihad Isl\u00e1mico-Gaza Al-Quds Al-Youm que siempre reza por toda su familia, incluyendo sus nietos, para que sean martirizados por la causa de [&hellip;]<\/p>\n","protected":false},"author":1,"featured_media":61084,"comment_status":"open","ping_status":"open","sticky":false,"template":"","format":"standard","meta":{"footnotes":""},"categories":[4,6,18,2,23],"tags":[],"class_list":["post-61083","post","type-post","status-publish","format-standard","has-post-thumbnail","hentry","category-archivos","category-comunicados-especiales","category-paises","category-featured","category-autoridad-palestina"],"_links":{"self":[{"href":"https:\/\/www2.memri.org\/espanol\/wp-json\/wp\/v2\/posts\/61083","targetHints":{"allow":["GET"]}}],"collection":[{"href":"https:\/\/www2.memri.org\/espanol\/wp-json\/wp\/v2\/posts"}],"about":[{"href":"https:\/\/www2.memri.org\/espanol\/wp-json\/wp\/v2\/types\/post"}],"author":[{"embeddable":true,"href":"https:\/\/www2.memri.org\/espanol\/wp-json\/wp\/v2\/users\/1"}],"replies":[{"embeddable":true,"href":"https:\/\/www2.memri.org\/espanol\/wp-json\/wp\/v2\/comments?post=61083"}],"version-history":[{"count":0,"href":"https:\/\/www2.memri.org\/espanol\/wp-json\/wp\/v2\/posts\/61083\/revisions"}],"wp:featuredmedia":[{"embeddable":true,"href":"https:\/\/www2.memri.org\/espanol\/wp-json\/wp\/v2\/media\/61084"}],"wp:attachment":[{"href":"https:\/\/www2.memri.org\/espanol\/wp-json\/wp\/v2\/media?parent=61083"}],"wp:term":[{"taxonomy":"category","embeddable":true,"href":"https:\/\/www2.memri.org\/espanol\/wp-json\/wp\/v2\/categories?post=61083"},{"taxonomy":"post_tag","embeddable":true,"href":"https:\/\/www2.memri.org\/espanol\/wp-json\/wp\/v2\/tags?post=61083"}],"curies":[{"name":"wp","href":"https:\/\/api.w.org\/{rel}","templated":true}]}}