{"id":609,"date":"2003-12-10T00:00:00","date_gmt":"2003-12-10T00:00:00","guid":{"rendered":"http:\/\/www2.memri.org\/espanol\/2003\/12\/10\/diario-arabe-al-qaida-preparando-gran-operacion-para-coincidir-con-eid-al-adha-la-fiesta-del-sacrificio-el-2-de-feb-2004-nueva-grabacion-de-bin-laden-explicara-los-detalles\/"},"modified":"2003-12-10T00:00:00","modified_gmt":"2003-12-10T00:00:00","slug":"diario-arabe-al-qaida-preparando-gran-operacion-para-coincidir-con-eid-al-adha-la-fiesta-del-sacrificio-el-2-de-feb-2004-nueva-grabacion-de-bin-laden-explicara-los-detalles","status":"publish","type":"post","link":"https:\/\/www2.memri.org\/espanol\/diario-arabe-al-qaida-preparando-gran-operacion-para-coincidir-con-eid-al-adha-la-fiesta-del-sacrificio-el-2-de-feb-2004-nueva-grabacion-de-bin-laden-explicara-los-detalles\/609","title":{"rendered":"Diario Arabe: Al-Qa&#8217;ida Preparando Gr\u00e1n Operaci\u00f3n para Coincidir con Eid Al-Adha [la Fiesta del Sacrificio] el 2 de feb, 2004 &#8211; Nueva Grabaci\u00f3n de Bin Laden Explicar\u00e1 los Detalles"},"content":{"rendered":"<div class=\"bodytext c1\">\n<p>El diario \u00e1rabe con sede en Londres <strong><em>Al-Quds Al-Arabi<\/em><\/strong> inform\u00f3 que \u00abfuentes de informaci\u00f3n cercanas a <strong>Al-Qa&#8217;ida<\/strong> dijeron que la organizaci\u00f3n, encabezada por <strong>Osama bin Laden<\/strong>, se est\u00e1 equipando para una gr\u00e1n operaci\u00f3n a coincidir con <strong>Eid Al-Adha<\/strong> [2 de febrero, 2004]. <a href=\"#_edn1\" name=\"_ednref1\">[1]<\/a><\/p>\n<p>\u00abEl coordinador de informaci\u00f3n para el <strong>Instituto Sahad<\/strong>, el cual est\u00e1 asociado con Al-Qa&#8217;ida, dijo que un nuevo v\u00eddeo de bin Laden circular\u00e1 poco antes de las fiestas. \u00c9l agreg\u00f3 en una entrevista con el sitio de Internet <strong><em>Al-Anbaa<\/em><\/strong> [Las Noticias] que el v\u00eddeo aparecer\u00e1 junto con &#8216;un gran evento que conmocionar\u00e1 a la regi\u00f3n.&#8217; \u00c9l se neg\u00f3 a confirmar o negar que estaba en posesi\u00f3n de un v\u00eddeo pre-grabado de bin Laden, y s\u00f3lo declar\u00f3 que: &#8216;Cuando el evento ocurra ser\u00e1 transmitido por <strong><em>Al-Jazeera<\/em><\/strong> televisi\u00f3n.&#8217;<\/p>\n<p>\u00abEl coordinador explic\u00f3 que ten\u00eda un acuerdo con <em>Al-Jazeera<\/em> por el cual se comprometi\u00f3 a transmitir cualquier v\u00eddeo que el Instituto Sahab proporcione sobre Al-Qa&#8217;ida. \u00c9l se\u00f1al\u00f3 que el Instituto romper\u00eda sus relaciones con la estaci\u00f3n si esta se negara a transmitir un v\u00eddeo, y reiter\u00f3 de que &#8216;la estaci\u00f3n est\u00e1 obligada a transmitir cualquier v\u00eddeo que le enviemos.&#8217;<\/p>\n<p>\u00abEl coordinador, identificado por el apodo <strong>&#8216;Abi Osama<\/strong> [Osama Padre], agreg\u00f3: &#8216;Nosotros reproducimos y editamos los v\u00eddeos de la organizaci\u00f3n de manera especial, y luego los enviamos a los canales de noticias, incluyendo a <em>Al-Jazeera<\/em>, en respuesta a \u00f3rdenes emitidas a nosotros.&#8217; \u00c9l agreg\u00f3 que la transmisi\u00f3n por televisi\u00f3n de los recientes atentados en <strong>Riad<\/strong>, incluyendo los atentados en el barrio <strong>Al-Muhiya<\/strong> en la capital saudita, es en s\u00ed mismo evidencia suficiente de la responsabilidad de Al-Qa&#8217;ida por estos eventos.\u00bb <a href=\"#_edn2\" name=\"_ednref2\">[2]<\/a><\/p>\n<\/div>\n<hr noshade=\"noshade\" \/><!-- footnotes --><\/p>\n<div class=\"bodynews c2\">\n<p><a href=\"#_ednref1\" name=\"_edn1\">[1]<\/a> Eid al-Adha es una de las dos m\u00e1s grandes festividades, y es celebrada al decimo d\u00eda del mes isl\u00e1mico de Dhul-Hijjah, el ultimo mes del calendario isl\u00e1mico en el cual millones de musulmanes alrededor del mundo hacen su peregrinaci\u00f3n anual a La Mecca.<\/p>\n<p><a href=\"#_ednref2\" name=\"_edn2\">[2]<\/a> <em>Al-Quds Al-Arabi<\/em> (Londres), diciembre 9, 2003.<\/p>\n<\/div>\n","protected":false},"excerpt":{"rendered":"<p>El diario \u00e1rabe con sede en Londres Al-Quds Al-Arabi inform\u00f3 que \u00abfuentes de informaci\u00f3n cercanas a Al-Qa&#8217;ida dijeron que la organizaci\u00f3n, encabezada por Osama bin Laden, se est\u00e1 equipando para una gr\u00e1n operaci\u00f3n a coincidir con Eid Al-Adha [2 de febrero, 2004]. [1] \u00abEl coordinador de informaci\u00f3n para el Instituto Sahad, el cual est\u00e1 asociado [&hellip;]<\/p>\n","protected":false},"author":1,"featured_media":0,"comment_status":"open","ping_status":"open","sticky":false,"template":"","format":"standard","meta":{"footnotes":""},"categories":[10,8],"tags":[],"class_list":["post-609","post","type-post","status-publish","format-standard","hentry","category-estudios-sobre-terrorismo-y-yihad","category-alertas-especiales"],"_links":{"self":[{"href":"https:\/\/www2.memri.org\/espanol\/wp-json\/wp\/v2\/posts\/609","targetHints":{"allow":["GET"]}}],"collection":[{"href":"https:\/\/www2.memri.org\/espanol\/wp-json\/wp\/v2\/posts"}],"about":[{"href":"https:\/\/www2.memri.org\/espanol\/wp-json\/wp\/v2\/types\/post"}],"author":[{"embeddable":true,"href":"https:\/\/www2.memri.org\/espanol\/wp-json\/wp\/v2\/users\/1"}],"replies":[{"embeddable":true,"href":"https:\/\/www2.memri.org\/espanol\/wp-json\/wp\/v2\/comments?post=609"}],"version-history":[{"count":0,"href":"https:\/\/www2.memri.org\/espanol\/wp-json\/wp\/v2\/posts\/609\/revisions"}],"wp:attachment":[{"href":"https:\/\/www2.memri.org\/espanol\/wp-json\/wp\/v2\/media?parent=609"}],"wp:term":[{"taxonomy":"category","embeddable":true,"href":"https:\/\/www2.memri.org\/espanol\/wp-json\/wp\/v2\/categories?post=609"},{"taxonomy":"post_tag","embeddable":true,"href":"https:\/\/www2.memri.org\/espanol\/wp-json\/wp\/v2\/tags?post=609"}],"curies":[{"name":"wp","href":"https:\/\/api.w.org\/{rel}","templated":true}]}}