{"id":60870,"date":"2022-03-14T15:45:20","date_gmt":"2022-03-14T19:45:20","guid":{"rendered":"https:\/\/www2.memri.org\/espanol\/?p=60870"},"modified":"2022-03-15T15:47:53","modified_gmt":"2022-03-15T19:47:53","slug":"escritores-arabes-condenan-cobertura-racista-e-hipocrita-por-parte-de-occidente-ante-la-guerra-en-ucrania-cuando-las-guerras-y-los-refugiados-eran-del-medio-oriente-occidente-guardaba-silenci","status":"publish","type":"post","link":"https:\/\/www2.memri.org\/espanol\/escritores-arabes-condenan-cobertura-racista-e-hipocrita-por-parte-de-occidente-ante-la-guerra-en-ucrania-cuando-las-guerras-y-los-refugiados-eran-del-medio-oriente-occidente-guardaba-silenci\/60870","title":{"rendered":"Escritores \u00e1rabes condenan cobertura &#8216;racista&#8217; e &#8216;hip\u00f3crita&#8217; por parte de Occidente ante la guerra en Ucrania: Cuando las guerras y los refugiados eran del Medio Oriente Occidente guardaba silencio"},"content":{"rendered":"<p><em>La cobertura de los medios de comunicaci\u00f3n en Occidente ante la invasi\u00f3n rusa a Ucrania suscit\u00f3 fuertes cr\u00edticas en la prensa \u00e1rabe, en la que afirm\u00f3 Occidente emplea un doble discurso cuando se trata de guerras y de derechos humanos. Muchos periodistas se preguntaron el por qu\u00e9 Occidente, indignado por la invasi\u00f3n de Rusia a un pa\u00eds soberano, no se moviliz\u00f3 de la misma manera cuando Estados Unidos y sus aliados invadieron Irak, Libia y Siria. Tambi\u00e9n contrastaron la simpat\u00eda de Occidente hacia los refugiados ucranianos con la fr\u00eda acogida que reciben los refugiados \u00e1rabes que llegaron a Europa en los \u00faltimos a\u00f1os huyendo de las guerras en sus pa\u00edses.<\/em><\/p>\n<p><em>Los escritores presentaron ejemplos, que tambi\u00e9n provocaron intensas cr\u00edticas en Occidente<\/em><a href=\"#_edn1\" name=\"_ednref1\">[1]<\/a><em> en los que figuras de los medios de comunicaci\u00f3n en Occidente admitieron sentir gran simpat\u00eda por los refugiados ucranianos debido a que son europeos de tez blanca con ojos azules y cabello rubio. Estas flagrantes expresiones de racismo, dijeron los periodistas \u00e1rabes, que aparecieron en muchos medios de comunicaci\u00f3n prominentes, incluyendo incluso el canal en ingl\u00e9s de Al-Jazeera, reflejan la arrogante e inhumana actitud de Occidente hacia los \u00e1rabes.<\/em><\/p>\n<p><em>Importantes figuras de la oposici\u00f3n siria expresaron cr\u00edticas especialmente duras. Estos acusaron a Occidente de hipocres\u00eda y de emplear un doble discurso, porque este se moviliz\u00f3 para defender a Ucrania e impuso dolorosas sanciones a Rusia, pero no movi\u00f3 un solo dedo cuando Rusia cometi\u00f3 los mismos cr\u00edmenes en suelo sirio. Esto, dijeron, muestra que la sangre siria es m\u00e1s barata que la sangre ucraniana ante los ojos de Occidente. Los escritores ten\u00edan esperanzas de que Occidente comprendiera ahora que la presencia rusa tambi\u00e9n debe ser eliminada de Siria.<\/em><\/p>\n<figure style=\"width: 744px\" class=\"wp-caption alignnone\"><img loading=\"lazy\" decoding=\"async\" class=\"half-\" src=\"https:\/\/www.memri.org\/sites\/default\/files\/2022\/SD9823.jpg\" alt=\"Europa les da la bienvenida a los refugiados de tez blanca, pero excluye a los de piel marr\u00f3n (Al-Arabi Al-Jadid, Londres, 1 de marzo, 2022)\" width=\"744\" height=\"418\" \/><figcaption class=\"wp-caption-text\">Europa les da la bienvenida a los refugiados de tez blanca, pero excluye a los de piel marr\u00f3n (Al-Arabi Al-Jadid, Londres, 1 de marzo, 2022)<\/figcaption><\/figure>\n<p><em>Este informe presenta extractos de estos art\u00edculos publicados en la prensa \u00e1rabe.<\/em><\/p>\n<p><strong>La cobertura medi\u00e1tica de la crisis en Ucrania delata la hipocres\u00eda de Occidente<\/strong><\/p>\n<p><strong>Periodista kuwait\u00ed: Los medios de comunicaci\u00f3n occidentales piensan que las personas de tez rubia y de ojos azules no merecen sufrir las penurias de la guerra<\/strong><\/p>\n<p>En un art\u00edculo titulado \u00abEl racismo de los ojos azules\u00bb en el diario <em>Al-&#8216;Arabi Al-Jadid<\/em>, la poetiza y periodista kuwait\u00ed Sa&#8217;adiah Mufarreh present\u00f3 varios ejemplos conspicuos de racismo en la cobertura que realiza Occidente a la guerra en Ucrania. Ella escribi\u00f3 lo siguiente: \u00abEl racismo mostrado por los destacados medios de comunicaci\u00f3n occidentales en su cobertura a la invasi\u00f3n rusa de Ucrania fue flagrante y abierto lo cual sorprendi\u00f3 a muchos de los que siguen a estos medios de comunicaci\u00f3n y a esta guerra&#8230; Muchos reporteros cayeron en esta trampa del racismo que favorece a aquellos rubios y de ojos azules que parecen europeos &#8216;puros&#8217;. La mayor\u00eda de ellos mantuvo esta actitud racista, mientras que algunos se disculparon luego en un intento por calmar la indignaci\u00f3n p\u00fablica provocada por sus declaraciones.<\/p>\n<p>\u00abEn solo cinco d\u00edas de guerra, hubo muchos ejemplos conspicuos de esta cobertura racista en los m\u00e1s destacados medios de comunicaci\u00f3n. Por ejemplo, informando sobre el miedo, alarma y miseria de los ucranianos que se vieron obligados a permanecer en los abarrotados refugios, el corresponsal de la cadena de televisi\u00f3n CBS Charlie D&#8217;Agata dijo entre l\u00e1grimas: &#8216;Este es un pa\u00eds europeo culto, no es Irak ni Afganist\u00e1n&#8217;.<a href=\"#_edn2\" name=\"_ednref2\">[2]<\/a> En la BBC, un individuo (David Sakvarelidze, ex-fiscal general adjunto de Ucrania), declar\u00f3, en el mismo tono y con el mismo sentimiento, que los eventos en Ucrania son ??muy emotivos para \u00e9l porque los que est\u00e1n siendo asesinados por los misiles de Putin son &#8216;europeos con ojos azules y de cabello rubio&#8217;. Se ha afirmado repetidamente que aquellos rubios y de ojos azules no merecen encontrarse en medio de una guerra, porque son europeos que se ven como los reporteros europeos o estadounidenses y como sus familias y amigos. Esto fue reconocido expl\u00edcitamente por Daniel Hannan, un reportero del diario <em>British Telegraph<\/em>, quien dijo: &#8216;Lo que lo hace tan impactante es que Ucrania es un pa\u00eds europeo, con europeos que ven Netflix y tienen cuentas en Instagram&#8217;.<a href=\"#_edn3\" name=\"_ednref3\">[3]<\/a> M\u00e1s y m\u00e1s afirmaciones como estas aparecieron, traicionando un racismo escondido que ya no puede ser ocultado\u00bb\u2026<a href=\"#_edn4\" name=\"_ednref4\">[4]<\/a><\/p>\n<figure style=\"width: 758px\" class=\"wp-caption alignnone\"><img loading=\"lazy\" decoding=\"async\" class=\"half-\" src=\"https:\/\/www.memri.org\/sites\/default\/files\/2022\/SD98231.jpg\" alt=\"El doble discurso de los medios de comunicaci\u00f3n occidentales respecto a los refugiados: Reportero recibe a los refugiados ucranianos con flores, mientras hace tropezar a un refugiado del Medio Oriente (Al-Arab, Londres, 8 de marzo, 2022)\" width=\"758\" height=\"540\" \/><figcaption class=\"wp-caption-text\">El doble discurso de los medios de comunicaci\u00f3n occidentales respecto a los refugiados: Reportero recibe a los refugiados ucranianos con flores, mientras hace tropezar a un refugiado del Medio Oriente (Al-Arab, Londres, 8 de marzo, 2022)<\/figcaption><\/figure>\n<p><strong>Reportero qatar\u00ed: La cobertura por parte de Occidente sobre la guerra en Ucrania revela su actitud racista: Nuestra sangre es como agua para ellos<\/strong><\/p>\n<p>El periodista qatar\u00ed Jaber Mohammed Al-Marri tambi\u00e9n denunci\u00f3 la actitud diferente de Occidente hacia las guerras en el Medio Oriente y Ucrania y especialmente hacia los refugiados de la guerra, calific\u00e1ndola de arrogante y racista. Este escribi\u00f3 en el diario qatar\u00ed <em>Al-Sharq<\/em>: \u00abSi eres musulm\u00e1n o alguien del Medio Oriente o \u00c1frica y te preguntas el por qu\u00e9 el mundo trata a nuestra sangre derramada como si fuese agua&#8230; entonces puedes encontrar la respuesta a tu pregunta, as\u00ed la hayas preguntado realmente o no, siguiendo la cobertura y las declaraciones sobre la invasi\u00f3n rusa a Ucrania&#8230; Peter Dobbie, presentador del canal en ingl\u00e9s de Al-Jazeera, respondi\u00f3 a la imagen de los ucranianos que intentaban amontonarse en un tren para huir de la guerra diciendo: \u00abLo que es convincente es solo mirarlos, la forma en que est\u00e1n vestidos\u00bb. Estos no son refugiados que intentan escapar de sus pa\u00edses en el Medio Oriente o de \u00c1frica. Estos se ven iguales a cualquier familia europea&#8217;.<a href=\"#_edn5\" name=\"_ednref5\">[5]<\/a> Eso es lo que realmente les interesa a estos reporteros, \u00a1que los refugiados sean europeos! Kelly Cobiella, una reportera de la cadena NBC estadounidense, dijo sobre los refugiados ucranianos que cruzan hacia Polonia: &#8216;Estos no son refugiados de Siria, son refugiados de la vecina Ucrania&#8230; Eso, francamente, es parte de ello. Estos son cristianos, son blancos, son similares a las personas que viven en Polonia&#8217;&#8230; En cuanto a los pol\u00edticos, el primer ministro b\u00falgaro Kiril Petkov dijo lo siguiente: \u00abLos refugiados ucranianos no son los refugiados a los que estamos acostumbrados a ver, as\u00ed que les daremos la bienvenida. Estas personas son europeos inteligentes y educados. No son personas con un pasado poco claro, que pudieran haber sido incluso terroristas\u00bb.<\/p>\n<p>\u00abEstas son sus posturas y reacciones naturales&#8230; As\u00ed es como ven a los \u00e1rabes, a los musulmanes, a aquellos del Medio Oriente, a los africanos y a los asi\u00e1ticos, de todas las sectas, religiones y or\u00edgenes \u00e9tnicos. No hay lugar en sus corazones para la humanidad o la compasi\u00f3n. As\u00ed son las \u00e9lites europeas, en pol\u00edtica, en los medios de comunicaci\u00f3n y a nivel del hombre de la calle. Nos miran desde una perspectiva racista y arrogante\u2026\u201d<a href=\"#_edn6\" name=\"_ednref6\">[6]<\/a><\/p>\n<figure style=\"width: 753px\" class=\"wp-caption alignnone\"><img loading=\"lazy\" decoding=\"async\" class=\"half-\" src=\"https:\/\/www.memri.org\/sites\/default\/files\/2022\/SD98232.jpg\" alt=\"La pol\u00edtica selectiva de refugiados en Europa (Al-Sharq, Qatar, 5 de marzo, 2022)\" width=\"753\" height=\"545\" \/><figcaption class=\"wp-caption-text\">La pol\u00edtica selectiva de refugiados en Europa (Al-Sharq, Qatar, 5 de marzo, 2022)<\/figcaption><\/figure>\n<p><strong>Occidente ayuda a las v\u00edctimas de la agresi\u00f3n de Rusia, pero ignora a las v\u00edctimas de su propia agresi\u00f3n<\/strong><\/p>\n<p><strong>Periodista egipcio: Occidente piensa que la \u00abhumanidad\u00bb se aplica solo a los occidentales, mientras que los pueblos del Medio Oriente merecen vivir en miseria<\/strong><\/p>\n<p>El periodista egipcio Hussein Al-Zinati escribi\u00f3 en el diario del estado <em>Al-Ahram <\/em>que la movilizaci\u00f3n instant\u00e1nea del mundo occidental contra Rusia tras su invasi\u00f3n a Ucrania, a diferencia de su indiferencia hacia las guerras y los conflictos en el Medio Oriente, revela un doble discurso y una aplicaci\u00f3n muy desigual de la noci\u00f3n de \u00abhumanidad\u00bb. Este escribi\u00f3 lo siguiente: \u00abLa guerra entre Rusia y Ucrania ha agudizado nuestra conciencia en la actitud de Occidente hacia la humanidad y especialmente hacia los \u00e1rabes &#8211; y ha subrayado su doble discurso. La Corte Penal Internacional inici\u00f3 de inmediato una investigaci\u00f3n sobre los cr\u00edmenes de guerra rusos y las Naciones Unidas conden\u00f3 el ataque ruso&#8230; mientras expresaba su oposici\u00f3n de principios ante los ataques contra civiles desarmados.<\/p>\n<p>\u00abLa pregunta que surge naturalmente es&#8230; \u00bfD\u00f3nde estaba Occidente cuando Estados Unidos invadi\u00f3 Irak? \u00bfD\u00f3nde estaba cuando Estados Unidos invadi\u00f3 Siria? \u00bfD\u00f3nde estaba cuando Libia estaba siendo destrozada, e incluso antes de eso, cuando Israel ocup\u00f3 tierras \u00e1rabes y persisti\u00f3 en sus peri\u00f3dicos actos de agresi\u00f3n contra gente inocente en Palestina, el L\u00edbano y Siria?! \u00a1\u00bfD\u00f3nde estaba esta excesiva compasi\u00f3n humana cuando millones de \u00e1rabes, tanto musulmanes como cristianos, se convirtieron en desplazados o refugiados?!<\/p>\n<p>\u00abEste tipo de compasi\u00f3n humana est\u00e1 impregnada de racismo y de codicia y divide a la humanidad en dos grupos: los amos de la humanidad y sus servidores. Los primeros tienen derecho a vivir con dignidad y gracia, mientras que los segundos est\u00e1n condenados a vivir en miseria y humillaciones. Los primeros tienen derecho a defender su existencia, su identidad y su prosperidad, mientras que los segundos est\u00e1n obligados a proveerle a los primeros lo necesario para alcanzar esa prosperidad, incluso a costa de sus vidas, su sangre \u00a1y su tierra! La reacci\u00f3n por parte de Occidente contra Rusia por la guerra en Ucrania demuestra que, en lo que respecta a Occidente, la &#8216;humanidad&#8217; aplica solo a su propio pueblo, mientras que nuestro pueblo es menos que humano&#8230;\u00bb<a href=\"#_edn7\" name=\"_ednref7\">[7]<\/a><\/p>\n<figure style=\"width: 758px\" class=\"wp-caption alignnone\"><img loading=\"lazy\" decoding=\"async\" class=\"half-\" src=\"https:\/\/www.memri.org\/sites\/default\/files\/2022\/SD98233.jpg\" alt=\"&quot;Refugiados y racismo&quot;: La desigual recepci\u00f3n de refugiados sirios y ucranianos en Europa (Al-Quds Al-Arabi, Londres, 4 de marzo, 2022)\" width=\"758\" height=\"455\" \/><figcaption class=\"wp-caption-text\">\u00abRefugiados y racismo\u00bb: La desigual recepci\u00f3n de refugiados sirios y ucranianos en Europa (Al-Quds Al-Arabi, Londres, 4 de marzo, 2022)<\/figcaption><\/figure>\n<p><strong>Periodista iraqu\u00ed: Occidente ha olvidado su responsabilidad por la muerte y el desplazamiento de millones de personas en los pa\u00edses \u00e1rabes que este invadi\u00f3<\/strong><\/p>\n<p>En su columna publicada en el diario de Londres <em>Al-Arab<\/em>, el escritor y poeta iraqu\u00ed Farouq Yousuf tambi\u00e9n critic\u00f3 a Occidente por darle la bienvenida a los refugiados ucranianos pero sin tener en cuenta los millones de refugiados \u00e1rabes y las v\u00edctimas causadas por su propia invasi\u00f3n a sus pa\u00edses: \u00abLa guerra es no es una oportunidad para alardear de un discurso racista. Las v\u00edctimas de las guerras deber\u00edan recibir todos, la misma simpat\u00eda humana&#8230; Discriminar entre ellos es censurable&#8230; &#8216;No son sirios, son ucranianos&#8217;, &#8216;Esto es Ucrania, no Irak. &#8216;Estas dos vergonzosas frases ultrajan nuestra conciencia. \u00bfExiste siquiera la conciencia, dada esta prepotencia injusta e inexplicable? \u00bfCu\u00e1l es la diferencia entre dos seres humanos que fueron sometidos a la misma opresi\u00f3n? \u00bfO no es lo mismo la opresi\u00f3n contra una persona que la opresi\u00f3n contra otra? Ahora obviamente entendemos el por qu\u00e9 Occidente permiti\u00f3 que los invasores estadounidenses fuesen crueles con los iraqu\u00edes y el por qu\u00e9 permiti\u00f3 que Turqu\u00eda utilizara a los sirios. Turqu\u00eda form\u00f3 a algunos de ellos en un ej\u00e9rcito dentro de Siria y a otros en un ej\u00e9rcito de mercenarios, quienes fueron enviados a combatir en Libia, mientras que la mayor\u00eda de los refugiados sirios fueron utilizados para chantajear a Europa carg\u00e1ndolos en barcos y envi\u00e1ndolos a Europa, provocando la muerte de muchos de ellos&#8230;<\/p>\n<p>\u00abVeinte a\u00f1os despu\u00e9s de la guerra en Irak, Occidente se ha olvidado de los iraqu\u00edes y solo recuerda a Saddam Hussein, el monstruo que a todos les recordaba a Hitler&#8230; Los europeos han olvidado sus propias acciones, han perdido el juicio y no se han dado cuenta que contribuyeron a la destrucci\u00f3n de Irak y Siria y a la huida de su poblaci\u00f3n\u2026 Millones de personas se han vuelto transparentes, la gente sali\u00f3 de sus casas y nunca m\u00e1s regres\u00f3, fueron considerados superfluos, no fueron considerados v\u00edctimas y si lo fueron, fueron considerados v\u00edctimas de sus propios l\u00edderes \u00e1rabes. Siempre existen im\u00e1genes de Saddam Hussein y de Bashar Al-Assad, pero no existe rastro alguno de los Estados Unidos o de las organizaciones terroristas que este patrocin\u00f3&#8230;<\/p>\n<p>\u00abLos ucranianos, por otro lado, son apreciados por Occidente, porque no fueron los Estados Unidos y sus aliados quienes los expulsaron de sus hogares, sino Putin&#8230; Para Occidente, discriminar entre las v\u00edctimas es un acto pol\u00edtico leg\u00edtimo. Los sirios y los iraqu\u00edes no son v\u00edctimas en lo que a este se refiere porque es el que destruy\u00f3 sus pa\u00edses y los convirti\u00f3 en refugiados y los considera demasiado inferiores como para ser considerados de responsabilidad moral o ser considerados como seres humanos que merecen recuperar sus vidas anteriores. Los ucranianos, por otro lado, son invitados de honor, cada uno de los cuales regresar\u00e1 pronto a su hogar y por ende, deben ser tratados con amabilidad hasta que termine la guerra&#8230;\u00bb<a href=\"#_edn8\" name=\"_ednref8\">[8]<\/a><\/p>\n<p><strong>Opositores sirios: Cuando Rusia cometi\u00f3 los mismos cr\u00edmenes en Siria, el mundo guard\u00f3 silencio<\/strong><\/p>\n<p>Muchos opositores sirios denunciaron la diferencia entre la respuesta occidental ante la invasi\u00f3n rusa a Ucrania y su respuesta a la participaci\u00f3n rusa en la guerra civil siria.<\/p>\n<p><strong>Activista sirio de los derechos humanos: La sangre siria es m\u00e1s barata ante la mirada de Occidente<\/strong><\/p>\n<p>El director de la Red Siria para los Derechos Humanos Fadel &#8216;Abd Al-Ghani, le dijo al portal afiliado a la oposici\u00f3n Siria.tv: \u00abOccidente emplea un doble discurso, en el que Ucrania le interesa mucho m\u00e1s que Siria&#8230; Los intereses pol\u00edticos de los estados occidentales tienen prioridad sobre los derechos humanos y las leyes del derecho internacional&#8230; Imponer sanciones a Rusia por invadir a Ucrania es una medida est\u00e1ndar, fijada en el derecho internacional&#8230; Pero esto no sucedi\u00f3 en Siria. Occidente no impuso sanci\u00f3n alguna a Rusia por los cr\u00edmenes que este cometi\u00f3 y sigue cometiendo en Siria, lo que demuestra que, lamentablemente, la sangre siria es barata&#8230; Occidente debe actuar en Siria tal como act\u00faa en Ucrania y los civiles sirios deben ser protegidos de la brutal conducta y de los ataques a\u00e9reos de Rusia, que han borrado por completo ciudades sirias\u2026\u201d<a href=\"#_edn9\" name=\"_ednref9\">[9]<\/a><\/p>\n<p><strong>Funcionario de la oposici\u00f3n siria: Occidente guarda silencio sobre el genocidio que sucede en estos momentos en Siria, pero defiende a Ucrania<\/strong><\/p>\n<p>Anas Al-Abdah, presidente del Alto Comit\u00e9 de Negociaciones, que representa a la oposici\u00f3n siria en el proceso pol\u00edtico interno sirio, hizo comentarios similares en una entrevista con la agencia de noticias turca Anadolu: \u00abEn Siria se est\u00e1 cometiendo un genocidio frente al mundo entero como parte de una conspiraci\u00f3n internacional, sin embargo, cuando Ucrania es invadida, todo el mundo occidental da un paso al frente para defenderla a esta y a su pueblo\u2026 Nosotros apoyamos la defensa de los ucranianos contra las armas del presidente ruso Vladimir Putin, pero estamos en contra del contundente y obvio doble discurso empleado por los pa\u00edses occidentales&#8230; El asesinato no debe ser recibido con silencio, sin importar la nacionalidad o religi\u00f3n de las v\u00edctimas&#8230; No es ning\u00fan secreto que la postura estadounidense y occidental sobre Ucrania es mucho m\u00e1s firme que su postura sobre Siria. Esta situaci\u00f3n refleja una asimetr\u00eda en la estrategia de estos pa\u00edses, que fueron d\u00e9biles cuando el tema ten\u00eda que ver con Siria\u2026\u201d<a href=\"#_edn10\" name=\"_ednref10\">[10]<\/a><\/p>\n<p><strong>Funcionario de la oposici\u00f3n siria: Los cr\u00edmenes en Siria son respondidos con silencio, mientras que la invasi\u00f3n a Ucrania provoca indignaci\u00f3n mundial<\/strong><\/p>\n<p>Yahya Al-&#8216;Aridi, miembro del Alto Comit\u00e9 de Negociaciones, escribi\u00f3 en el portal Syria.tv que los cr\u00edmenes de guerra cometidos por Rusia deben recibir la misma respuesta, ya sea que tengan lugar en Ucrania o en Siria: \u00abDe repente y todos a la vez, toda la comunidad internacional, siendo esta bastante hip\u00f3crita, se dispuso a registrar todos los horribles cr\u00edmenes de Rusia en su operaci\u00f3n en Ucrania. El ambiente en el mundo ahora es m\u00e1s tenso y alarmante que en el per\u00edodo previo a las dos guerras mundiales, que redibujaron por completo los mapas del mundo. Esta sorprendente movilizaci\u00f3n contra Rusia, el consenso casi total sobre la necesidad de aislarla, asfixiarla y subrayar su peligroso &#8216;hitlerismo&#8217;, puede incluso conducir a una decisi\u00f3n de expulsarla del planeta\u2026<\/p>\n<p>\u201cTodos estos flagrantes y horrendos cr\u00edmenes rusos se han cometido abiertamente durante a\u00f1os contra Siria y su pueblo. La misma comunidad internacional fue testigo de sus devastadoras consecuencias, mientras que los funcionarios rusos incluso se jactaban de probar cientos de tipos de armas con los sirios y entrenar a miles de combatientes y expertos rusos en suelo sirio; sin embargo, los sirios no fueron testigos de tal movilizaci\u00f3n global. En su caso, fue como si la comunidad internacional estuviese de vacaciones. De hecho, elementos poderosos e influyentes aconsejaron a los sirios que llevaran por si mismos sus quejas ante los rusos\u2026<\/p>\n<p>\u201cUn silencio sospechoso prevaleci\u00f3 en el mundo cuando Putin excus\u00f3 sus acciones en Siria diciendo que los reg\u00edmenes no deben ser reemplazados por la fuerza y ??que nadie debe da\u00f1ar la independencia, integridad territorial y la soberan\u00eda de ning\u00fan pa\u00eds \u2013 y todo esto para evitar que alguien da\u00f1e y perjudique al r\u00e9gimen criminal sirio, que asesinaba a su propio pueblo, expuls\u00e1ndolo e incluso utilizando armas qu\u00edmicas contra este. Sin embargo, Putin est\u00e1 haciendo lo mismo en Ucrania, exactamente lo que dijo que no debe hacerse en Siria\u2026 est\u00e1 violando su integridad territorial, independencia y soberan\u00eda y desea deponer su r\u00e9gimen, que, a diferencia del r\u00e9gimen tir\u00e1nico de Assad, fue elegido democr\u00e1ticamente. Sin embargo, el sospechoso silencio que prevaleci\u00f3 en el caso de Siria se convirti\u00f3 en una protesta global en el caso de Ucrania\u2026<\/p>\n<p>\u00abEl mundo no ten\u00eda que ser tan hip\u00f3crita y depravado como para enviar a los sirios a quejarse ante los rusos, con el argumento de que poseen ventaja en Siria&#8230; Como m\u00ednimo, el mundo pod\u00eda haberse jactado un poco menos sobre el defender los derechos humanos y respetar las leyes y la libertad de la gente. Hoy vemos todo el sistema de poderosas fuerzas globales moviliz\u00e1ndose para ayudar a Ucrania, mientras muestran todas las horribles im\u00e1genes por las acciones que comete Rusia y afirman que \u00a1los derechos humanos y la libertad son valores supremos y que la soberan\u00eda y la independencia de los pa\u00edses son sagradas! Nosotros esperamos que este &#8216;despertar internacional&#8217; no sea aplicado solo a Ucrania, sino tambi\u00e9n a Siria&#8230; Finalmente, perm\u00edtanme se\u00f1alar tambi\u00e9n que si la comunidad internacional desea poner fin a las ambiciones enfermizas de Putin y derrotarlo en Ucrania, primero debe derrotarlo en Siria y expulsarlo de ah\u00ed\u201d.<a href=\"#_edn11\" name=\"_ednref11\">[11]<\/a><\/p>\n<hr \/>\n<p><a href=\"#_ednref1\" name=\"_edn1\">[1]<\/a> V\u00e9ase, por ejemplo, washingtonpost.com, 28 de febrero, 2022; theguardian.com, 2 de marzo, 2022; cnn.com, 4 de marzo, 2022.<\/p>\n<p><a href=\"#_ednref2\" name=\"_edn2\">[2]<\/a> La declaraci\u00f3n completa de D\u2019Agata fue: \u201cEste no es un lugar, con el debido respeto, usted sabe, como Irak o Afganist\u00e1n, que ha visto un encarnizado conflicto durante d\u00e9cadas. Usted ya sabe, esta es una ciudad relativamente civilizada, relativamente europea, tambi\u00e9n tengo que elegir esas palabras con mucho cuidado, una ciudad en la que uno no esperar\u00eda eso ni espera que suceda\u201d. V\u00e9ase www.youtube.com\/watch?v=CXYrbCCErSo, 25 de febrero, 2022.<\/p>\n<p><a href=\"#_ednref3\" name=\"_edn3\">[3]<\/a> Las palabras exactas de Hannan fueron: \u201cSe parecen tanto a nosotros. Eso es lo que lo hace tan impactante. Ucrania es un pa\u00eds europeo. Su gente ve Netflix y tiene cuentas en Instagram, vota en elecciones libres y lee diarios sin censura. La guerra ya no es algo que afecte a las poblaciones empobrecidas y remotas\u201d (Telegraph.co.uk, 26 de febrero, 2022).<\/p>\n<p><a href=\"#_ednref4\" name=\"_edn4\">[4]<\/a> <em>Al-Arabi Al-Jadid<\/em> (Londres), 3 de marzo, 2022.<\/p>\n<p><a href=\"#_ednref5\" name=\"_edn5\">[5]<\/a> La cita completa es la siguiente: \u00abLo que es convincente es solo observarlos, la forma en que est\u00e1n vestidos. Estos son pr\u00f3speros, detesto utilizar la expresi\u00f3n, estas son personas pr\u00f3speras de clase media. Estos no son, \u00abobviamente, refugiados tratando de escapar de \u00e1reas en el Medio Oriente, que todav\u00eda est\u00e1n en un estado mayor de guerra. Estas no son personas que intentan escapar de \u00e1reas en el norte de \u00c1frica. Estos se ven como cualquier familia europea que vivir\u00eda en el mismo barrio\u201d (Media-diversity.org\/, 2 de marzo, 2022).<\/p>\n<p><a href=\"#_ednref6\" name=\"_edn6\">[6]<\/a> <em>Al-Sharq <\/em>(Qatar), 3 de marzo, 2022.<\/p>\n<p><a href=\"#_ednref7\" name=\"_edn7\">[7]<\/a> <em>Al-Ahram<\/em> (Egipto), 7 de marzo, 2022.<\/p>\n<p><a href=\"#_ednref8\" name=\"_edn8\">[8]<\/a> <em>Al-Arab<\/em> (Londres), 5 de marzo, 2022.<\/p>\n<p><a href=\"#_ednref9\" name=\"_edn9\">[9]<\/a> Siria.tv, 2 de marzo, 2022.<\/p>\n<p><a href=\"#_ednref10\" name=\"_edn10\">[10]<\/a> Aa.com.tr\/ar, 3 de marzo, 2022.<\/p>\n<p><a href=\"#_ednref11\" name=\"_edn11\">[11]<\/a> Siria.tv, 7 de marzo, 2022.<\/p>\n","protected":false},"excerpt":{"rendered":"<p>La cobertura de los medios de comunicaci\u00f3n en Occidente ante la invasi\u00f3n rusa a Ucrania suscit\u00f3 fuertes cr\u00edticas en la prensa \u00e1rabe, en la que afirm\u00f3 Occidente emplea un doble discurso cuando se trata de guerras y de derechos humanos. Muchos periodistas se preguntaron el por qu\u00e9 Occidente, indignado por la invasi\u00f3n de Rusia a [&hellip;]<\/p>\n","protected":false},"author":1,"featured_media":60871,"comment_status":"open","ping_status":"open","sticky":false,"template":"","format":"standard","meta":{"footnotes":""},"categories":[4,6,2],"tags":[],"class_list":["post-60870","post","type-post","status-publish","format-standard","has-post-thumbnail","hentry","category-archivos","category-comunicados-especiales","category-featured"],"_links":{"self":[{"href":"https:\/\/www2.memri.org\/espanol\/wp-json\/wp\/v2\/posts\/60870","targetHints":{"allow":["GET"]}}],"collection":[{"href":"https:\/\/www2.memri.org\/espanol\/wp-json\/wp\/v2\/posts"}],"about":[{"href":"https:\/\/www2.memri.org\/espanol\/wp-json\/wp\/v2\/types\/post"}],"author":[{"embeddable":true,"href":"https:\/\/www2.memri.org\/espanol\/wp-json\/wp\/v2\/users\/1"}],"replies":[{"embeddable":true,"href":"https:\/\/www2.memri.org\/espanol\/wp-json\/wp\/v2\/comments?post=60870"}],"version-history":[{"count":0,"href":"https:\/\/www2.memri.org\/espanol\/wp-json\/wp\/v2\/posts\/60870\/revisions"}],"wp:featuredmedia":[{"embeddable":true,"href":"https:\/\/www2.memri.org\/espanol\/wp-json\/wp\/v2\/media\/60871"}],"wp:attachment":[{"href":"https:\/\/www2.memri.org\/espanol\/wp-json\/wp\/v2\/media?parent=60870"}],"wp:term":[{"taxonomy":"category","embeddable":true,"href":"https:\/\/www2.memri.org\/espanol\/wp-json\/wp\/v2\/categories?post=60870"},{"taxonomy":"post_tag","embeddable":true,"href":"https:\/\/www2.memri.org\/espanol\/wp-json\/wp\/v2\/tags?post=60870"}],"curies":[{"name":"wp","href":"https:\/\/api.w.org\/{rel}","templated":true}]}}