{"id":60643,"date":"2022-01-16T14:56:03","date_gmt":"2022-01-16T18:56:03","guid":{"rendered":"https:\/\/www2.memri.org\/espanol\/?p=60643"},"modified":"2022-01-17T15:06:18","modified_gmt":"2022-01-17T19:06:18","slug":"de-los-archivos-de-memri-videos-en-referencia-al-ex-ministro-de-cultura-egipcio-gaber-asfour","status":"publish","type":"post","link":"https:\/\/www2.memri.org\/espanol\/de-los-archivos-de-memri-videos-en-referencia-al-ex-ministro-de-cultura-egipcio-gaber-asfour\/60643","title":{"rendered":"De los archivos de MEMRI \u2013 Videos en referencia al ex-ministro de cultura egipcio Gaber Asfour"},"content":{"rendered":"<p><em>El 31 de diciembre del 2021, el ex-ministro de Cultura egipcio y profesor de literatura \u00e1rabe Gaber Asfour falleci\u00f3 a los 77 a\u00f1os de edad.<\/em><a href=\"#_edn1\" name=\"_ednref1\">[1]<\/a><em> Asfour se desempe\u00f1\u00f3 brevemente como ministro de Cultura de Egipto en el a\u00f1o 2011 bajo la presidencia de Hosni Mubarak y nuevamente entre los a\u00f1os 2014-2015 bajo la presidencia de Abdel Fattah Al-Sissi. Asfour tambi\u00e9n dirigi\u00f3 el Centro Nacional de Traducci\u00f3n de Egipto y fue conocido como un defensor quien se pronunci\u00f3 contra el extremismo religioso.<\/em><a href=\"#_edn2\" name=\"_ednref2\">[2]<\/a><\/p>\n<figure style=\"width: 743px\" class=\"wp-caption alignnone\"><img loading=\"lazy\" decoding=\"async\" class=\"three-quarter-\" src=\"https:\/\/www.memri.org\/sites\/default\/files\/2022\/01\/sd9715.png\" alt=\"Fuente: Al-Ahram, 31 de diciembre, 2021\" width=\"743\" height=\"495\" \/><figcaption class=\"wp-caption-text\">Fuente: Al-Ahram, 31 de diciembre, 2021<\/figcaption><\/figure>\n<p><em>Lo siguiente son videos de Gaber Asfour tomados del portal MEMRI TV.<\/em><\/p>\n<p><strong>Video No. 6362 \u2014 Ex-ministro de cultura egipcio Gaber Asfour llama a prohibir embarazos de mujeres con m\u00e1s de tres hijos, 15 de diciembre, 2017<\/strong><\/p>\n<p><em>Gaber Asfour, ex-Ministro de Cultura de Egipto, dijo que el gobierno necesita implementar una pol\u00edtica de planificaci\u00f3n familiar para evitar el r\u00e1pido crecimiento de la poblaci\u00f3n en un pa\u00eds con m\u00e1s de dos millones de habitantes. \u201cDeseo se produzca una decisi\u00f3n que detenga los embarazos de mujeres con m\u00e1s de tres hijos\u201d, dijo. Asfour, hablando en el canal de televisi\u00f3n egipcio Sada Al-Balad el d\u00eda 15 de diciembre, pidi\u00f3 por reformas en el discurso religioso y dijo: \u00abCuando los intereses nacionales del pa\u00eds requieren que se ponga fin a la explosi\u00f3n demogr\u00e1fica, uno simplemente lo hace. De lo contrario, se est\u00e1 violando el shari&#8217;a\u00bb.<\/em><\/p>\n<p><iframe src=\"https:\/\/www.memri.org\/player\/clip\/38482\/1\/1\" width=\"960\" height=\"540\" frameborder=\"0\" scrolling=\"NO\" allowfullscreen=\"allowfullscreen\"><\/iframe><\/p>\n<p><strong>Gaber Asfour<\/strong>: \u00abDebemos darle prioridad absoluta a&#8230; La importancia de las fuerzas armadas es evidente, pero la educaci\u00f3n y la cultura tambi\u00e9n deben ser consideradas como m\u00e1xima prioridad. Debemos tener escuelas en proporci\u00f3n a la poblaci\u00f3n egipcia. Estamos en peligro. Hoy d\u00eda existen 100 millones de egipcios y cada a\u00f1o crecemos como poblaci\u00f3n en m\u00e1s de dos millones de seres humanos, pero nuestro gobierno no ha decidido implementar una pol\u00edtica de planificaci\u00f3n familiar.<\/p>\n<p><img loading=\"lazy\" decoding=\"async\" class=\"three-quarter-\" src=\"https:\/\/www.memri.org\/sites\/default\/files\/2022\/01\/sd9715a.png\" alt=\"\" width=\"827\" height=\"545\" \/><\/p>\n<p><img loading=\"lazy\" decoding=\"async\" class=\"three-quarter-\" src=\"https:\/\/www.memri.org\/sites\/default\/files\/2022\/01\/sd9715b.png\" alt=\"\" width=\"849\" height=\"554\" \/><\/p>\n<p>[&#8230;]<\/p>\n<p>\u00abDeseo se produzca una decisi\u00f3n que detenga los embarazos de mujeres con m\u00e1s de tres hijos\u00bb.<\/p>\n<p><strong>Anfitri\u00f3n<\/strong>: \u00ab\u00bfQu\u00e9 quiere usted decir?\u00bb<\/p>\n<p><strong>Asfour<\/strong>: \u00abUna decisi\u00f3n que proh\u00edbe los embarazos\u00bb.<\/p>\n<p><strong>Anfitri\u00f3n<\/strong>: \u00ab\u00bfY lo permitir\u00e1 la instituci\u00f3n religiosa?\u00bb<\/p>\n<p><strong>Asfour<\/strong>: \u00ab\u00a1Lo har\u00e1 y algo m\u00e1s! Podr\u00e1n citar el <em>hadiz<\/em>: &#8216;C\u00e1sate y engendra hijos ya que estar\u00e9 orgulloso de ti ante las naciones en el D\u00eda de Resurrecci\u00f3n&#8217;. Sin embargo, este <em>hadiz<\/em> fue relevante cuando los musulmanes eran una minor\u00eda perseguida. Hoy d\u00eda, existen billones de musulmanes.<\/p>\n<p>[&#8230;]<\/p>\n<p>\u00abMe gustar\u00eda que se produjese una reforma en el discurso religioso al estilo Muhammad Abduh\u00bb.<\/p>\n<p><strong>Anfitri\u00f3n<\/strong>: \u00ab\u00bfQu\u00e9 quiere usted decir?\u00bb<\/p>\n<p><strong>Asfour<\/strong>: \u00abDeber\u00edamos utilizar la raz\u00f3n en su m\u00e1xima medida permitida por el islam. Deber\u00edamos utilizar la raz\u00f3n para interpretar los textos religiosos de una manera que sirva a los intereses de nuestra naci\u00f3n. El sharia va en concordancia a los intereses de la naci\u00f3n. Cuando los intereses nacionales del pa\u00eds requieren que se ponga fin a la explosi\u00f3n demogr\u00e1fica, uno simplemente lo hace. De lo contrario, uno lo que hace es violar el shari&#8217;a\u00bb.<\/p>\n<p><img loading=\"lazy\" decoding=\"async\" class=\"three-quarter-\" src=\"https:\/\/www.memri.org\/sites\/default\/files\/2022\/01\/sd9715c.png\" alt=\"\" width=\"840\" height=\"560\" \/><\/p>\n<p><img loading=\"lazy\" decoding=\"async\" class=\"three-quarter-\" src=\"https:\/\/www.memri.org\/sites\/default\/files\/2022\/01\/sd9715d.png\" alt=\"\" width=\"859\" height=\"566\" \/><\/p>\n<p><strong>Video No. 5268 \u2014 El ex-ministro de cultura egipcio Gaber Asfour apoya al intelectual reformista en prisi\u00f3n Islam Behery: Este es el \u00abcomienzo del fin\u00bb para Al-Azhar, 10 de enero, 2016<\/strong><\/p>\n<p><iframe src=\"https:\/\/www.memri.org\/player\/clip\/14268\/1\/1\" width=\"960\" height=\"540\" frameborder=\"0\" scrolling=\"NO\" allowfullscreen=\"allowfullscreen\"><\/iframe><\/p>\n<p><em>En una entrevista publicada el 10 de enero, 2016 en el canal de la televisi\u00f3n egipcia ON, el ex-ministro de cultura egipcio Gaber Asfour apoy\u00f3 al intelectual reformista Islam Behery, quien recientemente fue sentenciado a un a\u00f1o de prisi\u00f3n por blasfemia y critic\u00f3 la postura de Al-Azhar, diciendo que reversar la ley, en lugar de debatir cort\u00e9smente con los adversarios, es \u00absigno de debilidad\u00bb y \u00abel comienzo del fin\u00bb para la instituci\u00f3n.<\/em><\/p>\n<p><strong>Entrevistador<\/strong>: \u00ab\u00bfCree usted que las demandas y acusaciones sobre el tema de la blasfemia limitan el libre pensamiento?\u00bb<\/p>\n<p><strong>Gaber Asfour<\/strong>: \u00abEste es un art\u00edculo que de hecho est\u00e1 obsoleto en una ley ya anticuada, que fue resucitada con el prop\u00f3sito de castigar a la poblaci\u00f3n. La blasfemia no existe. La palabra pretende castigar a la poblaci\u00f3n por otras cosas y no por blasfemia\u00bb.<\/p>\n<p><strong>Entrevistador<\/strong>: \u00ab\u00bfDe qu\u00e9 manera es blasfemia cuando un investigador como Islam Al-Buhairi, o cualquier otro joven o ciudadano critica a otro investigador, que vivi\u00f3 hace m\u00e1s de 1200 a\u00f1os atr\u00e1s, llamado Al-Bukhari? Lo que se nos presenta aqu\u00ed es un investigador criticando a otro investigador. \u00bfDe qu\u00e9 manera es esto blasfemia?\u00bb<\/p>\n<p><strong>Asfour<\/strong>: \u00abNo existe blasfemia aqu\u00ed. Al contrario, cuando Islam Al-Buhairi o cualquier otra persona desea reformar el discurso religioso, es por respeto a la religi\u00f3n y por el deseo de restaurar la reverencia y sinceridad al discurso isl\u00e1mico. Esto es exactamente lo opuesto a la blasfemia. Cuando la gente reconoce que la compilaci\u00f3n de Al-Bukhari contiene algunos hadices que son il\u00f3gicos, \u00a1lo que estos dicen tiene sentido! De lo contrario, tendremos que creer en hadices que incluso un chiquillo no pudiera aceptar\u00bb.<\/p>\n<p><img loading=\"lazy\" decoding=\"async\" class=\"three-quarter-\" src=\"https:\/\/www.memri.org\/sites\/default\/files\/2022\/01\/sd9715e.png\" alt=\"\" width=\"983\" height=\"726\" \/><\/p>\n<p><img loading=\"lazy\" decoding=\"async\" class=\"three-quarter-\" src=\"https:\/\/www.memri.org\/sites\/default\/files\/2022\/01\/sd9715f.png\" alt=\"\" width=\"829\" height=\"614\" \/><\/p>\n<p><img loading=\"lazy\" decoding=\"async\" class=\"three-quarter-\" src=\"https:\/\/www.memri.org\/sites\/default\/files\/2022\/01\/sd9715g.png\" alt=\"\" width=\"829\" height=\"615\" \/><\/p>\n<p><img loading=\"lazy\" decoding=\"async\" class=\"three-quarter-\" src=\"https:\/\/www.memri.org\/sites\/default\/files\/2022\/01\/sd9715h.png\" alt=\"\" width=\"891\" height=\"653\" \/><\/p>\n<p>[&#8230;]<\/p>\n<p><strong>Entrevistador<\/strong>: \u00ab\u00bfCree usted que en estas circunstancias, en las que un investigador o pensador es condenado a prisi\u00f3n, simplemente por pensar&#8230;\u00bb<\/p>\n<p><strong>Asfour<\/strong>: \u00abDesde mi punto de vista, esto no tiene nada que ver con la religi\u00f3n isl\u00e1mica\u00bb.<\/p>\n<p><strong>Entrevistador<\/strong>: \u00abExagerado si es&#8230;\u00bb<\/p>\n<p><strong>Asfour<\/strong>: \u00abNo tiene absolutamente nada que ver con el islam.<\/p>\n<p>[&#8230;]<\/p>\n<p>\u00abNos sorprende cuando la gente ataca a los chiitas sin motivo alguno. \u00bfPor qu\u00e9 sucede esto? \u00bfPor qu\u00e9 existe tanta lucha entre musulmanes? \u00bfEs usted musulm\u00e1n chiita? Bienvenido. \u00bfYo soy musulm\u00e1n sunita? Bienvenido. Lo que nos une en el islam es la creencia de que Al\u00e1 existe y que no existe dios sino Al\u00e1 y Mahoma es Su Mensajero. \u00bfC\u00f3mo puede uno distinguir entre otra persona y yo? \u00bfC\u00f3mo puede uno infundir odio en el coraz\u00f3n de mi hijo o nieto hacia los chiitas, simplemente porque son chiitas? Todo esto es muy extra\u00f1o.<\/p>\n<p>[&#8230;]<\/p>\n<p>\u00abEl pueblo de Al-Azhar dice una cosa cuando el presidente est\u00e1 all\u00ed, pero hace otra cosa luego que el presidente se marcha. Cuando el jeque de Al-Azhar se re\u00fane con el presidente y habla con \u00e9l, dice: &#8216;S\u00ed, reformaremos el discurso religioso'\u00bb.<\/p>\n<p><strong>Entrevistador<\/strong>: \u00ab\u00bfY qu\u00e9 sucede entonces?\u00bb<\/p>\n<p><strong>Asfour<\/strong>: \u00abNo s\u00e9 c\u00f3mo responder a ello. Sobre el terreno, no existe reforma alguna\u00bb.<\/p>\n<p>[&#8230;]<\/p>\n<p><strong>Entrevistador<\/strong>: \u00abCualquiera que haya hablado sobre reforma o desarrollo, o que haya formulado cr\u00edticas contra una instituci\u00f3n o contra un estudioso, a lo largo de la historia, desde la \u00e9poca prof\u00e9tica de Mahoma hasta el d\u00eda de hoy, ha enfrentado demandas, sus libros han sido prohibidos y es acusado de herej\u00eda y de ate\u00edsmo&#8230;\u00bb<\/p>\n<p><strong>Asfour<\/strong>: \u00ab\u00bfQuiere usted escuchar mi opini\u00f3n al respecto?\u00bb<\/p>\n<p><strong>Entrevistador<\/strong>: \u00abS\u00ed\u00bb.<\/p>\n<p><strong>Asfour<\/strong>: \u00abA mi manera de ver, este es el comienzo del fin. Es un signo de debilidad. Cuando uno no encuentra justificativo, uno recurre a la fuerza, pero cuando uno est\u00e1 seguro de s\u00ed mismo, debate educadamente con los adversarios. En lugar de hacer esto, Al-Azhar vuelve a veces a las leyes y eso, en mi opini\u00f3n, marca el comienzo del fin.<\/p>\n<p>&nbsp;<\/p>\n<p><img loading=\"lazy\" decoding=\"async\" class=\"three-quarter-\" src=\"https:\/\/www.memri.org\/sites\/default\/files\/2022\/01\/sd9715i.png\" alt=\"\" width=\"848\" height=\"618\" \/><\/p>\n<p><img loading=\"lazy\" decoding=\"async\" class=\"three-quarter-\" src=\"https:\/\/www.memri.org\/sites\/default\/files\/2022\/01\/sd9715j.png\" alt=\"\" width=\"969\" height=\"722\" \/><\/p>\n<p>[&#8230;]<\/p>\n<p>\u00abYo ten\u00eda esperanzas de que el presidente utilizar\u00e1 su autoridad para intervenir en el juicio de Islam Al-Buhairi y ordenar su inmediata liberaci\u00f3n\u00bb.<\/p>\n<p><strong>Video No. 4980 \u2014 Ex-ministro de Cultura egipcio Gaber Asfour: Sin reforma al discurso religioso, tendremos al EIIS en todos los barrios y vecindarios, 22 de junio, 2015<\/strong><\/p>\n<p><iframe src=\"https:\/\/www.memri.org\/player\/clip\/13980\/1\/1\" width=\"960\" height=\"540\" frameborder=\"0\" scrolling=\"NO\" allowfullscreen=\"allowfullscreen\"><\/iframe><\/p>\n<p><em>En una reciente entrevista televisada Gaber Asfour, ex-ministro de cultura egipcio, habl\u00f3 sobre la necesidad de reformar el pensamiento y discurso religioso. \u00abA menos que el discurso religioso sea renovado y reformado, no tengan dudas de que habr\u00e1 gente como el EIIS en cada vecindario\u00bb, dijo en la entrevista, que fue transmitida en el canal de televisi\u00f3n Al-Arabiya el 23 de junio, 2015.<\/em><\/p>\n<p><strong>Gaber Asfour<\/strong>: \u00abRespecto a reformar el discurso religioso, creo que necesit\u00e1bamos de un presidente como Abd Al-Fattah Al-Sisi, que se haga cargo de esta tarea, porque este tema es, en pocas palabras, un tema sobre seguridad nacional\u00bb.<\/p>\n<p><strong>Entrevistador<\/strong>: \u00ab\u00bfSeguridad nacional? \u00bfDe qu\u00e9 manera?\u00bb<\/p>\n<p><img loading=\"lazy\" decoding=\"async\" class=\"three-quarter-\" src=\"https:\/\/www.memri.org\/sites\/default\/files\/2022\/01\/sd9715k.png\" alt=\"\" width=\"1044\" height=\"742\" \/><\/p>\n<p><img loading=\"lazy\" decoding=\"async\" class=\"three-quarter-\" src=\"https:\/\/www.memri.org\/sites\/default\/files\/2022\/01\/sd9715l.png\" alt=\"\" width=\"1031\" height=\"740\" \/><\/p>\n<p><img loading=\"lazy\" decoding=\"async\" class=\"three-quarter-\" src=\"https:\/\/www.memri.org\/sites\/default\/files\/2022\/01\/sd9715m.png\" alt=\"\" width=\"880\" height=\"627\" \/><\/p>\n<p><strong>Asfour<\/strong>: \u00abS\u00ed. Le dir\u00e9 de qu\u00e9 manera. A menos que el discurso religioso sea renovado y reformado, no tenga usted la menor duda de que tendr\u00e1 gente tal como el EIIS en cada vecindario. Este es un tema de seguridad nacional. Este asunto amenaza al pa\u00eds. \u00c9chele un vistazo de cerca a los pa\u00edses \u00e1rabes. Considere a su vecino inmediato, Libia. \u00bfQu\u00e9 le sucedi\u00f3? \u00bfQu\u00e9 le sucedi\u00f3 a Sud\u00e1n? \u00bfA Siria? \u00bfA Irak? Todo lo que ha sucedido es resultado a la desviaci\u00f3n en el pensamiento religioso. Esta desviaci\u00f3n comienza con el cerebro, que da \u00f3rdenes a la mano, que, a su vez, perpetra asesinatos y terrorismo, comenzando con espadas y terminando con bombas.<\/p>\n<p>[&#8230;]<\/p>\n<p>\u00abAl-Azhar posee menos influencia sobre el llamado discurso religioso que todas las instituciones religiosas\u00bb.<\/p>\n<p><strong>Entrevistador<\/strong>: \u00abPero es Al-Azhar en donde supuestamente se grad\u00faan los predicadores moderados\u00bb.<\/p>\n<p><strong>Asfour<\/strong>: \u00abEso es muy cierto. Sin embargo, los predicadores reformistas que se grad\u00faan en Al-Azhar se han reducido y est\u00e1n muy distantes entre s\u00ed. Segundo, los predicadores que no se suscriben a Al-Azhar, sino a todo tipo de grupos salafistas, superan en gran medida a los predicadores de Al-Azhar. Por lo tanto, Al-Azhar no tiene la misma influencia que sol\u00edamos pensar ten\u00eda. Creo que el discurso salafista tiene mucha m\u00e1s influencia que el de Al-Azhar\u00bb.<\/p>\n<p><strong>Entrevistador<\/strong>: \u00ab\u00bfDentro de Al-Azhar?\u00bb<\/p>\n<p><strong>Asfour<\/strong>: \u00abNo, en Egipto en general.<\/p>\n<p>[&#8230;]<\/p>\n<p>\u201cSiempre digo que el tema del discurso religioso es, en \u00faltima instancia, un tema de cultura. El discurso religioso es parte del discurso cultural general. Mientras el discurso cultural general sea retrogrado, es natural que el discurso religioso sea retrogrado. Dado que la vida se renueva a si mismo constantemente, las normativas religiosas tambi\u00e9n deber\u00edan renovarse. Las normas religiosas son el efecto y (la vida) es la causa. Si la causa cambia, el efecto debe seguir su ejemplo. Tomemos, por ejemplo, el tema de las mujeres que optan por convertirse en jueces<\/p>\n<p>[&#8230;]<\/p>\n<p>\u00abLas mujeres que viven en esta \u00e9poca son totalmente diferentes de las mujeres que vivieron en los d\u00edas en que se formaron las escuelas de derecho isl\u00e1mico Shafi&#8217;i, Maliki y Hanbali. Esta premisa deber\u00eda tenerse en cuenta cuando uno debate si a la mujer se le deber\u00eda permitir convertirse en jueces. Los jurisprudentes en varios pa\u00edses \u00e1rabes han dicho esto y les permitieron a las mujeres convertirse en jueces. El resultado es que la mujer sirva como juez en muchos pa\u00edses \u00e1rabes, pero tal situaci\u00f3n se les niega en Egipto. \u00bfNo genera esto decepci\u00f3n? Las mujeres sirven como jueces en Sud\u00e1n, en T\u00fanez, en Argelia y creo, en Libia, pero no pueden convertirse en jueces en Egipto, siendo este pa\u00eds el l\u00edder del mundo \u00e1rabe. \u00bfNo es decepcionante tal situaci\u00f3n?<\/p>\n<hr \/>\n<p><a href=\"#_ednref1\" name=\"_edn1\">[1]<\/a> English.ahram.org.eg\/NewsContent\/18\/63\/454408\/Books\/News\/Renown-Arabic-Literature-professor-Gaber-Asfour-.aspx, 31 de diciembre, 2021.<\/p>\n<p><a href=\"#_ednref2\" name=\"_edn2\">[2]<\/a> Haaretz.com\/middle-east-news\/.premium-gaber-asfour-the-egyptian-cultural-frenemy-of-israel-1944-2021-1.10510855, 3 de enero, 2022.<\/p>\n","protected":false},"excerpt":{"rendered":"<p>El 31 de diciembre del 2021, el ex-ministro de Cultura egipcio y profesor de literatura \u00e1rabe Gaber Asfour falleci\u00f3 a los 77 a\u00f1os de edad.[1] Asfour se desempe\u00f1\u00f3 brevemente como ministro de Cultura de Egipto en el a\u00f1o 2011 bajo la presidencia de Hosni Mubarak y nuevamente entre los a\u00f1os 2014-2015 bajo la presidencia de [&hellip;]<\/p>\n","protected":false},"author":1,"featured_media":60644,"comment_status":"open","ping_status":"open","sticky":false,"template":"","format":"standard","meta":{"footnotes":""},"categories":[4,19,6,18,2],"tags":[],"class_list":["post-60643","post","type-post","status-publish","format-standard","has-post-thumbnail","hentry","category-archivos","category-egipto","category-comunicados-especiales","category-paises","category-featured"],"_links":{"self":[{"href":"https:\/\/www2.memri.org\/espanol\/wp-json\/wp\/v2\/posts\/60643","targetHints":{"allow":["GET"]}}],"collection":[{"href":"https:\/\/www2.memri.org\/espanol\/wp-json\/wp\/v2\/posts"}],"about":[{"href":"https:\/\/www2.memri.org\/espanol\/wp-json\/wp\/v2\/types\/post"}],"author":[{"embeddable":true,"href":"https:\/\/www2.memri.org\/espanol\/wp-json\/wp\/v2\/users\/1"}],"replies":[{"embeddable":true,"href":"https:\/\/www2.memri.org\/espanol\/wp-json\/wp\/v2\/comments?post=60643"}],"version-history":[{"count":0,"href":"https:\/\/www2.memri.org\/espanol\/wp-json\/wp\/v2\/posts\/60643\/revisions"}],"wp:featuredmedia":[{"embeddable":true,"href":"https:\/\/www2.memri.org\/espanol\/wp-json\/wp\/v2\/media\/60644"}],"wp:attachment":[{"href":"https:\/\/www2.memri.org\/espanol\/wp-json\/wp\/v2\/media?parent=60643"}],"wp:term":[{"taxonomy":"category","embeddable":true,"href":"https:\/\/www2.memri.org\/espanol\/wp-json\/wp\/v2\/categories?post=60643"},{"taxonomy":"post_tag","embeddable":true,"href":"https:\/\/www2.memri.org\/espanol\/wp-json\/wp\/v2\/tags?post=60643"}],"curies":[{"name":"wp","href":"https:\/\/api.w.org\/{rel}","templated":true}]}}