{"id":60611,"date":"2022-01-06T13:38:25","date_gmt":"2022-01-06T17:38:25","guid":{"rendered":"https:\/\/www2.memri.org\/espanol\/?p=60611"},"modified":"2022-01-07T13:55:38","modified_gmt":"2022-01-07T17:55:38","slug":"tienda-de-maniquies-decapitados-en-afganistan-en-concordancia-con-las-ordenes-de-los-talibanes","status":"publish","type":"post","link":"https:\/\/www2.memri.org\/espanol\/tienda-de-maniquies-decapitados-en-afganistan-en-concordancia-con-las-ordenes-de-los-talibanes\/60611","title":{"rendered":"Tienda de maniqu\u00edes &#8216;decapitados&#8217; en Afganist\u00e1n, en concordancia con las \u00f3rdenes de los talibanes"},"content":{"rendered":"<p><em>En un video subido a la aplicaci\u00f3n Twitter el 3 de enero, 2022 se pudo observar a individuos en Afganist\u00e1n serruchando las cabezas de maniqu\u00edes de tiendas. Seg\u00fan informes, esto fue hecho de acuerdo a las \u00f3rdenes de los talibanes de quitarles las cabezas a los maniqu\u00edes porque son estatuas que est\u00e1n siendo adoradas, lo cual est\u00e1 prohibido por el islam. El video fue subido al portal Twitter por Natik Malikzada.<\/em><\/p>\n<p><strong>Para ver el video de la decapitaci\u00f3n de maniqu\u00edes en el portal MEMRI TV, <a href=\"https:\/\/www.memri.org\/tv\/taliban-afghanistan-orders-behead-shop-mannequins\">pulse aqu\u00ed<\/a> o debajo.<\/strong><\/p>\n<p><iframe src=\"https:\/\/www.memri.org\/player\/clip\/54944\/1\/1\" width=\"960\" height=\"540\" frameborder=\"0\" scrolling=\"NO\" allowfullscreen=\"allowfullscreen\" data-mce-fragment=\"1\"><\/iframe><\/p>\n<p><img loading=\"lazy\" decoding=\"async\" class=\"three-quarter-\" src=\"https:\/\/www.memri.org\/sites\/default\/files\/2021\/MTV9282_0.JPG\" alt=\"\" width=\"722\" height=\"390\" \/><\/p>\n<p><img loading=\"lazy\" decoding=\"async\" class=\"three-quarter-\" src=\"https:\/\/www.memri.org\/sites\/default\/files\/2021\/MTV92821_1.JPG\" alt=\"\" width=\"696\" height=\"370\" \/><\/p>\n<p><img loading=\"lazy\" decoding=\"async\" class=\"three-quarter-\" src=\"https:\/\/www.memri.org\/sites\/default\/files\/2021\/MTV9282a.JPG\" alt=\"\" width=\"729\" height=\"395\" \/><\/p>\n<p><img loading=\"lazy\" decoding=\"async\" class=\"three-quarter-\" src=\"https:\/\/www.memri.org\/sites\/default\/files\/2021\/MTV92822_1.JPG\" alt=\"\" width=\"719\" height=\"380\" \/><\/p>\n","protected":false},"excerpt":{"rendered":"<p>En un video subido a la aplicaci\u00f3n Twitter el 3 de enero, 2022 se pudo observar a individuos en Afganist\u00e1n serruchando las cabezas de maniqu\u00edes de tiendas. Seg\u00fan informes, esto fue hecho de acuerdo a las \u00f3rdenes de los talibanes de quitarles las cabezas a los maniqu\u00edes porque son estatuas que est\u00e1n siendo adoradas, lo [&hellip;]<\/p>\n","protected":false},"author":1,"featured_media":60612,"comment_status":"open","ping_status":"open","sticky":false,"template":"","format":"standard","meta":{"footnotes":""},"categories":[4,6,18,2,29],"tags":[],"class_list":["post-60611","post","type-post","status-publish","format-standard","has-post-thumbnail","hentry","category-archivos","category-comunicados-especiales","category-paises","category-featured","category-africa-del-norte"],"_links":{"self":[{"href":"https:\/\/www2.memri.org\/espanol\/wp-json\/wp\/v2\/posts\/60611","targetHints":{"allow":["GET"]}}],"collection":[{"href":"https:\/\/www2.memri.org\/espanol\/wp-json\/wp\/v2\/posts"}],"about":[{"href":"https:\/\/www2.memri.org\/espanol\/wp-json\/wp\/v2\/types\/post"}],"author":[{"embeddable":true,"href":"https:\/\/www2.memri.org\/espanol\/wp-json\/wp\/v2\/users\/1"}],"replies":[{"embeddable":true,"href":"https:\/\/www2.memri.org\/espanol\/wp-json\/wp\/v2\/comments?post=60611"}],"version-history":[{"count":0,"href":"https:\/\/www2.memri.org\/espanol\/wp-json\/wp\/v2\/posts\/60611\/revisions"}],"wp:featuredmedia":[{"embeddable":true,"href":"https:\/\/www2.memri.org\/espanol\/wp-json\/wp\/v2\/media\/60612"}],"wp:attachment":[{"href":"https:\/\/www2.memri.org\/espanol\/wp-json\/wp\/v2\/media?parent=60611"}],"wp:term":[{"taxonomy":"category","embeddable":true,"href":"https:\/\/www2.memri.org\/espanol\/wp-json\/wp\/v2\/categories?post=60611"},{"taxonomy":"post_tag","embeddable":true,"href":"https:\/\/www2.memri.org\/espanol\/wp-json\/wp\/v2\/tags?post=60611"}],"curies":[{"name":"wp","href":"https:\/\/api.w.org\/{rel}","templated":true}]}}